{"id":75621,"date":"2016-11-29T09:02:17","date_gmt":"2016-11-29T12:02:17","guid":{"rendered":"http:\/\/www.eltrabajo.cl\/portal\/?p=75621"},"modified":"2016-11-29T09:02:17","modified_gmt":"2016-11-29T12:02:17","slug":"desalmado-entro-de-madrugada-a-robar-especies-sagradas-a-capilla-san-pedro-nolasco","status":"publish","type":"post","link":"https:\/\/eltrabajo.cl\/portal\/desalmado-entro-de-madrugada-a-robar-especies-sagradas-a-capilla-san-pedro-nolasco\/","title":{"rendered":"Desalmado entr\u00f3 de madrugada a robar especies sagradas a Capilla San Pedro Nolasco"},"content":{"rendered":"<ul>\n<li><strong><span style=\"color: #ff0000;\">Testigo alert\u00f3 a Carabineros siendo detenido:<\/span>\u00a0El imputado fue detenido en plena flagrancia por la polic\u00eda uniformada en el templo ubicado en la Villa San Camilo de San Felipe.<\/strong><\/li>\n<\/ul>\n<p>Gracias a un testigo que denunci\u00f3 telef\u00f3nicamente ante Carabineros, se logr\u00f3 frustrar un robo de especies sagradas, desde la Capilla San Pedro Nolasco emplazada en la Villa San Camilo de San Felipe, en horas de la madrugada de este s\u00e1bado, concret\u00e1ndose la detenci\u00f3n de un sujeto de 23 a\u00f1os de edad.<br \/>\nEl delito se origin\u00f3 pasadas las 05:30 horas de la madrugada, luego que un transe\u00fante que circulaba por dicho conjunto habitacional, escuch\u00f3 ruidos provenientes desde el interior de la Capilla, observando a un sujeto que se encontraba en el interior, requiriendo la presencia de Carabineros en el lugar.<br \/>\nLos efectivos policiales al ingresar al interior del espacio de oraci\u00f3n, lograron individualizar al ladr\u00f3n quien escapaba con una caja entre sus manos, la que arroj\u00f3 al suelo para intentar fugarse por el cierre perimetral, sin embargo los uniformados lograron arrestarlo para continuar las diligencias.<br \/>\nAl revisar las dependencias se logr\u00f3 establecer que el imputado escal\u00f3 un muro para luego romper un vidrio del ventanal, y as\u00ed ingresar a la sacrist\u00eda de la Capilla y apoderarse de una caja de bronce, utilizada para almacenar ostias y una patena lit\u00fargica del mismo material, avaluadas en $130.000.<br \/>\nEl encargado del templo, avalu\u00f3 los da\u00f1os al ventanal y la pandereta en la suma de $80.000. El imputado fue individualizado con las iniciales F.J.L.A. de 23 a\u00f1os de edad, quien no cuenta con antecedentes delictuales anteriores.<br \/>\nSu detenci\u00f3n, fue controlada en el Juzgado de Garant\u00eda de San Felipe por el delito de robo en lugar no habitado y da\u00f1os, recuperando su libertad al t\u00e9rmino de la audiencia bajo condiciones de prohibici\u00f3n de acercarse a la Capilla por un plazo de 60 d\u00edas fijados para la investigaci\u00f3n del caso.<br \/>\n<strong>Pablo Salinas Sald\u00edas<\/strong><\/p>\n<figure id=\"attachment_75622\" aria-describedby=\"caption-attachment-75622\" style=\"width: 530px\" class=\"wp-caption alignleft\"><a href=\"http:\/\/www.eltrabajo.cl\/portal\/desalmado-entro-de-madrugada-a-robar-especies-sagradas-a-capilla-san-pedro-nolasco\/detenido-capilla\/\" rel=\"attachment wp-att-75622\"><img data-recalc-dims=\"1\" loading=\"lazy\" decoding=\"async\" class=\"size-full wp-image-75622\" src=\"https:\/\/i0.wp.com\/www.eltrabajo.cl\/portal\/wp-content\/uploads\/2016\/11\/DETENIDO-CAPILLA.jpg?resize=530%2C350\" alt=\"El imputado de 23 a\u00f1os de edad, fue detenido por Carabineros por el delito de robo al interior de la Capilla San Pedro Nolasco de San Felipe.\" width=\"530\" height=\"350\" srcset=\"https:\/\/i0.wp.com\/eltrabajo.cl\/portal\/wp-content\/uploads\/2016\/11\/DETENIDO-CAPILLA.jpg?w=530&amp;ssl=1 530w, https:\/\/i0.wp.com\/eltrabajo.cl\/portal\/wp-content\/uploads\/2016\/11\/DETENIDO-CAPILLA.jpg?resize=200%2C132&amp;ssl=1 200w, https:\/\/i0.wp.com\/eltrabajo.cl\/portal\/wp-content\/uploads\/2016\/11\/DETENIDO-CAPILLA.jpg?resize=300%2C198&amp;ssl=1 300w, https:\/\/i0.wp.com\/eltrabajo.cl\/portal\/wp-content\/uploads\/2016\/11\/DETENIDO-CAPILLA.jpg?resize=227%2C150&amp;ssl=1 227w, https:\/\/i0.wp.com\/eltrabajo.cl\/portal\/wp-content\/uploads\/2016\/11\/DETENIDO-CAPILLA.jpg?resize=400%2C264&amp;ssl=1 400w\" sizes=\"auto, (max-width: 530px) 100vw, 530px\" \/><\/a><figcaption id=\"caption-attachment-75622\" class=\"wp-caption-text\">El imputado de 23 a\u00f1os de edad, fue detenido por Carabineros por el delito de robo al interior de la Capilla San Pedro Nolasco de San Felipe.<\/figcaption><\/figure>\n","protected":false},"excerpt":{"rendered":"<p>Testigo alert\u00f3 a Carabineros siendo detenido:\u00a0El imputado fue detenido en plena flagrancia por la polic\u00eda uniformada en el templo ubicado en la Villa San Camilo de San Felipe. Gracias a un testigo&#8230;<\/p>\n","protected":false},"author":1,"featured_media":75622,"comment_status":"open","ping_status":"open","sticky":false,"template":"","format":"standard","meta":{"advanced_seo_description":"","jetpack_seo_html_title":"","jetpack_seo_noindex":false,"_jetpack_memberships_contains_paid_content":false,"footnotes":""},"categories":[21],"tags":[],"class_list":["post-75621","post","type-post","status-publish","format-standard","has-post-thumbnail","hentry","category-policial"],"jetpack_featured_media_url":"https:\/\/i0.wp.com\/eltrabajo.cl\/portal\/wp-content\/uploads\/2016\/11\/DETENIDO-CAPILLA.jpg?fit=530%2C350&ssl=1","jetpack_sharing_enabled":true,"jetpack_likes_enabled":true,"jetpack-related-posts":[],"_links":{"self":[{"href":"https:\/\/eltrabajo.cl\/portal\/wp-json\/wp\/v2\/posts\/75621","targetHints":{"allow":["GET"]}}],"collection":[{"href":"https:\/\/eltrabajo.cl\/portal\/wp-json\/wp\/v2\/posts"}],"about":[{"href":"https:\/\/eltrabajo.cl\/portal\/wp-json\/wp\/v2\/types\/post"}],"author":[{"embeddable":true,"href":"https:\/\/eltrabajo.cl\/portal\/wp-json\/wp\/v2\/users\/1"}],"replies":[{"embeddable":true,"href":"https:\/\/eltrabajo.cl\/portal\/wp-json\/wp\/v2\/comments?post=75621"}],"version-history":[{"count":0,"href":"https:\/\/eltrabajo.cl\/portal\/wp-json\/wp\/v2\/posts\/75621\/revisions"}],"wp:featuredmedia":[{"embeddable":true,"href":"https:\/\/eltrabajo.cl\/portal\/wp-json\/wp\/v2\/media\/75622"}],"wp:attachment":[{"href":"https:\/\/eltrabajo.cl\/portal\/wp-json\/wp\/v2\/media?parent=75621"}],"wp:term":[{"taxonomy":"category","embeddable":true,"href":"https:\/\/eltrabajo.cl\/portal\/wp-json\/wp\/v2\/categories?post=75621"},{"taxonomy":"post_tag","embeddable":true,"href":"https:\/\/eltrabajo.cl\/portal\/wp-json\/wp\/v2\/tags?post=75621"}],"curies":[{"name":"wp","href":"https:\/\/api.w.org\/{rel}","templated":true}]}}