{"id":75626,"date":"2016-11-29T09:20:47","date_gmt":"2016-11-29T12:20:47","guid":{"rendered":"http:\/\/www.eltrabajo.cl\/portal\/?p=75626"},"modified":"2016-11-29T09:20:48","modified_gmt":"2016-11-29T12:20:48","slug":"joven-de-16-anos-mato-a-su-padre-de-seis-punaladas-en-medio-de-discusion-familiar","status":"publish","type":"post","link":"https:\/\/eltrabajo.cl\/portal\/joven-de-16-anos-mato-a-su-padre-de-seis-punaladas-en-medio-de-discusion-familiar\/","title":{"rendered":"Joven de 16 a\u00f1os mat\u00f3 a su padre de seis pu\u00f1aladas en medio de discusi\u00f3n familiar"},"content":{"rendered":"<p><strong>CALLE LARGA.-<\/strong> Una horrenda tragedia se desat\u00f3 alrededor de las 22 horas de ayer al interior del condominio Los Maitenes de Calle Larga, donde un adolescente de 16 a\u00f1os dio muerte a su padre en medio de una discusi\u00f3n familiar.<br \/>\nEl hecho se produjo en el inmueble donde se encontraba el matrimonio junto a sus dos hijos y una tercera persona.<br \/>\nSeg\u00fan inform\u00f3 el Jefe (s) de la Brigada de Homicidios de la PDI, Subcomisario Hern\u00e1n Garc\u00eda, durante el altercado el adolescente tom\u00f3 un cuchillo y propin\u00f3 al menos seis estocadas en la zona tor\u00e1cica a su padre, quien falleci\u00f3 en el mismo lugar.<br \/>\nOtra persona que estaba junto al matrimonio tambi\u00e9n result\u00f3 con lesiones leves al tratar de intervenir en la disputa.<br \/>\nEl Subcomisario Garc\u00eda indic\u00f3 que si bien las causas que motivaron este parricidio est\u00e1n siendo investigadas, confirm\u00f3 que existir\u00eda un problema de violencia intrafamiliar cuyo desarrollo termin\u00f3 con este hecho de sangre.<br \/>\nAgreg\u00f3 que habr\u00eda un historial de violencia dom\u00e9stica, aunque no existen denuncias al respecto.<br \/>\nLa v\u00edctima fatal de este hecho de sangre fue identificada como Daniel Oneto Mu\u00f1oz, de 41 a\u00f1os, cuyo cuerpo fue levantado y remitido al Servicio M\u00e9dico Legal de San Felipe para realizarle las pericias de rigor.<br \/>\nEl procedimiento en el sitio del suceso de prolong\u00f3 hasta cerca de la 4:30 de la ma\u00f1ana, quedando a cargo tanto la Brigada de Homicidios de la PDI de Los Andes como el Laboratorio de Criminal\u00edstica (Lacrim) de Valpara\u00edso.<br \/>\nEl adolescente fue detenido por Carabineros y ser\u00eda puesto hoy a disposici\u00f3n del Tribunal de Garant\u00eda de Los Andes para el respectivo control de detenci\u00f3n.<\/p>\n<figure id=\"attachment_75627\" aria-describedby=\"caption-attachment-75627\" style=\"width: 530px\" class=\"wp-caption alignleft\"><a href=\"http:\/\/www.eltrabajo.cl\/portal\/joven-de-16-anos-mato-a-su-padre-de-seis-punaladas-en-medio-de-discusion-familiar\/los-maitenes\/\" rel=\"attachment wp-att-75627\"><img data-recalc-dims=\"1\" loading=\"lazy\" decoding=\"async\" class=\"size-full wp-image-75627\" src=\"https:\/\/i0.wp.com\/www.eltrabajo.cl\/portal\/wp-content\/uploads\/2016\/11\/los-maitenes.jpg?resize=530%2C316\" alt=\"El dram\u00e1tico caso de parricidio se desat\u00f3 al interior del condominio Los Maitenes de Calle Larga (Foto archivo)\" width=\"530\" height=\"316\" srcset=\"https:\/\/i0.wp.com\/eltrabajo.cl\/portal\/wp-content\/uploads\/2016\/11\/los-maitenes.jpg?w=530&amp;ssl=1 530w, https:\/\/i0.wp.com\/eltrabajo.cl\/portal\/wp-content\/uploads\/2016\/11\/los-maitenes.jpg?resize=200%2C119&amp;ssl=1 200w, https:\/\/i0.wp.com\/eltrabajo.cl\/portal\/wp-content\/uploads\/2016\/11\/los-maitenes.jpg?resize=300%2C179&amp;ssl=1 300w, https:\/\/i0.wp.com\/eltrabajo.cl\/portal\/wp-content\/uploads\/2016\/11\/los-maitenes.jpg?resize=252%2C150&amp;ssl=1 252w, https:\/\/i0.wp.com\/eltrabajo.cl\/portal\/wp-content\/uploads\/2016\/11\/los-maitenes.jpg?resize=400%2C238&amp;ssl=1 400w\" sizes=\"auto, (max-width: 530px) 100vw, 530px\" \/><\/a><figcaption id=\"caption-attachment-75627\" class=\"wp-caption-text\">El dram\u00e1tico caso de parricidio se desat\u00f3 al interior del condominio Los Maitenes de Calle Larga (Foto archivo)<\/figcaption><\/figure>\n","protected":false},"excerpt":{"rendered":"<p>CALLE LARGA.- Una horrenda tragedia se desat\u00f3 alrededor de las 22 horas de ayer al interior del condominio Los Maitenes de Calle Larga, donde un adolescente de 16 a\u00f1os dio muerte a&#8230;<\/p>\n","protected":false},"author":1,"featured_media":75627,"comment_status":"open","ping_status":"open","sticky":false,"template":"","format":"standard","meta":{"advanced_seo_description":"","jetpack_seo_html_title":"","jetpack_seo_noindex":false,"_jetpack_memberships_contains_paid_content":false,"footnotes":""},"categories":[21],"tags":[],"class_list":["post-75626","post","type-post","status-publish","format-standard","has-post-thumbnail","hentry","category-policial"],"jetpack_featured_media_url":"https:\/\/i0.wp.com\/eltrabajo.cl\/portal\/wp-content\/uploads\/2016\/11\/los-maitenes.jpg?fit=530%2C316&ssl=1","jetpack_sharing_enabled":true,"jetpack_likes_enabled":true,"jetpack-related-posts":[],"_links":{"self":[{"href":"https:\/\/eltrabajo.cl\/portal\/wp-json\/wp\/v2\/posts\/75626","targetHints":{"allow":["GET"]}}],"collection":[{"href":"https:\/\/eltrabajo.cl\/portal\/wp-json\/wp\/v2\/posts"}],"about":[{"href":"https:\/\/eltrabajo.cl\/portal\/wp-json\/wp\/v2\/types\/post"}],"author":[{"embeddable":true,"href":"https:\/\/eltrabajo.cl\/portal\/wp-json\/wp\/v2\/users\/1"}],"replies":[{"embeddable":true,"href":"https:\/\/eltrabajo.cl\/portal\/wp-json\/wp\/v2\/comments?post=75626"}],"version-history":[{"count":0,"href":"https:\/\/eltrabajo.cl\/portal\/wp-json\/wp\/v2\/posts\/75626\/revisions"}],"wp:featuredmedia":[{"embeddable":true,"href":"https:\/\/eltrabajo.cl\/portal\/wp-json\/wp\/v2\/media\/75627"}],"wp:attachment":[{"href":"https:\/\/eltrabajo.cl\/portal\/wp-json\/wp\/v2\/media?parent=75626"}],"wp:term":[{"taxonomy":"category","embeddable":true,"href":"https:\/\/eltrabajo.cl\/portal\/wp-json\/wp\/v2\/categories?post=75626"},{"taxonomy":"post_tag","embeddable":true,"href":"https:\/\/eltrabajo.cl\/portal\/wp-json\/wp\/v2\/tags?post=75626"}],"curies":[{"name":"wp","href":"https:\/\/api.w.org\/{rel}","templated":true}]}}