{"id":75630,"date":"2016-11-30T08:39:10","date_gmt":"2016-11-30T11:39:10","guid":{"rendered":"http:\/\/www.eltrabajo.cl\/portal\/?p=75630"},"modified":"2016-11-30T08:39:10","modified_gmt":"2016-11-30T11:39:10","slug":"artistas-locales-y-desafio-de-zumba-destacan-en-la-parrilla-que-la-municipalidad-de-san-felipe-preparo-para-vivir-la-teleton-2016","status":"publish","type":"post","link":"https:\/\/eltrabajo.cl\/portal\/artistas-locales-y-desafio-de-zumba-destacan-en-la-parrilla-que-la-municipalidad-de-san-felipe-preparo-para-vivir-la-teleton-2016\/","title":{"rendered":"Artistas locales y Desaf\u00edo de Zumba destacan en la parrilla que la Municipalidad de San Felipe prepar\u00f3 para vivir la Telet\u00f3n 2016"},"content":{"rendered":"<ul>\n<li><strong><span style=\"color: #ff0000;\">Actividades se desarrollar\u00e1n en Plaza C\u00edvica, comenzando el viernes a las 20 horas:<\/span>\u00a0Escuela Especial Sagrado Coraz\u00f3n, estar\u00e1 a cargo del espacio del s\u00e1bado 3 entre las 11 y 13 horas, mientras que un grupo de instructores de zumba, pretende reunir 500 personas con poleras rojas y globos blancos a partir de las 18.30 horas del mismo s\u00e1bado.<\/strong><\/li>\n<\/ul>\n<p>El administrador municipal de San Felipe, Patricio Gonz\u00e1lez invit\u00f3 a todos los sanfelipe\u00f1os, a participar de las distintas actividades art\u00edsticas que se han preparado en la comuna, con motivo de la realizaci\u00f3n de la Telet\u00f3n 2016, y que se desarrollar\u00e1n a partir de las 20 horas del viernes 2 de diciembre y el s\u00e1bado 3, desde las 11 de la ma\u00f1ana hasta la 1 hora del domingo, en la Plaza C\u00edvica de la comuna.<br \/>\nSeg\u00fan Gonz\u00e1lez, es necesario hacer honor al slogan \u2018El abrazo de Chile\u2019, que en esta oportunidad se ha escogido para llevar a cabo esta gran cruzada a nivel nacional, siendo San Felipe una de las comunas que se ha destacado por su gran aporte a esta instancia de solidaridad.<br \/>\n\u00abHacemos el llamado especialmente a las familias de la comuna, a los ni\u00f1os principalmente, que levanten a sus padres, que salgan a aportar los recursos que se requieren para financiar esta noble obra y, en esta oportunidad, vamos a tener muchas actividades entretenidas, zumba, baile entretenido, m\u00fasica, artistas y un sinn\u00famero de sorpresas, tenemos mucho entusiasmo de este a\u00f1o cumplir nuevamente con la meta y dejar en alto el nombre de San Felipe como una comuna solidaria que apoya este tipo de actividades\u00bb, enfatiz\u00f3 Gonz\u00e1lez.<br \/>\nPrecisamente, uno de los n\u00fameros fuertes de la jornada solidaria, ser\u00e1 la presentaci\u00f3n de un numeroso grupo de 24 instructores de zumba de todo el Valle de Aconcagua, que llevar\u00e1n a cabo un desaf\u00edo de zumba el s\u00e1bado desde las 18:30 horas.<br \/>\nPablo Osorio, profesor de Educaci\u00f3n F\u00edsica y destacado instructor de esta disciplina en la comuna, detall\u00f3 que \u00abnosotros no queremos tener nada que ver con el dinero, queremos invitar a las empresas locales de San Felipe, que yo s\u00e9 que de alguna manera hacen un aporte a la Telet\u00f3n, invitamos a que lo hagan durante esta actividad, el desaf\u00edo es s\u00faper simple: reunir a 500 personas en la Plaza C\u00edvica, con poleras rojas y globos blancos, a vivir la clase de zumba m\u00e1s grande del Valle de Aconcagua\u00bb, relat\u00f3 el profesional.<br \/>\nUno de los momentos especialmente emotivos de la extensa jornada solidaria, estar\u00e1 reservado para los ni\u00f1os de la Escuela Especial Sagrado Coraz\u00f3n, quienes estar\u00e1n encargados del espacio de 11 a 13 horas del d\u00eda s\u00e1bado.<br \/>\nViviana Alarc\u00f3n, encargada de convivencia escolar de este establecimiento, asegur\u00f3 que existe un compromiso absoluto con la causa, pues su comunidad escolar es beneficiaria directa de la Instituci\u00f3n de Rehabilitaci\u00f3n<br \/>\n\u00abSomos testigos de los logros de nuestros estudiantes, del apoyo que la Telet\u00f3n les otorga (\u2026) nosotros nos sentimos absolutamente comprometidos y por eso este a\u00f1o nuevamente estaremos con n\u00fameros art\u00edsticos, testimonios de nuestros apoderados, los cuales, son bien importantes porque son padres que saben de lo que est\u00e1n hablando, lo hacen desde el coraz\u00f3n y desde la raz\u00f3n\u00bb, puntualiz\u00f3 Alarc\u00f3n.<\/p>\n<figure id=\"attachment_75632\" aria-describedby=\"caption-attachment-75632\" style=\"width: 530px\" class=\"wp-caption alignleft\"><a href=\"http:\/\/www.eltrabajo.cl\/portal\/artistas-locales-y-desafio-de-zumba-destacan-en-la-parrilla-que-la-municipalidad-de-san-felipe-preparo-para-vivir-la-teleton-2016\/patricio-gonzalez-19\/\" rel=\"attachment wp-att-75632\"><img data-recalc-dims=\"1\" loading=\"lazy\" decoding=\"async\" class=\"size-full wp-image-75632\" src=\"https:\/\/i0.wp.com\/www.eltrabajo.cl\/portal\/wp-content\/uploads\/2016\/11\/PATRICIO-GONZALEZ-1.jpg?resize=530%2C350\" alt=\"El administrador municipal de San Felipe Patricio Gonz\u00e1lez (al centro), junto a Viviana Alarc\u00f3n, encargada de convivencia Escolar de la Escuela Especial Sagrado Coraz\u00f3n y Pablo Osorio, profesor de Educaci\u00f3n F\u00edsica y destacado instructor de zumba en la comuna.\" width=\"530\" height=\"350\" srcset=\"https:\/\/i0.wp.com\/eltrabajo.cl\/portal\/wp-content\/uploads\/2016\/11\/PATRICIO-GONZALEZ-1.jpg?w=530&amp;ssl=1 530w, https:\/\/i0.wp.com\/eltrabajo.cl\/portal\/wp-content\/uploads\/2016\/11\/PATRICIO-GONZALEZ-1.jpg?resize=200%2C132&amp;ssl=1 200w, https:\/\/i0.wp.com\/eltrabajo.cl\/portal\/wp-content\/uploads\/2016\/11\/PATRICIO-GONZALEZ-1.jpg?resize=300%2C198&amp;ssl=1 300w, https:\/\/i0.wp.com\/eltrabajo.cl\/portal\/wp-content\/uploads\/2016\/11\/PATRICIO-GONZALEZ-1.jpg?resize=227%2C150&amp;ssl=1 227w, https:\/\/i0.wp.com\/eltrabajo.cl\/portal\/wp-content\/uploads\/2016\/11\/PATRICIO-GONZALEZ-1.jpg?resize=400%2C264&amp;ssl=1 400w\" sizes=\"auto, (max-width: 530px) 100vw, 530px\" \/><\/a><figcaption id=\"caption-attachment-75632\" class=\"wp-caption-text\">El administrador municipal de San Felipe Patricio Gonz\u00e1lez (al centro), junto a Viviana Alarc\u00f3n, encargada de convivencia Escolar de la Escuela Especial Sagrado Coraz\u00f3n y Pablo Osorio, profesor de Educaci\u00f3n F\u00edsica y destacado instructor de zumba en la comuna.<\/figcaption><\/figure>\n","protected":false},"excerpt":{"rendered":"<p>Actividades se desarrollar\u00e1n en Plaza C\u00edvica, comenzando el viernes a las 20 horas:\u00a0Escuela Especial Sagrado Coraz\u00f3n, estar\u00e1 a cargo del espacio del s\u00e1bado 3 entre las 11 y 13 horas, mientras que&#8230;<\/p>\n","protected":false},"author":1,"featured_media":75632,"comment_status":"open","ping_status":"open","sticky":false,"template":"","format":"standard","meta":{"advanced_seo_description":"","jetpack_seo_html_title":"","jetpack_seo_noindex":false,"_jetpack_memberships_contains_paid_content":false,"footnotes":""},"categories":[1],"tags":[],"class_list":["post-75630","post","type-post","status-publish","format-standard","has-post-thumbnail","hentry","category-cronica"],"jetpack_featured_media_url":"https:\/\/i0.wp.com\/eltrabajo.cl\/portal\/wp-content\/uploads\/2016\/11\/PATRICIO-GONZALEZ-1.jpg?fit=530%2C350&ssl=1","jetpack_sharing_enabled":true,"jetpack_likes_enabled":true,"jetpack-related-posts":[],"_links":{"self":[{"href":"https:\/\/eltrabajo.cl\/portal\/wp-json\/wp\/v2\/posts\/75630","targetHints":{"allow":["GET"]}}],"collection":[{"href":"https:\/\/eltrabajo.cl\/portal\/wp-json\/wp\/v2\/posts"}],"about":[{"href":"https:\/\/eltrabajo.cl\/portal\/wp-json\/wp\/v2\/types\/post"}],"author":[{"embeddable":true,"href":"https:\/\/eltrabajo.cl\/portal\/wp-json\/wp\/v2\/users\/1"}],"replies":[{"embeddable":true,"href":"https:\/\/eltrabajo.cl\/portal\/wp-json\/wp\/v2\/comments?post=75630"}],"version-history":[{"count":0,"href":"https:\/\/eltrabajo.cl\/portal\/wp-json\/wp\/v2\/posts\/75630\/revisions"}],"wp:featuredmedia":[{"embeddable":true,"href":"https:\/\/eltrabajo.cl\/portal\/wp-json\/wp\/v2\/media\/75632"}],"wp:attachment":[{"href":"https:\/\/eltrabajo.cl\/portal\/wp-json\/wp\/v2\/media?parent=75630"}],"wp:term":[{"taxonomy":"category","embeddable":true,"href":"https:\/\/eltrabajo.cl\/portal\/wp-json\/wp\/v2\/categories?post=75630"},{"taxonomy":"post_tag","embeddable":true,"href":"https:\/\/eltrabajo.cl\/portal\/wp-json\/wp\/v2\/tags?post=75630"}],"curies":[{"name":"wp","href":"https:\/\/api.w.org\/{rel}","templated":true}]}}