{"id":75635,"date":"2016-11-30T08:44:08","date_gmt":"2016-11-30T11:44:08","guid":{"rendered":"http:\/\/www.eltrabajo.cl\/portal\/?p=75635"},"modified":"2016-11-30T08:44:08","modified_gmt":"2016-11-30T11:44:08","slug":"hasta-el-jueves-se-amplio-la-detencion-de-adolescente-que-mato-a-su-padre","status":"publish","type":"post","link":"https:\/\/eltrabajo.cl\/portal\/hasta-el-jueves-se-amplio-la-detencion-de-adolescente-que-mato-a-su-padre\/","title":{"rendered":"Hasta el jueves se ampli\u00f3 la detenci\u00f3n de adolescente que mat\u00f3 a su padre"},"content":{"rendered":"<ul>\n<li><strong>Abogado del joven dijo que eventualmente podr\u00eda haber existido una leg\u00edtima defensa.<\/strong><\/li>\n<\/ul>\n<p><strong>LOS ANDES.-<\/strong> A fin de poder llevar adelante una formalizaci\u00f3n con mayores antecedentes, el Tribunal de Garant\u00eda de Los Andes accedi\u00f3 a la solicitud del Ministerio P\u00fablico de ampliar hasta el d\u00eda jueves, la detenci\u00f3n del estudiante P.O.C. (16), quien la noche del lunes dio a muerte a su padre Daniel Oneto N\u00fa\u00f1ez, de seis pu\u00f1aladas, hecho ocurrido al interior de un inmueble del condominio Los Maitenes en Calle Larga.<br \/>\nEl fiscal jefe del Ministerio P\u00fablico de Los Andes, Ricardo Reinoso Varas, indic\u00f3 que se llev\u00f3 adelante la audiencia de control de detenci\u00f3n que fue declarada legal y se ampli\u00f3 \u00e9sta hasta el jueves a fin de llevar adelante diligencias que son necesarias en este tipo de casos.<br \/>\n\u201cLo que se ha podido dilucidar hasta el momento es que hubo una discusi\u00f3n al interior del inmueble y es en esa discusi\u00f3n en que gesta este hecho\u201d, indic\u00f3.<br \/>\nAgreg\u00f3 que una de las hip\u00f3tesis que debe confirmarse o descartarse es si el joven sali\u00f3 en defensa de su madre.<br \/>\nRespecto de un segundo sujeto que se encontraba en el domicilio de iniciales J.F.V.R. (31), el fiscal Reinoso dijo que tambi\u00e9n habr\u00eda participado en esta discusi\u00f3n resultando con lesiones menos graves por cortes en diversas partes del cuerpo.<br \/>\nReinoso, sostuvo que entre las diligencias que est\u00e1n pendientes, se encuentra el protocolo de autopsia, el informe de la Brigada de Homicidios y del Laboratorio de Criminal\u00edstica y tambi\u00e9n la declaraci\u00f3n del menor que ser\u00e1 tomada en la fiscal\u00eda.<br \/>\nSostuvo, que durante el per\u00edodo de ampliaci\u00f3n de la detenci\u00f3n, se deber\u00e1 verificar si hab\u00eda antecedentes de violencia intrafamiliar, as\u00ed como tambi\u00e9n de una supuesta infidelidad por parte de la pareja de la v\u00edctima y madre del adolescente.<br \/>\nDijo que el sujeto que estaba en el domicilio era compa\u00f1ero de la v\u00edctima, en la misma \u00e1rea de trabajo en Andina.<\/p>\n<p><strong>LEG\u00cdTIMA DEFENSA<\/strong><br \/>\nPor su parte, el abogado del joven, Jos\u00e9 Villagr\u00e1n Reyes, explic\u00f3 que en la audiencia de control de detenci\u00f3n que fue declarada privada se solicit\u00f3 que el menor prestara declaraci\u00f3n respecto de los hechos acontecidos.<br \/>\nEl abogado Villagr\u00e1n, sostuvo que el supuesto actuar del joven en defensa de su madre, a quien la v\u00edctima habr\u00eda estado agrediendo f\u00edsicamente, ser\u00e1 materia de discusi\u00f3n y argumentaci\u00f3n en la audiencia de formalizaci\u00f3n.<br \/>\nAsimismo, precis\u00f3 que el tribunal autoriz\u00f3 que el adolescente pudiera salir desde el centro Lihu\u00e9n de Limache, donde esperar\u00e1 la audiencia para poder asistir al funeral de su padre.<br \/>\nAgreg\u00f3 que la ampliaci\u00f3n de la detenci\u00f3n, tiene que ver con buscar un contexto respecto de la forma en que ocurrieron los hechos y si hay situaciones de violencia intrafamiliar que expliquen el actuar del joven.<br \/>\nNo obstante, se\u00f1al\u00f3 que conforme los primeros antecedentes que maneja habr\u00eda existido una leg\u00edtima defensa por parte del joven.<\/p>\n<figure id=\"attachment_75636\" aria-describedby=\"caption-attachment-75636\" style=\"width: 300px\" class=\"wp-caption alignleft\"><a href=\"http:\/\/www.eltrabajo.cl\/portal\/hasta-el-jueves-se-amplio-la-detencion-de-adolescente-que-mato-a-su-padre\/jose-villagran-2\/\" rel=\"attachment wp-att-75636\"><img data-recalc-dims=\"1\" loading=\"lazy\" decoding=\"async\" class=\"size-medium wp-image-75636\" src=\"https:\/\/i0.wp.com\/www.eltrabajo.cl\/portal\/wp-content\/uploads\/2016\/11\/JOSE-VILLAGRAN-300x198.jpg?resize=300%2C198\" alt=\"Abogado del joven, Jos\u00e9 Villagr\u00e1n Reyes.\" width=\"300\" height=\"198\" srcset=\"https:\/\/i0.wp.com\/eltrabajo.cl\/portal\/wp-content\/uploads\/2016\/11\/JOSE-VILLAGRAN.jpg?resize=300%2C198&amp;ssl=1 300w, https:\/\/i0.wp.com\/eltrabajo.cl\/portal\/wp-content\/uploads\/2016\/11\/JOSE-VILLAGRAN.jpg?resize=200%2C132&amp;ssl=1 200w, https:\/\/i0.wp.com\/eltrabajo.cl\/portal\/wp-content\/uploads\/2016\/11\/JOSE-VILLAGRAN.jpg?resize=227%2C150&amp;ssl=1 227w, https:\/\/i0.wp.com\/eltrabajo.cl\/portal\/wp-content\/uploads\/2016\/11\/JOSE-VILLAGRAN.jpg?resize=400%2C264&amp;ssl=1 400w, https:\/\/i0.wp.com\/eltrabajo.cl\/portal\/wp-content\/uploads\/2016\/11\/JOSE-VILLAGRAN.jpg?w=530&amp;ssl=1 530w\" sizes=\"auto, (max-width: 300px) 100vw, 300px\" \/><\/a><figcaption id=\"caption-attachment-75636\" class=\"wp-caption-text\">Abogado del joven, Jos\u00e9 Villagr\u00e1n Reyes.<\/figcaption><\/figure>\n<figure id=\"attachment_75637\" aria-describedby=\"caption-attachment-75637\" style=\"width: 300px\" class=\"wp-caption alignleft\"><a href=\"http:\/\/www.eltrabajo.cl\/portal\/hasta-el-jueves-se-amplio-la-detencion-de-adolescente-que-mato-a-su-padre\/fiscal-reinoso\/\" rel=\"attachment wp-att-75637\"><img data-recalc-dims=\"1\" loading=\"lazy\" decoding=\"async\" class=\"size-medium wp-image-75637\" src=\"https:\/\/i0.wp.com\/www.eltrabajo.cl\/portal\/wp-content\/uploads\/2016\/11\/FISCAL-REINOSO--300x198.jpg?resize=300%2C198\" alt=\"El fiscal jefe del Ministerio P\u00fablico de Los Andes, Ricardo Reinoso Varas.\" width=\"300\" height=\"198\" srcset=\"https:\/\/i0.wp.com\/eltrabajo.cl\/portal\/wp-content\/uploads\/2016\/11\/FISCAL-REINOSO-.jpg?resize=300%2C198&amp;ssl=1 300w, https:\/\/i0.wp.com\/eltrabajo.cl\/portal\/wp-content\/uploads\/2016\/11\/FISCAL-REINOSO-.jpg?resize=200%2C132&amp;ssl=1 200w, https:\/\/i0.wp.com\/eltrabajo.cl\/portal\/wp-content\/uploads\/2016\/11\/FISCAL-REINOSO-.jpg?resize=228%2C150&amp;ssl=1 228w, https:\/\/i0.wp.com\/eltrabajo.cl\/portal\/wp-content\/uploads\/2016\/11\/FISCAL-REINOSO-.jpg?resize=400%2C263&amp;ssl=1 400w, https:\/\/i0.wp.com\/eltrabajo.cl\/portal\/wp-content\/uploads\/2016\/11\/FISCAL-REINOSO-.jpg?w=530&amp;ssl=1 530w\" sizes=\"auto, (max-width: 300px) 100vw, 300px\" \/><\/a><figcaption id=\"caption-attachment-75637\" class=\"wp-caption-text\">El fiscal jefe del Ministerio P\u00fablico de Los Andes, Ricardo Reinoso Varas.<\/figcaption><\/figure>\n","protected":false},"excerpt":{"rendered":"<p>Abogado del joven dijo que eventualmente podr\u00eda haber existido una leg\u00edtima defensa. LOS ANDES.- A fin de poder llevar adelante una formalizaci\u00f3n con mayores antecedentes, el Tribunal de Garant\u00eda de Los Andes&#8230;<\/p>\n","protected":false},"author":1,"featured_media":75637,"comment_status":"open","ping_status":"open","sticky":false,"template":"","format":"standard","meta":{"advanced_seo_description":"","jetpack_seo_html_title":"","jetpack_seo_noindex":false,"_jetpack_memberships_contains_paid_content":false,"footnotes":""},"categories":[21],"tags":[],"class_list":["post-75635","post","type-post","status-publish","format-standard","has-post-thumbnail","hentry","category-policial"],"jetpack_featured_media_url":"https:\/\/i0.wp.com\/eltrabajo.cl\/portal\/wp-content\/uploads\/2016\/11\/FISCAL-REINOSO-.jpg?fit=530%2C349&ssl=1","jetpack_sharing_enabled":true,"jetpack_likes_enabled":true,"jetpack-related-posts":[],"_links":{"self":[{"href":"https:\/\/eltrabajo.cl\/portal\/wp-json\/wp\/v2\/posts\/75635","targetHints":{"allow":["GET"]}}],"collection":[{"href":"https:\/\/eltrabajo.cl\/portal\/wp-json\/wp\/v2\/posts"}],"about":[{"href":"https:\/\/eltrabajo.cl\/portal\/wp-json\/wp\/v2\/types\/post"}],"author":[{"embeddable":true,"href":"https:\/\/eltrabajo.cl\/portal\/wp-json\/wp\/v2\/users\/1"}],"replies":[{"embeddable":true,"href":"https:\/\/eltrabajo.cl\/portal\/wp-json\/wp\/v2\/comments?post=75635"}],"version-history":[{"count":0,"href":"https:\/\/eltrabajo.cl\/portal\/wp-json\/wp\/v2\/posts\/75635\/revisions"}],"wp:featuredmedia":[{"embeddable":true,"href":"https:\/\/eltrabajo.cl\/portal\/wp-json\/wp\/v2\/media\/75637"}],"wp:attachment":[{"href":"https:\/\/eltrabajo.cl\/portal\/wp-json\/wp\/v2\/media?parent=75635"}],"wp:term":[{"taxonomy":"category","embeddable":true,"href":"https:\/\/eltrabajo.cl\/portal\/wp-json\/wp\/v2\/categories?post=75635"},{"taxonomy":"post_tag","embeddable":true,"href":"https:\/\/eltrabajo.cl\/portal\/wp-json\/wp\/v2\/tags?post=75635"}],"curies":[{"name":"wp","href":"https:\/\/api.w.org\/{rel}","templated":true}]}}