{"id":75640,"date":"2016-11-30T08:46:36","date_gmt":"2016-11-30T11:46:36","guid":{"rendered":"http:\/\/www.eltrabajo.cl\/portal\/?p=75640"},"modified":"2016-11-30T08:46:36","modified_gmt":"2016-11-30T11:46:36","slug":"por-un-chocolate-hermanos-se-enfrentan-a-golpes-a-guardias-de-supermercado","status":"publish","type":"post","link":"https:\/\/eltrabajo.cl\/portal\/por-un-chocolate-hermanos-se-enfrentan-a-golpes-a-guardias-de-supermercado\/","title":{"rendered":"Por un chocolate hermanos se enfrentan\u00a0a golpes a guardias de supermercado"},"content":{"rendered":"<ul>\n<li><strong><span style=\"color: #ff0000;\">Ambos imputados fueron detenidos en flagrancia por Carabineros:<\/span>\u00a0El hecho, caus\u00f3 conmoci\u00f3n entre los clientes del Supermercado Santa Isabel de calle Toro Mazote en San Felipe, requiriendo la presencia de Carabineros que patrullaba en el lugar.<\/strong><\/li>\n<\/ul>\n<p>Dos hermanos antisociales fueron detenidos por Carabineros luego de sostener un duro enfrentamiento a golpes con dos guardias del supermercado Santa Isabel que los reten\u00edan por el presunto hurto de un chocolate avaluado en $4.000.<br \/>\nEl hecho habr\u00eda ocurrido alrededor de las 17:40 horas de este domingo en el establecimiento comercial ubicado en la intersecci\u00f3n de calles Toro Mazote con Merced en San Felipe.<br \/>\nEl procedimiento policial se ejecut\u00f3 mientras Carabineros realizaba patrullajes preventivos por ese sector, siendo advertidos por clientes del supermercado, que informaron a la polic\u00eda de la violenta disputa en el local.<br \/>\nLos uniformados, al concurrir al lugar de los hechos, observaron a los guardias de seguridad enfrent\u00e1ndose a los sujetos que estaban siendo retenidos por el delito de hurto de especies, quienes requirieron el auxilio de Carabineros.<br \/>\nLos efectivos policiales constataron que los dos acusados habr\u00edan sustra\u00eddo sin cancelar en las cajas registradoras, una barra de chocolate marca Nestl\u00e9 avaluada en $4.000. A ra\u00edz de la retenci\u00f3n de los individuos, uno de los guardias result\u00f3 con una contusi\u00f3n en su mu\u00f1eca izquierda de car\u00e1cter leve.<br \/>\nLos imputados fueron identificados como los hermanos \u00cdtalo Eduardo Tapia Ahumada y V\u00edctor Alejandro Tapia Ahumada con antecedentes delictuales, fueron detenidos y derivados hasta el Juzgado de Garant\u00eda de San Felipe para ser requeridos por la Fiscal\u00eda en una pr\u00f3xima fecha de juicio simplificado.<br \/>\nAl t\u00e9rmino de la audiencia, los acusados fueron dejados en libertad bajo condiciones de firma mensual en Carabineros y la prohibici\u00f3n de acercarse a las v\u00edctimas.<br \/>\n<strong>Pablo Salinas Sald\u00edas<\/strong><\/p>\n<figure id=\"attachment_75641\" aria-describedby=\"caption-attachment-75641\" style=\"width: 530px\" class=\"wp-caption alignleft\"><a href=\"http:\/\/www.eltrabajo.cl\/portal\/por-un-chocolate-hermanos-se-enfrentan-a-golpes-a-guardias-de-supermercado\/detenidos-hermanos\/\" rel=\"attachment wp-att-75641\"><img data-recalc-dims=\"1\" loading=\"lazy\" decoding=\"async\" class=\"size-full wp-image-75641\" src=\"https:\/\/i0.wp.com\/www.eltrabajo.cl\/portal\/wp-content\/uploads\/2016\/11\/DETENIDOS-HERMANOS.jpg?resize=530%2C349\" alt=\"Los dos implicados en el hurto fueron detenidos por Carabineros para ser derivados hasta el Juzgado de Garant\u00eda de San Felipe.\" width=\"530\" height=\"349\" srcset=\"https:\/\/i0.wp.com\/eltrabajo.cl\/portal\/wp-content\/uploads\/2016\/11\/DETENIDOS-HERMANOS.jpg?w=530&amp;ssl=1 530w, https:\/\/i0.wp.com\/eltrabajo.cl\/portal\/wp-content\/uploads\/2016\/11\/DETENIDOS-HERMANOS.jpg?resize=200%2C132&amp;ssl=1 200w, https:\/\/i0.wp.com\/eltrabajo.cl\/portal\/wp-content\/uploads\/2016\/11\/DETENIDOS-HERMANOS.jpg?resize=300%2C198&amp;ssl=1 300w, https:\/\/i0.wp.com\/eltrabajo.cl\/portal\/wp-content\/uploads\/2016\/11\/DETENIDOS-HERMANOS.jpg?resize=228%2C150&amp;ssl=1 228w, https:\/\/i0.wp.com\/eltrabajo.cl\/portal\/wp-content\/uploads\/2016\/11\/DETENIDOS-HERMANOS.jpg?resize=400%2C263&amp;ssl=1 400w\" sizes=\"auto, (max-width: 530px) 100vw, 530px\" \/><\/a><figcaption id=\"caption-attachment-75641\" class=\"wp-caption-text\">Los dos implicados en el hurto fueron detenidos por Carabineros para ser derivados hasta el Juzgado de Garant\u00eda de San Felipe.<\/figcaption><\/figure>\n","protected":false},"excerpt":{"rendered":"<p>Ambos imputados fueron detenidos en flagrancia por Carabineros:\u00a0El hecho, caus\u00f3 conmoci\u00f3n entre los clientes del Supermercado Santa Isabel de calle Toro Mazote en San Felipe, requiriendo la presencia de Carabineros que patrullaba&#8230;<\/p>\n","protected":false},"author":1,"featured_media":75641,"comment_status":"open","ping_status":"open","sticky":false,"template":"","format":"standard","meta":{"advanced_seo_description":"","jetpack_seo_html_title":"","jetpack_seo_noindex":false,"_jetpack_memberships_contains_paid_content":false,"footnotes":""},"categories":[21],"tags":[],"class_list":["post-75640","post","type-post","status-publish","format-standard","has-post-thumbnail","hentry","category-policial"],"jetpack_featured_media_url":"https:\/\/i0.wp.com\/eltrabajo.cl\/portal\/wp-content\/uploads\/2016\/11\/DETENIDOS-HERMANOS.jpg?fit=530%2C349&ssl=1","jetpack_sharing_enabled":true,"jetpack_likes_enabled":true,"jetpack-related-posts":[],"_links":{"self":[{"href":"https:\/\/eltrabajo.cl\/portal\/wp-json\/wp\/v2\/posts\/75640","targetHints":{"allow":["GET"]}}],"collection":[{"href":"https:\/\/eltrabajo.cl\/portal\/wp-json\/wp\/v2\/posts"}],"about":[{"href":"https:\/\/eltrabajo.cl\/portal\/wp-json\/wp\/v2\/types\/post"}],"author":[{"embeddable":true,"href":"https:\/\/eltrabajo.cl\/portal\/wp-json\/wp\/v2\/users\/1"}],"replies":[{"embeddable":true,"href":"https:\/\/eltrabajo.cl\/portal\/wp-json\/wp\/v2\/comments?post=75640"}],"version-history":[{"count":0,"href":"https:\/\/eltrabajo.cl\/portal\/wp-json\/wp\/v2\/posts\/75640\/revisions"}],"wp:featuredmedia":[{"embeddable":true,"href":"https:\/\/eltrabajo.cl\/portal\/wp-json\/wp\/v2\/media\/75641"}],"wp:attachment":[{"href":"https:\/\/eltrabajo.cl\/portal\/wp-json\/wp\/v2\/media?parent=75640"}],"wp:term":[{"taxonomy":"category","embeddable":true,"href":"https:\/\/eltrabajo.cl\/portal\/wp-json\/wp\/v2\/categories?post=75640"},{"taxonomy":"post_tag","embeddable":true,"href":"https:\/\/eltrabajo.cl\/portal\/wp-json\/wp\/v2\/tags?post=75640"}],"curies":[{"name":"wp","href":"https:\/\/api.w.org\/{rel}","templated":true}]}}