{"id":75644,"date":"2016-11-30T08:49:01","date_gmt":"2016-11-30T11:49:01","guid":{"rendered":"http:\/\/www.eltrabajo.cl\/portal\/?p=75644"},"modified":"2016-11-30T08:49:01","modified_gmt":"2016-11-30T11:49:01","slug":"cinco-anos-para-delincuentes-que-asaltaron-con-cuchillo-a-un-adulto-mayor","status":"publish","type":"post","link":"https:\/\/eltrabajo.cl\/portal\/cinco-anos-para-delincuentes-que-asaltaron-con-cuchillo-a-un-adulto-mayor\/","title":{"rendered":"Cinco a\u00f1os para delincuentes que asaltaron con cuchillo a un adulto mayor"},"content":{"rendered":"<p>Por el delito de robo con intimidaci\u00f3n, dos antisociales identificados como Luis Saravia Reinoso (32) y Mat\u00edas Iv\u00e1n Flores Molina (21) fueron condenados por el Tribunal Oral en Lo Penal de San Felipe a cumplir una pena de cinco a\u00f1os y un d\u00eda de c\u00e1rcel tras ser enjuiciados por robarle dinero a un adulto mayor en la comuna de Catemu.<br \/>\nEl caso que investig\u00f3 el fiscal Rodrigo Zapata Cuellar, elev\u00f3 las acusaciones en contra de los sujetos tras el episodio de terror que vivi\u00f3 la v\u00edctima de 67 a\u00f1os de edad, cuando los dos delincuentes irrumpieron de madrugada en su casa, quienes lo redujeron y lo amenazaron de muerte con un cuchillo, para robarle $384.000 en efectivo que manten\u00eda en su billetera, adem\u00e1s de otras especies, escapando con total tranquilidad de la vivienda ubicada en el sector El Array\u00e1n, en la comuna de Catemu.<br \/>\nEl adulto mayor posterior al delito, se dirigi\u00f3 con mucho temor hasta la Tenencia de Carabineros de esa localidad, manifestando a los uniformados los hechos en su domicilio ubicado en Calle Vieja, el 20 de abril de este a\u00f1o. El afectado detall\u00f3 que despert\u00f3 al escuchar ruidos provenientes de la cocina a eso de las 05:00 horas.<br \/>\nAl levantarse en medio de la oscuridad, se dirigi\u00f3 hasta esa dependencia y al encender la luz, se encontr\u00f3 cara a cara con los antisociales. En su relato explic\u00f3 que uno de ellos se abalanz\u00f3 sobre \u00e9l para reducirlo violentamente, mientras que el segundo antisocial tom\u00f3 un cuchillo para ponerlo en su cuello y amenazarlo de muerte.<br \/>\nAsimismo, observ\u00f3 como el segundo delincuente procedi\u00f3 a hurgar las dependencias de su casa en b\u00fasqueda de dinero, encontrando la billetera que conten\u00eda la cantidad antes se\u00f1alada.<br \/>\nLa v\u00edctima indic\u00f3, que a los pocos minutos, los sujetos huyeron llev\u00e1ndose una mochila, el dinero y su documentaci\u00f3n personal del lugar. Afligido, se dirigi\u00f3 de inmediato hasta la unidad policial para denunciar los sucesos, proporcionando las caracter\u00edsticas f\u00edsicas y de vestimentas de los antisociales, siendo ambos detenidos por este crimen.<br \/>\nTras la individualizaci\u00f3n de estos dos sujetos, uno de ellos confes\u00f3 haber dejado parte del dinero robado oculto en un poste de una luminaria p\u00fablica que logr\u00f3 ser recuperado y devuelto a su propietario que afortunadamente no result\u00f3 lesionado.<br \/>\n<strong>Pablo Salinas Sald\u00edas<\/strong><\/p>\n<figure id=\"attachment_75645\" aria-describedby=\"caption-attachment-75645\" style=\"width: 530px\" class=\"wp-caption alignleft\"><a href=\"http:\/\/www.eltrabajo.cl\/portal\/cinco-anos-para-delincuentes-que-asaltaron-con-cuchillo-a-un-adulto-mayor\/condenados-3\/\" rel=\"attachment wp-att-75645\"><img data-recalc-dims=\"1\" loading=\"lazy\" decoding=\"async\" class=\"size-full wp-image-75645\" src=\"https:\/\/i0.wp.com\/www.eltrabajo.cl\/portal\/wp-content\/uploads\/2016\/11\/CONDENADOS.jpg?resize=530%2C350\" alt=\"Los condenados Luis Saravia Reinoso (32) y Mat\u00edas Iv\u00e1n Flores Molina (21) fueron sentenciados a la pena de 5 a\u00f1os y un d\u00eda de c\u00e1rcel por el delito de robo con intimidaci\u00f3n ocurrido en Catemu el 20 de abril de este a\u00f1o. \" width=\"530\" height=\"350\" srcset=\"https:\/\/i0.wp.com\/eltrabajo.cl\/portal\/wp-content\/uploads\/2016\/11\/CONDENADOS.jpg?w=530&amp;ssl=1 530w, https:\/\/i0.wp.com\/eltrabajo.cl\/portal\/wp-content\/uploads\/2016\/11\/CONDENADOS.jpg?resize=200%2C132&amp;ssl=1 200w, https:\/\/i0.wp.com\/eltrabajo.cl\/portal\/wp-content\/uploads\/2016\/11\/CONDENADOS.jpg?resize=300%2C198&amp;ssl=1 300w, https:\/\/i0.wp.com\/eltrabajo.cl\/portal\/wp-content\/uploads\/2016\/11\/CONDENADOS.jpg?resize=227%2C150&amp;ssl=1 227w, https:\/\/i0.wp.com\/eltrabajo.cl\/portal\/wp-content\/uploads\/2016\/11\/CONDENADOS.jpg?resize=400%2C264&amp;ssl=1 400w\" sizes=\"auto, (max-width: 530px) 100vw, 530px\" \/><\/a><figcaption id=\"caption-attachment-75645\" class=\"wp-caption-text\">Los condenados Luis Saravia Reinoso (32) y Mat\u00edas Iv\u00e1n Flores Molina (21) fueron sentenciados a la pena de 5 a\u00f1os y un d\u00eda de c\u00e1rcel por el delito de robo con intimidaci\u00f3n ocurrido en Catemu el 20 de abril de este a\u00f1o.<\/figcaption><\/figure>\n","protected":false},"excerpt":{"rendered":"<p>Por el delito de robo con intimidaci\u00f3n, dos antisociales identificados como Luis Saravia Reinoso (32) y Mat\u00edas Iv\u00e1n Flores Molina (21) fueron condenados por el Tribunal Oral en Lo Penal de San&#8230;<\/p>\n","protected":false},"author":1,"featured_media":75645,"comment_status":"open","ping_status":"open","sticky":false,"template":"","format":"standard","meta":{"advanced_seo_description":"","jetpack_seo_html_title":"","jetpack_seo_noindex":false,"_jetpack_memberships_contains_paid_content":false,"footnotes":""},"categories":[21],"tags":[],"class_list":["post-75644","post","type-post","status-publish","format-standard","has-post-thumbnail","hentry","category-policial"],"jetpack_featured_media_url":"https:\/\/i0.wp.com\/eltrabajo.cl\/portal\/wp-content\/uploads\/2016\/11\/CONDENADOS.jpg?fit=530%2C350&ssl=1","jetpack_sharing_enabled":true,"jetpack_likes_enabled":true,"jetpack-related-posts":[],"_links":{"self":[{"href":"https:\/\/eltrabajo.cl\/portal\/wp-json\/wp\/v2\/posts\/75644","targetHints":{"allow":["GET"]}}],"collection":[{"href":"https:\/\/eltrabajo.cl\/portal\/wp-json\/wp\/v2\/posts"}],"about":[{"href":"https:\/\/eltrabajo.cl\/portal\/wp-json\/wp\/v2\/types\/post"}],"author":[{"embeddable":true,"href":"https:\/\/eltrabajo.cl\/portal\/wp-json\/wp\/v2\/users\/1"}],"replies":[{"embeddable":true,"href":"https:\/\/eltrabajo.cl\/portal\/wp-json\/wp\/v2\/comments?post=75644"}],"version-history":[{"count":0,"href":"https:\/\/eltrabajo.cl\/portal\/wp-json\/wp\/v2\/posts\/75644\/revisions"}],"wp:featuredmedia":[{"embeddable":true,"href":"https:\/\/eltrabajo.cl\/portal\/wp-json\/wp\/v2\/media\/75645"}],"wp:attachment":[{"href":"https:\/\/eltrabajo.cl\/portal\/wp-json\/wp\/v2\/media?parent=75644"}],"wp:term":[{"taxonomy":"category","embeddable":true,"href":"https:\/\/eltrabajo.cl\/portal\/wp-json\/wp\/v2\/categories?post=75644"},{"taxonomy":"post_tag","embeddable":true,"href":"https:\/\/eltrabajo.cl\/portal\/wp-json\/wp\/v2\/tags?post=75644"}],"curies":[{"name":"wp","href":"https:\/\/api.w.org\/{rel}","templated":true}]}}