{"id":75648,"date":"2016-11-30T08:55:55","date_gmt":"2016-11-30T11:55:55","guid":{"rendered":"http:\/\/www.eltrabajo.cl\/portal\/?p=75648"},"modified":"2016-11-30T08:55:55","modified_gmt":"2016-11-30T11:55:55","slug":"comision-medio-ambiente-gore-se-reunio-en-san-felipe-por-arenas-contaminadas","status":"publish","type":"post","link":"https:\/\/eltrabajo.cl\/portal\/comision-medio-ambiente-gore-se-reunio-en-san-felipe-por-arenas-contaminadas\/","title":{"rendered":"Comisi\u00f3n Medio Ambiente Gore se reuni\u00f3 en San Felipe por arenas contaminadas"},"content":{"rendered":"<ul>\n<li><strong>Se abord\u00f3 proyecto de traslado de arenas desde Vi\u00f1a del Mar al CTI La Hormiga:<\/strong><\/li>\n<\/ul>\n<p>El pr\u00f3ximo lunes 5 de diciembre, debiera conocerse el primer informe del Servicio de Evaluaci\u00f3n Ambiental, SEA, en el cual, se presentan observaciones de distintos entes gubernamentales, en torno al impacto que puede generar este traslado de material t\u00e9rreo.<br \/>\nCon la participaci\u00f3n de distintos actores sociales y pol\u00edticos, este martes, en el Sal\u00f3n de Honor de la Municipalidad de San Felipe, se desarroll\u00f3 una sesi\u00f3n extraordinaria de la Comisi\u00f3n de Medio Ambiente y Patrimonio del Gobierno Regional de Valpara\u00edso, Gore, con motivo de conocer mayores detalles respecto del Proyecto en que la Empresa GEA, pretende trasladar arenas contaminadas y depositarlas en el Centro de Tratamiento Integral, CTI, La Hormiga.<br \/>\nEsta reuni\u00f3n se genera a partir de la enorme preocupaci\u00f3n que ha despertado en la ciudadan\u00eda, la posibilidad de que San Felipe se transforme en dep\u00f3sito de material t\u00e9rreo contaminado con materiales pesados, provenientes de Vi\u00f1a del Mar y que pertenecen a Inmobiliaria Las Salinas. El proyecto durante estos d\u00edas se encuentra en la etapa de revisi\u00f3n de la declaraci\u00f3n de Impacto Ambiental presentada por GEA al Servicio de Evaluaci\u00f3n Ambiental, SEA, el cual tiene plazo hasta el pr\u00f3ximo lunes para emitir un primer informe con observaciones a este tema<\/p>\n<figure id=\"attachment_75650\" aria-describedby=\"caption-attachment-75650\" style=\"width: 300px\" class=\"wp-caption alignleft\"><a href=\"http:\/\/www.eltrabajo.cl\/portal\/comision-medio-ambiente-gore-se-reunio-en-san-felipe-por-arenas-contaminadas\/foto-2-director-del-sea-alberto-acuna-cerda\/\" rel=\"attachment wp-att-75650\"><img data-recalc-dims=\"1\" loading=\"lazy\" decoding=\"async\" class=\"size-medium wp-image-75650\" src=\"https:\/\/i0.wp.com\/www.eltrabajo.cl\/portal\/wp-content\/uploads\/2016\/11\/Foto-2-Director-del-SEA-Alberto-Acuna-Cerda-300x196.jpg?resize=300%2C196\" alt=\"Director del SEA, Regi\u00f3n de Valpara\u00edso, Alberto Acu\u00f1a Cerda.\" width=\"300\" height=\"196\" srcset=\"https:\/\/i0.wp.com\/eltrabajo.cl\/portal\/wp-content\/uploads\/2016\/11\/Foto-2-Director-del-SEA-Alberto-Acuna-Cerda.jpg?resize=300%2C196&amp;ssl=1 300w, https:\/\/i0.wp.com\/eltrabajo.cl\/portal\/wp-content\/uploads\/2016\/11\/Foto-2-Director-del-SEA-Alberto-Acuna-Cerda.jpg?resize=200%2C131&amp;ssl=1 200w, https:\/\/i0.wp.com\/eltrabajo.cl\/portal\/wp-content\/uploads\/2016\/11\/Foto-2-Director-del-SEA-Alberto-Acuna-Cerda.jpg?resize=230%2C150&amp;ssl=1 230w, https:\/\/i0.wp.com\/eltrabajo.cl\/portal\/wp-content\/uploads\/2016\/11\/Foto-2-Director-del-SEA-Alberto-Acuna-Cerda.jpg?resize=400%2C261&amp;ssl=1 400w, https:\/\/i0.wp.com\/eltrabajo.cl\/portal\/wp-content\/uploads\/2016\/11\/Foto-2-Director-del-SEA-Alberto-Acuna-Cerda.jpg?w=530&amp;ssl=1 530w\" sizes=\"auto, (max-width: 300px) 100vw, 300px\" \/><\/a><figcaption id=\"caption-attachment-75650\" class=\"wp-caption-text\">Director del SEA, Regi\u00f3n de Valpara\u00edso, Alberto Acu\u00f1a Cerda.<\/figcaption><\/figure>\n<p>As\u00ed lo dio a conocer el director del SEA, Regi\u00f3n de Valpara\u00edso, Alberto Acu\u00f1a Cerda, quien a la vez confirm\u00f3 que el documento se basa en las inquietudes y comentarios emanados de los 22 organismos consultados, entre ellos; las serem\u00edas de: Salud, Transporte, Medio Ambiente, Agricultura, Desarrollo Social; adem\u00e1s de la Municipalidad de San Felipe, el Gore, Conaf, SAG, entre otros.<br \/>\nSeg\u00fan inform\u00f3 Acu\u00f1a, junto con las observaciones realizadas por los organismos mencionados anteriormente, tambi\u00e9n se considera un proceso de participaci\u00f3n ciudadana, que podr\u00eda partir en unas dos semanas m\u00e1s y mediante el cual se elabora un anexo con puntualizaciones que tambi\u00e9n son remitidas al titular del proyecto (GEA)<br \/>\n\u201cNosotros debemos publicar una resoluci\u00f3n que da inicio al proceso, as\u00ed lo se\u00f1ala nuestra legislaci\u00f3n, es decir, constatamos que existen los requisitos para solicitar la participaci\u00f3n ciudadana, subimos la declaraci\u00f3n de impacto ambiental y luego se publica un extracto de esa resoluci\u00f3n en el Diario Oficial y en un diario de circulaci\u00f3n regional y\/local. A partir de esa fecha comienzan los 20 d\u00edas h\u00e1biles que dura el proceso\u201d, describi\u00f3 el profesional<br \/>\nRespecto al grado de incidencia que la ciudadan\u00eda tiene en la resoluci\u00f3n final, Acu\u00f1a fue tajante en se\u00f1alar que \u201cla participaci\u00f3n ciudadana no es un acto vinculante, los que toman la decisi\u00f3n de calificar o no un proyecto es la comisi\u00f3n de evaluaci\u00f3n y, por lo tanto, no las evaluaciones ciudadanas, nosotros recogemos estas observaciones y hacemos la ponderaci\u00f3n de las respuestas. Efectivamente, esto no se trata de un plebiscito, yo no les puedo decir otra cosa por efecto de populismo, sino que, la idea es saber la opini\u00f3n de la comunidad y c\u00f3mo les afecta el proyecto\u201d, expuso el profesional<br \/>\nEn cuanto a la oposici\u00f3n que encontr\u00f3 en los alcaldes de las distintas comunas y los representantes vecinales presentes en esta reuni\u00f3n, Acu\u00f1a reconoci\u00f3 que \u201chay una oposici\u00f3n por parte de los distintos sectores de la comunidad y por lo tanto, nosotros tenemos que analizar que todos los actores de la ciudadan\u00eda puedan participar informadamente de este proceso\u201d, a\u00f1adi\u00f3 el director Regional del SEA.<br \/>\nComo ya es sabido, una vez que la informaci\u00f3n se masific\u00f3, el proyecto encontr\u00f3 un duro rechazo por parte de la comunidad y de algunas autoridades locales, entre ellos el alcalde de San Felipe Patricio Freire, quien ratific\u00f3 el absoluto rechazo que existe desde el municipio, hacia un proyecto que puede significar el deterioro de la calidad de vida de los sanfelipe\u00f1os.<br \/>\n\u201cLa postura es clara, el Concejo Municipal y este alcalde est\u00e1n contra traer estas arenas contaminadas y bajo ning\u00fan punto de vista vamos a aceptar que esto se materialice, existe la posibilidad que se puedan contaminar las aguas, por lo tanto, todo el Valle de Aconcagua sale perjudicado\u201d, determin\u00f3 Freire.<br \/>\nAs\u00ed mismo, el edil entreg\u00f3 su opini\u00f3n respecto del actual funcionamiento que tienen algunas instituciones del Estado y lo obsoleta que resulta ser la legislaci\u00f3n chilena en algunos aspectos, manifestando que \u201cac\u00e1 hay un tema y es que los servicios p\u00fablicos est\u00e1n fallando, aprueban proyectos en perjuicio de las comunidades, como planta de Revisi\u00f3n T\u00e9cnica que fue aprobada, sin considerar la contaminaci\u00f3n que conlleva a sus alrededores. Adem\u00e1s existen resquicios que son utilizados para violar la ley y contaminar sin importar lo que piensen las comunidades, ah\u00ed es donde tenemos que poner coto (sic)\u201d, sentenci\u00f3 el alcalde sanfelipe\u00f1o.<\/p>\n<p><strong>OBSERVACIONES DE AGRICULTURA Y SALUD<\/strong><\/p>\n<figure id=\"attachment_75651\" aria-describedby=\"caption-attachment-75651\" style=\"width: 300px\" class=\"wp-caption alignleft\"><a href=\"http:\/\/www.eltrabajo.cl\/portal\/comision-medio-ambiente-gore-se-reunio-en-san-felipe-por-arenas-contaminadas\/foto-3-seremi-de-agricultura-ricardo-astorga\/\" rel=\"attachment wp-att-75651\"><img data-recalc-dims=\"1\" loading=\"lazy\" decoding=\"async\" class=\"size-medium wp-image-75651\" src=\"https:\/\/i0.wp.com\/www.eltrabajo.cl\/portal\/wp-content\/uploads\/2016\/11\/Foto-3-Seremi-de-Agricultura-Ricardo-Astorga-300x197.jpg?resize=300%2C197\" alt=\"Seremi de Agricultura de Valpara\u00edso, Ricardo Astorga.\" width=\"300\" height=\"197\" srcset=\"https:\/\/i0.wp.com\/eltrabajo.cl\/portal\/wp-content\/uploads\/2016\/11\/Foto-3-Seremi-de-Agricultura-Ricardo-Astorga.jpg?resize=300%2C197&amp;ssl=1 300w, https:\/\/i0.wp.com\/eltrabajo.cl\/portal\/wp-content\/uploads\/2016\/11\/Foto-3-Seremi-de-Agricultura-Ricardo-Astorga.jpg?resize=200%2C131&amp;ssl=1 200w, https:\/\/i0.wp.com\/eltrabajo.cl\/portal\/wp-content\/uploads\/2016\/11\/Foto-3-Seremi-de-Agricultura-Ricardo-Astorga.jpg?resize=228%2C150&amp;ssl=1 228w, https:\/\/i0.wp.com\/eltrabajo.cl\/portal\/wp-content\/uploads\/2016\/11\/Foto-3-Seremi-de-Agricultura-Ricardo-Astorga.jpg?resize=400%2C263&amp;ssl=1 400w, https:\/\/i0.wp.com\/eltrabajo.cl\/portal\/wp-content\/uploads\/2016\/11\/Foto-3-Seremi-de-Agricultura-Ricardo-Astorga.jpg?w=530&amp;ssl=1 530w\" sizes=\"auto, (max-width: 300px) 100vw, 300px\" \/><\/a><figcaption id=\"caption-attachment-75651\" class=\"wp-caption-text\">Seremi de Agricultura de Valpara\u00edso, Ricardo Astorga.<\/figcaption><\/figure>\n<p>El seremi de Agricultura de Valpara\u00edso, Ricardo Astorga, evalu\u00f3 de forma positiva esta instancia que permite dar a conocer a la comunidad c\u00f3mo se desarrollan los procesos en este tipo de situaciones y manifest\u00f3 que \u201cac\u00e1 hay que dejarle claro a los vecinos y vecinas que esto no est\u00e1 definido, no est\u00e1 votado, por lo tanto, tienen que estar tranquilos y seguir formando parte en la participaci\u00f3n ciudadana, donde van a poder entregar sus impresiones respecto de este proyecto que se quiere instalar ac\u00e1 en San Felipe\u201d, declar\u00f3 el ingeniero agr\u00f3nomo.<br \/>\nRespecto de cu\u00e1l es la participaci\u00f3n que su cartera tiene en este proceso y las principales aprehensiones que presentan en torno a la posible materializaci\u00f3n del proyecto, Astorga detall\u00f3 que \u201clo que hemos dicho nosotros es que no se entregan claramente los impactos que pueda tener esto en las aguas subterr\u00e1neas, ni tampoco en el entorno agr\u00edcola. Nosotros creemos que es importante que se diga si hay un impacto que pueda afectar a los vecinos, siempre luchamos porque la agricultura del sector no se vea afectada y en este caso, tambi\u00e9n queremos que el titular sea m\u00e1s claro en este punto\u201d, afirm\u00f3 el Seremi.<br \/>\n\u201cTenemos una postura de defensa de la actividad agr\u00edcola, por lo tanto siempre vamos a hacer reparos en ese sentido, ahora tambi\u00e9n decir, que estamos frente a una normativa, una legislaci\u00f3n que nos deja en una condici\u00f3n definida de lo que podemos hacer y decir nosotros como Ministerio\u201d, concluy\u00f3 Astorga.<\/p>\n<figure id=\"attachment_75652\" aria-describedby=\"caption-attachment-75652\" style=\"width: 300px\" class=\"wp-caption alignleft\"><a href=\"http:\/\/www.eltrabajo.cl\/portal\/comision-medio-ambiente-gore-se-reunio-en-san-felipe-por-arenas-contaminadas\/foto-4-seremi-de-salud-maria-graciela-astudillo\/\" rel=\"attachment wp-att-75652\"><img data-recalc-dims=\"1\" loading=\"lazy\" decoding=\"async\" class=\"size-medium wp-image-75652\" src=\"https:\/\/i0.wp.com\/www.eltrabajo.cl\/portal\/wp-content\/uploads\/2016\/11\/Foto-4-Seremi-de-Salud-Mar%C3%ADa-Graciela-Astudillo-300x198.jpg?resize=300%2C198\" alt=\"Seremi de Salud de Valpara\u00edso, Mar\u00eda Graciela Astudillo.\" width=\"300\" height=\"198\" srcset=\"https:\/\/i0.wp.com\/eltrabajo.cl\/portal\/wp-content\/uploads\/2016\/11\/Foto-4-Seremi-de-Salud-Mar%C3%ADa-Graciela-Astudillo.jpg?resize=300%2C198&amp;ssl=1 300w, https:\/\/i0.wp.com\/eltrabajo.cl\/portal\/wp-content\/uploads\/2016\/11\/Foto-4-Seremi-de-Salud-Mar%C3%ADa-Graciela-Astudillo.jpg?resize=200%2C132&amp;ssl=1 200w, https:\/\/i0.wp.com\/eltrabajo.cl\/portal\/wp-content\/uploads\/2016\/11\/Foto-4-Seremi-de-Salud-Mar%C3%ADa-Graciela-Astudillo.jpg?resize=228%2C150&amp;ssl=1 228w, https:\/\/i0.wp.com\/eltrabajo.cl\/portal\/wp-content\/uploads\/2016\/11\/Foto-4-Seremi-de-Salud-Mar%C3%ADa-Graciela-Astudillo.jpg?resize=400%2C263&amp;ssl=1 400w, https:\/\/i0.wp.com\/eltrabajo.cl\/portal\/wp-content\/uploads\/2016\/11\/Foto-4-Seremi-de-Salud-Mar%C3%ADa-Graciela-Astudillo.jpg?w=530&amp;ssl=1 530w\" sizes=\"auto, (max-width: 300px) 100vw, 300px\" \/><\/a><figcaption id=\"caption-attachment-75652\" class=\"wp-caption-text\">Seremi de Salud de Valpara\u00edso, Mar\u00eda Graciela Astudillo.<\/figcaption><\/figure>\n<p>A su vez, la Seremi de Salud de Valpara\u00edso, Mar\u00eda Graciela Astudillo, aclar\u00f3 que durante esta instancia no corresponde que los servicios p\u00fablicos se pronuncien a favor o en contra de alg\u00fan tipo de proyecto, pues la reuni\u00f3n no corresponde a una sesi\u00f3n formal del SEA.<br \/>\nSin embargo, Astudillo anunci\u00f3 que desde Salud se hicieron distintas observaciones a una declaraci\u00f3n de impacto ambiental que -seg\u00fan dijo- \u201ctenemos muchas dudas (\u2026) no queda claro, tal como lo dicen los vecinos, a qu\u00e9 material corresponde, si se trata de un residuo peligroso o no, por lo tanto, nuestro pronunciamiento hasta el d\u00eda de hoy, tiene esas dudas y nosotros tendremos que esperar el proceso legal, seguramente durante los pr\u00f3ximos d\u00edas la empresa va a responder, analizaremos esas respuestas para finalmente en una sesi\u00f3n del SEA, ver si esta declaraci\u00f3n se aprueba o se rechaza\u201d, plante\u00f3 la Seremi.<br \/>\nFinalmente Astudillo ratific\u00f3 que, en caso que la compa\u00f1\u00eda argumente que el material a trasladar no es peligroso, eso deber\u00e1 comprobarse con pruebas de laboratorio que as\u00ed lo demuestren.<br \/>\n\u201cAc\u00e1 nuestro objetivo principal es resguardar la salud de las personas, pero si un proyecto se aprueba o no, no depende de la opini\u00f3n de uno u otro servicio, sino que, c\u00f3mo la declaraci\u00f3n en este caso cumple o no cumple con la normativa vigente y hasta el momento, con los antecedentes que tenemos, no nos satisface la Declaraci\u00f3n de Impacto Ambiental\u201d, concluy\u00f3 Astudillo.<\/p>\n<figure id=\"attachment_75649\" aria-describedby=\"caption-attachment-75649\" style=\"width: 530px\" class=\"wp-caption alignleft\"><a href=\"http:\/\/www.eltrabajo.cl\/portal\/comision-medio-ambiente-gore-se-reunio-en-san-felipe-por-arenas-contaminadas\/foto-1-vecinos-dirigentes-alcalde\/\" rel=\"attachment wp-att-75649\"><img data-recalc-dims=\"1\" loading=\"lazy\" decoding=\"async\" class=\"size-full wp-image-75649\" src=\"https:\/\/i0.wp.com\/www.eltrabajo.cl\/portal\/wp-content\/uploads\/2016\/11\/Foto-1-VECINOS-DIRIGENTES-ALCALDE.jpg?resize=530%2C350\" alt=\"Vecinos, dirigentes y alcaldes de distintas comunas del Valle de Aconcagua, junto a autoridades regionales, participaron en Sesi\u00f3n de Comisi\u00f3n medioambiental del Gobierno Regional de Valpara\u00edso.\" width=\"530\" height=\"350\" srcset=\"https:\/\/i0.wp.com\/eltrabajo.cl\/portal\/wp-content\/uploads\/2016\/11\/Foto-1-VECINOS-DIRIGENTES-ALCALDE.jpg?w=530&amp;ssl=1 530w, https:\/\/i0.wp.com\/eltrabajo.cl\/portal\/wp-content\/uploads\/2016\/11\/Foto-1-VECINOS-DIRIGENTES-ALCALDE.jpg?resize=200%2C132&amp;ssl=1 200w, https:\/\/i0.wp.com\/eltrabajo.cl\/portal\/wp-content\/uploads\/2016\/11\/Foto-1-VECINOS-DIRIGENTES-ALCALDE.jpg?resize=300%2C198&amp;ssl=1 300w, https:\/\/i0.wp.com\/eltrabajo.cl\/portal\/wp-content\/uploads\/2016\/11\/Foto-1-VECINOS-DIRIGENTES-ALCALDE.jpg?resize=227%2C150&amp;ssl=1 227w, https:\/\/i0.wp.com\/eltrabajo.cl\/portal\/wp-content\/uploads\/2016\/11\/Foto-1-VECINOS-DIRIGENTES-ALCALDE.jpg?resize=400%2C264&amp;ssl=1 400w\" sizes=\"auto, (max-width: 530px) 100vw, 530px\" \/><\/a><figcaption id=\"caption-attachment-75649\" class=\"wp-caption-text\">Vecinos, dirigentes y alcaldes de distintas comunas del Valle de Aconcagua, junto a autoridades regionales, participaron en Sesi\u00f3n de Comisi\u00f3n medioambiental del Gobierno Regional de Valpara\u00edso.<\/figcaption><\/figure>\n","protected":false},"excerpt":{"rendered":"<p>Se abord\u00f3 proyecto de traslado de arenas desde Vi\u00f1a del Mar al CTI La Hormiga: El pr\u00f3ximo lunes 5 de diciembre, debiera conocerse el primer informe del Servicio de Evaluaci\u00f3n Ambiental, SEA,&#8230;<\/p>\n","protected":false},"author":1,"featured_media":75649,"comment_status":"open","ping_status":"open","sticky":false,"template":"","format":"standard","meta":{"advanced_seo_description":"","jetpack_seo_html_title":"","jetpack_seo_noindex":false,"_jetpack_memberships_contains_paid_content":false,"footnotes":""},"categories":[1],"tags":[],"class_list":["post-75648","post","type-post","status-publish","format-standard","has-post-thumbnail","hentry","category-cronica"],"jetpack_featured_media_url":"https:\/\/i0.wp.com\/eltrabajo.cl\/portal\/wp-content\/uploads\/2016\/11\/Foto-1-VECINOS-DIRIGENTES-ALCALDE.jpg?fit=530%2C350&ssl=1","jetpack_sharing_enabled":true,"jetpack_likes_enabled":true,"jetpack-related-posts":[],"_links":{"self":[{"href":"https:\/\/eltrabajo.cl\/portal\/wp-json\/wp\/v2\/posts\/75648","targetHints":{"allow":["GET"]}}],"collection":[{"href":"https:\/\/eltrabajo.cl\/portal\/wp-json\/wp\/v2\/posts"}],"about":[{"href":"https:\/\/eltrabajo.cl\/portal\/wp-json\/wp\/v2\/types\/post"}],"author":[{"embeddable":true,"href":"https:\/\/eltrabajo.cl\/portal\/wp-json\/wp\/v2\/users\/1"}],"replies":[{"embeddable":true,"href":"https:\/\/eltrabajo.cl\/portal\/wp-json\/wp\/v2\/comments?post=75648"}],"version-history":[{"count":0,"href":"https:\/\/eltrabajo.cl\/portal\/wp-json\/wp\/v2\/posts\/75648\/revisions"}],"wp:featuredmedia":[{"embeddable":true,"href":"https:\/\/eltrabajo.cl\/portal\/wp-json\/wp\/v2\/media\/75649"}],"wp:attachment":[{"href":"https:\/\/eltrabajo.cl\/portal\/wp-json\/wp\/v2\/media?parent=75648"}],"wp:term":[{"taxonomy":"category","embeddable":true,"href":"https:\/\/eltrabajo.cl\/portal\/wp-json\/wp\/v2\/categories?post=75648"},{"taxonomy":"post_tag","embeddable":true,"href":"https:\/\/eltrabajo.cl\/portal\/wp-json\/wp\/v2\/tags?post=75648"}],"curies":[{"name":"wp","href":"https:\/\/api.w.org\/{rel}","templated":true}]}}