{"id":75655,"date":"2016-11-30T08:58:10","date_gmt":"2016-11-30T11:58:10","guid":{"rendered":"http:\/\/www.eltrabajo.cl\/portal\/?p=75655"},"modified":"2016-11-30T08:58:10","modified_gmt":"2016-11-30T11:58:10","slug":"vecinos-de-algarrobal-destacan-rechazo-de-alcalde-freire-a-proyecto-de-traslado-de-arenas","status":"publish","type":"post","link":"https:\/\/eltrabajo.cl\/portal\/vecinos-de-algarrobal-destacan-rechazo-de-alcalde-freire-a-proyecto-de-traslado-de-arenas\/","title":{"rendered":"Vecinos de Algarrobal destacan rechazo de Alcalde Freire a proyecto de traslado de arenas"},"content":{"rendered":"<p>Tranquilos por un lado, contentos y en el aire quedaron los vecinos del Algarrobal tras la sesi\u00f3n de la Comisi\u00f3n Medioambiental del Gobierno Regional que se llev\u00f3 a efecto este martes en la ma\u00f1ana en el sal\u00f3n municipal de San Felipe.<br \/>\nAs\u00ed lo dio a conocer la presidenta de la Junta de Vecinos de Algarrobal Andrea Quijanes Uribe, quien dijo lo siguiente: \u201cPor un lado un poco de tranquilidad (\u2026) Freire se pronunci\u00f3 en total rechazo al traslado de la arena, lo que s\u00ed incertidumbre en el tema de los seremis que no se opusieron tajantemente, sino que se fueron por la tangente, diciendo que tienen pocos datos para opinar; en eso quedamos un poco en el aire. Pero contenta tambi\u00e9n porque hay harta gente como don Iv\u00e1n Reyes, Rolando Stevenson y don Mario que nos apoyan\u2026 vamos a seguir la lucha, nosotros pedimos participaci\u00f3n ciudadana con Fundaci\u00f3n Mi Patrimonio tambi\u00e9n, nosotros vamos a seguir en la lucha\u201d, indic\u00f3 Andrea Quijanes.<br \/>\nCabe recordar que el jueves pasado los vecinos de Algarrobal, Hacienda Quilpu\u00e9 protestaron por una hora contra el traslado de arenas al Valle.<\/p>\n<p><strong>ALCALDE FREIRE<\/strong><\/p>\n<figure id=\"attachment_75656\" aria-describedby=\"caption-attachment-75656\" style=\"width: 300px\" class=\"wp-caption alignleft\"><a href=\"http:\/\/www.eltrabajo.cl\/portal\/vecinos-de-algarrobal-destacan-rechazo-de-alcalde-freire-a-proyecto-de-traslado-de-arenas\/patricio-freire-18\/\" rel=\"attachment wp-att-75656\"><img data-recalc-dims=\"1\" loading=\"lazy\" decoding=\"async\" class=\"size-medium wp-image-75656\" src=\"https:\/\/i0.wp.com\/www.eltrabajo.cl\/portal\/wp-content\/uploads\/2016\/11\/Patricio-Freire-300x197.jpg?resize=300%2C197\" alt=\"El Alcalde Patricio Freire expres\u00f3 su rechazo al proyecto por el peligro que conlleva para el bienestar de los habitantes del Valle de Aconcagua.\" width=\"300\" height=\"197\" srcset=\"https:\/\/i0.wp.com\/eltrabajo.cl\/portal\/wp-content\/uploads\/2016\/11\/Patricio-Freire.jpg?resize=300%2C197&amp;ssl=1 300w, https:\/\/i0.wp.com\/eltrabajo.cl\/portal\/wp-content\/uploads\/2016\/11\/Patricio-Freire.jpg?resize=200%2C131&amp;ssl=1 200w, https:\/\/i0.wp.com\/eltrabajo.cl\/portal\/wp-content\/uploads\/2016\/11\/Patricio-Freire.jpg?resize=228%2C150&amp;ssl=1 228w, https:\/\/i0.wp.com\/eltrabajo.cl\/portal\/wp-content\/uploads\/2016\/11\/Patricio-Freire.jpg?resize=400%2C263&amp;ssl=1 400w, https:\/\/i0.wp.com\/eltrabajo.cl\/portal\/wp-content\/uploads\/2016\/11\/Patricio-Freire.jpg?w=530&amp;ssl=1 530w\" sizes=\"auto, (max-width: 300px) 100vw, 300px\" \/><\/a><figcaption id=\"caption-attachment-75656\" class=\"wp-caption-text\">El Alcalde Patricio Freire expres\u00f3 su rechazo al proyecto por el peligro que conlleva para el bienestar de los habitantes del Valle de Aconcagua.<\/figcaption><\/figure>\n<p>Mientras tanto, el Alcalde Patricio Freire se pronunci\u00f3 con respecto a este proyecto y lo hizo rechaz\u00e1ndolo.<br \/>\nSeg\u00fan se\u00f1al\u00f3 el edil, \u201cnosotros no estamos en condiciones de recibir residuos peligrosos que vayan en desmedro de la calidad de vida de los vecinos del Valle de Aconcagua, estamos en contra de todo lo que sea peligro para la ciudad de San Felipe, y tambi\u00e9n para el Valle de Aconcagua, especialmente para la exportaci\u00f3n de frutas\u201d.<br \/>\n<strong>&#8211; \u00bfSe opone usted a este proyecto?<\/strong><br \/>\n&#8211; \u201cPor supuesto, rotundamente oponerse a traer esta contaminaci\u00f3n al Valle de Aconcagua y peligros que contrae, no solamente para los vecinos sino que un tir\u00f3n de oreja para una empresa que debiera tener responsabilidad social y eso es algo que estamos esperando\u201d.<br \/>\nAl finalizar, el presidente de la Comisi\u00f3n, consejero Roberto Burgos, dijo que van a estar vigilantes de este proyecto.<\/p>\n","protected":false},"excerpt":{"rendered":"<p>Tranquilos por un lado, contentos y en el aire quedaron los vecinos del Algarrobal tras la sesi\u00f3n de la Comisi\u00f3n Medioambiental del Gobierno Regional que se llev\u00f3 a efecto este martes en&#8230;<\/p>\n","protected":false},"author":1,"featured_media":75656,"comment_status":"open","ping_status":"open","sticky":false,"template":"","format":"standard","meta":{"advanced_seo_description":"","jetpack_seo_html_title":"","jetpack_seo_noindex":false,"_jetpack_memberships_contains_paid_content":false,"footnotes":""},"categories":[1],"tags":[],"class_list":["post-75655","post","type-post","status-publish","format-standard","has-post-thumbnail","hentry","category-cronica"],"jetpack_featured_media_url":"https:\/\/i0.wp.com\/eltrabajo.cl\/portal\/wp-content\/uploads\/2016\/11\/Patricio-Freire.jpg?fit=530%2C348&ssl=1","jetpack_sharing_enabled":true,"jetpack_likes_enabled":true,"jetpack-related-posts":[],"_links":{"self":[{"href":"https:\/\/eltrabajo.cl\/portal\/wp-json\/wp\/v2\/posts\/75655","targetHints":{"allow":["GET"]}}],"collection":[{"href":"https:\/\/eltrabajo.cl\/portal\/wp-json\/wp\/v2\/posts"}],"about":[{"href":"https:\/\/eltrabajo.cl\/portal\/wp-json\/wp\/v2\/types\/post"}],"author":[{"embeddable":true,"href":"https:\/\/eltrabajo.cl\/portal\/wp-json\/wp\/v2\/users\/1"}],"replies":[{"embeddable":true,"href":"https:\/\/eltrabajo.cl\/portal\/wp-json\/wp\/v2\/comments?post=75655"}],"version-history":[{"count":0,"href":"https:\/\/eltrabajo.cl\/portal\/wp-json\/wp\/v2\/posts\/75655\/revisions"}],"wp:featuredmedia":[{"embeddable":true,"href":"https:\/\/eltrabajo.cl\/portal\/wp-json\/wp\/v2\/media\/75656"}],"wp:attachment":[{"href":"https:\/\/eltrabajo.cl\/portal\/wp-json\/wp\/v2\/media?parent=75655"}],"wp:term":[{"taxonomy":"category","embeddable":true,"href":"https:\/\/eltrabajo.cl\/portal\/wp-json\/wp\/v2\/categories?post=75655"},{"taxonomy":"post_tag","embeddable":true,"href":"https:\/\/eltrabajo.cl\/portal\/wp-json\/wp\/v2\/tags?post=75655"}],"curies":[{"name":"wp","href":"https:\/\/api.w.org\/{rel}","templated":true}]}}