{"id":75659,"date":"2016-11-30T09:03:18","date_gmt":"2016-11-30T12:03:18","guid":{"rendered":"http:\/\/www.eltrabajo.cl\/portal\/?p=75659"},"modified":"2016-11-30T09:12:06","modified_gmt":"2016-11-30T12:12:06","slug":"dictan-orden-de-arresto-en-contra-de-alcalde-de-rinconada-pedro-caballeria-diaz","status":"publish","type":"post","link":"https:\/\/eltrabajo.cl\/portal\/dictan-orden-de-arresto-en-contra-de-alcalde-de-rinconada-pedro-caballeria-diaz\/","title":{"rendered":"Dictan orden de arresto en contra de Alcalde de Rinconada, Pedro Caballer\u00eda"},"content":{"rendered":"<ul>\n<li><strong>Por no pago de indemnizaci\u00f3n de 10 millones de pesos:<\/strong><\/li>\n<\/ul>\n<p>Este lunes el Primer Juzgado de Letras de Los Andes dict\u00f3 una orden de arresto en contra del actual y reelecto Alcalde de Rinconada de Los Andes, Pedro Caballer\u00eda D\u00edaz, debido al no pago de una indemnizaci\u00f3n por 10 millones de pesos.<\/p>\n<figure id=\"attachment_75660\" aria-describedby=\"caption-attachment-75660\" style=\"width: 300px\" class=\"wp-caption alignleft\"><a href=\"http:\/\/www.eltrabajo.cl\/portal\/dictan-orden-de-arresto-en-contra-de-alcalde-de-rinconada-pedro-caballeria-diaz\/abogado-jose-villagran\/\" rel=\"attachment wp-att-75660\"><img data-recalc-dims=\"1\" loading=\"lazy\" decoding=\"async\" class=\"size-medium wp-image-75660\" src=\"https:\/\/i0.wp.com\/www.eltrabajo.cl\/portal\/wp-content\/uploads\/2016\/11\/Abogado-Jose-Villagran-300x198.jpg?resize=300%2C198\" alt=\"El Abogado Jos\u00e9 Villagr\u00e1n explic\u00f3 que el arresto es f\u00e1cil de evitar pagando la duma demandada.\" width=\"300\" height=\"198\" srcset=\"https:\/\/i0.wp.com\/eltrabajo.cl\/portal\/wp-content\/uploads\/2016\/11\/Abogado-Jose-Villagran.jpg?resize=300%2C198&amp;ssl=1 300w, https:\/\/i0.wp.com\/eltrabajo.cl\/portal\/wp-content\/uploads\/2016\/11\/Abogado-Jose-Villagran.jpg?resize=200%2C132&amp;ssl=1 200w, https:\/\/i0.wp.com\/eltrabajo.cl\/portal\/wp-content\/uploads\/2016\/11\/Abogado-Jose-Villagran.jpg?resize=227%2C150&amp;ssl=1 227w, https:\/\/i0.wp.com\/eltrabajo.cl\/portal\/wp-content\/uploads\/2016\/11\/Abogado-Jose-Villagran.jpg?resize=400%2C264&amp;ssl=1 400w, https:\/\/i0.wp.com\/eltrabajo.cl\/portal\/wp-content\/uploads\/2016\/11\/Abogado-Jose-Villagran.jpg?w=530&amp;ssl=1 530w\" sizes=\"auto, (max-width: 300px) 100vw, 300px\" \/><\/a><figcaption id=\"caption-attachment-75660\" class=\"wp-caption-text\">El Abogado Jos\u00e9 Villagr\u00e1n explic\u00f3 que el arresto es f\u00e1cil de evitar pagando la duma demandada.<\/figcaption><\/figure>\n<p>As\u00ed lo confirm\u00f3 el abogado demandante, Jos\u00e9 Villagr\u00e1n, quien se\u00f1al\u00f3 que el caso se remite a una negligencia m\u00e9dica cometida en el \u00abConsultorio de Rinconada, en que una usuaria result\u00f3 lesionada en un acto que entendemos es de negligencia m\u00e9dica, y como el municipio es el responsable civil de los errores con negligencia que cometen los m\u00e9dicos que trabajan en esos lugares, demandamos al municipio\u00bb.<br \/>\nSeg\u00fan explic\u00f3 Villagr\u00e1n, el tribunal conden\u00f3 al municipio a pagar una indemnizaci\u00f3n de 10 millones de pesos, pago que hasta el momento no se ha concretado por parte del Alcalde de la Municipalidad de Rinconada que es quien debe pagar esa suma.<br \/>\n\u00abCuando el Alcalde no paga -agreg\u00f3 Jos\u00e9 Villagr\u00e1n-, la ley me habilita a m\u00ed como abogado a pedir una orden de arresto hasta que pague. Ese es el contexto en que se da esta orden de detenci\u00f3n, que es en el marco de un juicio civil\u00bb.<br \/>\nCabe destacar que el caso corresponde a una mujer que acudi\u00f3 hasta el consultorio por un corte de cierta profundidad en un dedo, pero lamentablemente el m\u00e9dico que la atendi\u00f3 no realiz\u00f3 el tratamiento adecuado, ya que la mujer se hab\u00eda cortado el tend\u00f3n y el facultativo no procedi\u00f3 a suturar el tend\u00f3n. \u00abY cuando no te suturan un tend\u00f3n r\u00e1pidamente, lo que pasa es que el tend\u00f3n se seca y la movilidad de la extremidad se pierde, y ella perdi\u00f3 completamente la movilidad de su dedo \u00edndice debido a esa negligencia, la que fue corroborada m\u00e9dicamente hablando\u00bb, explic\u00f3 el abogado Jos\u00e9 Villagr\u00e1n.<br \/>\nEl procedimiento que sigue ahora es bastante sencillo, explic\u00f3 el jurista, pues se debe llamar \u00aba la polic\u00eda, la polic\u00eda la va a buscar al tribunal y van a detener al alcalde, me imagino que en estos d\u00edas. Ahora esto se puede parar f\u00e1cilmente. No sabemos en qu\u00e9 parada est\u00e1 el alcalde, pero no tiene muchas opciones en realidad, tiene que pagar\u00bb.<\/p>\n<figure id=\"attachment_75661\" aria-describedby=\"caption-attachment-75661\" style=\"width: 530px\" class=\"wp-caption alignleft\"><a href=\"http:\/\/www.eltrabajo.cl\/portal\/dictan-orden-de-arresto-en-contra-de-alcalde-de-rinconada-pedro-caballeria-diaz\/orden-de-arresto\/\" rel=\"attachment wp-att-75661\"><img data-recalc-dims=\"1\" loading=\"lazy\" decoding=\"async\" class=\"size-full wp-image-75661\" src=\"https:\/\/i0.wp.com\/www.eltrabajo.cl\/portal\/wp-content\/uploads\/2016\/11\/orden-de-arresto.jpg?resize=530%2C349\" alt=\"La orden fue dictada este lunes y contempla un arresto por tres d\u00edas para el Alcalde Pedro Caballer\u00eda.\" width=\"530\" height=\"349\" srcset=\"https:\/\/i0.wp.com\/eltrabajo.cl\/portal\/wp-content\/uploads\/2016\/11\/orden-de-arresto.jpg?w=530&amp;ssl=1 530w, https:\/\/i0.wp.com\/eltrabajo.cl\/portal\/wp-content\/uploads\/2016\/11\/orden-de-arresto.jpg?resize=200%2C132&amp;ssl=1 200w, https:\/\/i0.wp.com\/eltrabajo.cl\/portal\/wp-content\/uploads\/2016\/11\/orden-de-arresto.jpg?resize=300%2C198&amp;ssl=1 300w, https:\/\/i0.wp.com\/eltrabajo.cl\/portal\/wp-content\/uploads\/2016\/11\/orden-de-arresto.jpg?resize=228%2C150&amp;ssl=1 228w, https:\/\/i0.wp.com\/eltrabajo.cl\/portal\/wp-content\/uploads\/2016\/11\/orden-de-arresto.jpg?resize=400%2C263&amp;ssl=1 400w\" sizes=\"auto, (max-width: 530px) 100vw, 530px\" \/><\/a><figcaption id=\"caption-attachment-75661\" class=\"wp-caption-text\">La orden fue dictada este lunes y contempla un arresto por tres d\u00edas para el Alcalde Pedro Caballer\u00eda.<\/figcaption><\/figure>\n","protected":false},"excerpt":{"rendered":"<p>Por no pago de indemnizaci\u00f3n de 10 millones de pesos: Este lunes el Primer Juzgado de Letras de Los Andes dict\u00f3 una orden de arresto en contra del actual y reelecto Alcalde&#8230;<\/p>\n","protected":false},"author":1,"featured_media":75661,"comment_status":"open","ping_status":"open","sticky":false,"template":"","format":"standard","meta":{"advanced_seo_description":"","jetpack_seo_html_title":"","jetpack_seo_noindex":false,"_jetpack_memberships_contains_paid_content":false,"footnotes":""},"categories":[21],"tags":[],"class_list":["post-75659","post","type-post","status-publish","format-standard","has-post-thumbnail","hentry","category-policial"],"jetpack_featured_media_url":"https:\/\/i0.wp.com\/eltrabajo.cl\/portal\/wp-content\/uploads\/2016\/11\/orden-de-arresto.jpg?fit=530%2C349&ssl=1","jetpack_sharing_enabled":true,"jetpack_likes_enabled":true,"jetpack-related-posts":[],"_links":{"self":[{"href":"https:\/\/eltrabajo.cl\/portal\/wp-json\/wp\/v2\/posts\/75659","targetHints":{"allow":["GET"]}}],"collection":[{"href":"https:\/\/eltrabajo.cl\/portal\/wp-json\/wp\/v2\/posts"}],"about":[{"href":"https:\/\/eltrabajo.cl\/portal\/wp-json\/wp\/v2\/types\/post"}],"author":[{"embeddable":true,"href":"https:\/\/eltrabajo.cl\/portal\/wp-json\/wp\/v2\/users\/1"}],"replies":[{"embeddable":true,"href":"https:\/\/eltrabajo.cl\/portal\/wp-json\/wp\/v2\/comments?post=75659"}],"version-history":[{"count":0,"href":"https:\/\/eltrabajo.cl\/portal\/wp-json\/wp\/v2\/posts\/75659\/revisions"}],"wp:featuredmedia":[{"embeddable":true,"href":"https:\/\/eltrabajo.cl\/portal\/wp-json\/wp\/v2\/media\/75661"}],"wp:attachment":[{"href":"https:\/\/eltrabajo.cl\/portal\/wp-json\/wp\/v2\/media?parent=75659"}],"wp:term":[{"taxonomy":"category","embeddable":true,"href":"https:\/\/eltrabajo.cl\/portal\/wp-json\/wp\/v2\/categories?post=75659"},{"taxonomy":"post_tag","embeddable":true,"href":"https:\/\/eltrabajo.cl\/portal\/wp-json\/wp\/v2\/tags?post=75659"}],"curies":[{"name":"wp","href":"https:\/\/api.w.org\/{rel}","templated":true}]}}