{"id":75664,"date":"2016-11-30T09:07:20","date_gmt":"2016-11-30T12:07:20","guid":{"rendered":"http:\/\/www.eltrabajo.cl\/portal\/?p=75664"},"modified":"2016-11-30T09:07:20","modified_gmt":"2016-11-30T12:07:20","slug":"denuncian-a-guardia-de-seguridad-de-tribunal-por-acoso-laboral-y-sexual","status":"publish","type":"post","link":"https:\/\/eltrabajo.cl\/portal\/denuncian-a-guardia-de-seguridad-de-tribunal-por-acoso-laboral-y-sexual\/","title":{"rendered":"Denuncian a guardia de seguridad de tribunal por acoso laboral y sexual"},"content":{"rendered":"<ul>\n<li><strong><span style=\"color: #ff0000;\">Abogados y empleados aseguran estar hartos de sus malos tratos:<\/span>\u00a0La empresa que lo contrata rest\u00f3 importancia a nuestros llamados y se negaron a dar explicaciones del porqu\u00e9 no lo trasladan de puesto, pese a que abogados piden que sea trasladado. Entre las denuncias figura el tomar fotos a traseros de abogadas y procuradoras adem\u00e1s de pasarse los expedientes por sus genitales.<\/strong><\/li>\n<\/ul>\n<p>Una serie de confusos incidentes de tipo laboral y de convivencia en los que estar\u00eda incurriendo un guardia de seguridad del Juzgado de Letras de San Felipe, denunci\u00f3 hace alg\u00fan tiempo el presidente del Colegio de Abogados, Sergio Candia Ortiz, luego de recibir varios reclamos de abogados sanfelipe\u00f1os que concurren a esas dependencias regularmente, quienes aseguran que son maltratados verbalmente por parte del guardia Manuel Chaparro.<br \/>\nSi bien es cierto que este tema ya hab\u00eda sido dirimido hace meses, nuestro medio determin\u00f3 investigar la denuncia de una empleada de aseo de ese mismo tribunal, pues nos pareci\u00f3 inusual que siendo ella quien acus\u00f3 directamente a Chaparro por supuestos acosos y malos tratos hacia su persona (de lo que se determin\u00f3 realizar un Sumario al empleado de seguridad), resulta que a este empleado no se le aplic\u00f3 ninguna sanci\u00f3n, pero s\u00ed se despidi\u00f3 a la empleada de aseo, aunque su despido no fuera supuestamente con relaci\u00f3n al sumario.<\/p>\n<p><strong>LAS DENUNCIAS<\/strong><br \/>\nSeg\u00fan la denuncia hecha por el presidente del Colegio de Abogados, Sergio Candia Ortiz, a la Corte de Apelaciones, son varios los reclamos de personas distintas, los que ya est\u00e1n oficialmente estampados contra este guardia, \u00abesas son las denuncias que a m\u00ed me reportaron los colegas abogados, nunca recib\u00ed respuesta de nadie, creo que este se\u00f1or sigue en ese tribunal y pr\u00e1cticamente me despreocup\u00e9 de ese caso\u00bb, dijo Candia, quien se neg\u00f3 a ser fotografiado.<br \/>\n\u00abDenunci\u00f3 en primer lugar a dicho funcionario (Manuel Chaparro) la otra guardia de la misma empresa que es molestada permanentemente por este se\u00f1or y le impide trabajar de forma tranquila, ella refiere que este guardia le toma fotos a los traseros de las procuradoras, de los abogados y tambi\u00e9n fotograf\u00eda los expedientes en custodia (\u2026) Con todo, el denunciado ha tenido problemas con abogados como Paulina Fern\u00e1ndez, Mauricio Carrasco e Hip\u00f3lito Torrej\u00f3n (\u2026) Se solicita a V.S.I., que previo el estudio de los antecedentes, proceda a solicitar a la empresa Guard Services, que trasladen al mencionado guardia Manuel Chaparro, a otras dependencias que no sean el Primer Juzgado de San Felipe y que se asigne un nuevo funcionario\u00bb, reza en parte el documento enviado por Candia a la Corte.<\/p>\n<p><strong>CHAPARRO RESPONDE<\/strong><br \/>\nDiario El Trabajo habl\u00f3 con el guardia Mario Chaparro sobre estas denuncias, quien sostuvo: \u00abLo que pasa aqu\u00ed es un caso antiguo, la empresa para la que trabajo vino ac\u00e1 y qued\u00f3 en nada, la empresa habl\u00f3 con el magistrado y qued\u00f3 en nada, si a esta se\u00f1ora la desvincularon por su mal trabajo, yo no tengo que ver con su despido (\u2026) mi celular lo revisaron, yo no le tomo fotos a ning\u00fan documento de los tribunales, s\u00f3lo a p\u00e1ginas de La Biblia\u00bb.<br \/>\n<strong>&#8211; \u00bfUsted ten\u00eda mala convivencia con la empleada de aseo que despidieron y que te denunci\u00f3 semanas antes?<\/strong><br \/>\n&#8211; \u00abCada cual hac\u00edamos nuestro trabajo, esa se\u00f1ora no colocaba el anuncio de antideslizante, ella no lo pon\u00eda y yo la correg\u00eda, siempre ha sido as\u00ed en estos trabajos, si mi trabajo est\u00e1 mal evaluado, pues preg\u00fantenle a mis jefes\u00bb.<br \/>\nNuestro medio tom\u00f3 contacto con la empresa de seguridad, pero se nos indic\u00f3 que no nos dar\u00edan ni el tel\u00e9fono de Gerencia ni dato alguno a la prensa.<br \/>\n<strong>Roberto Gonz\u00e1lez Short<\/strong><\/p>\n<figure id=\"attachment_75665\" aria-describedby=\"caption-attachment-75665\" style=\"width: 530px\" class=\"wp-caption alignleft\"><a href=\"http:\/\/www.eltrabajo.cl\/portal\/denuncian-a-guardia-de-seguridad-de-tribunal-por-acoso-laboral-y-sexual\/documentos33\/\" rel=\"attachment wp-att-75665\"><img data-recalc-dims=\"1\" loading=\"lazy\" decoding=\"async\" class=\"size-full wp-image-75665\" src=\"https:\/\/i0.wp.com\/www.eltrabajo.cl\/portal\/wp-content\/uploads\/2016\/11\/Documentos33.jpg?resize=530%2C350\" alt=\"SIN RESPUESTA.- Este documento, con sus denuncias incluidas, nunca recibi\u00f3 respuesta por parte de las autoridades y empresa involucradas.\" width=\"530\" height=\"350\" srcset=\"https:\/\/i0.wp.com\/eltrabajo.cl\/portal\/wp-content\/uploads\/2016\/11\/Documentos33.jpg?w=530&amp;ssl=1 530w, https:\/\/i0.wp.com\/eltrabajo.cl\/portal\/wp-content\/uploads\/2016\/11\/Documentos33.jpg?resize=200%2C132&amp;ssl=1 200w, https:\/\/i0.wp.com\/eltrabajo.cl\/portal\/wp-content\/uploads\/2016\/11\/Documentos33.jpg?resize=300%2C198&amp;ssl=1 300w, https:\/\/i0.wp.com\/eltrabajo.cl\/portal\/wp-content\/uploads\/2016\/11\/Documentos33.jpg?resize=227%2C150&amp;ssl=1 227w, https:\/\/i0.wp.com\/eltrabajo.cl\/portal\/wp-content\/uploads\/2016\/11\/Documentos33.jpg?resize=400%2C264&amp;ssl=1 400w\" sizes=\"auto, (max-width: 530px) 100vw, 530px\" \/><\/a><figcaption id=\"caption-attachment-75665\" class=\"wp-caption-text\">SIN RESPUESTA.- Este documento, con sus denuncias incluidas, nunca recibi\u00f3 respuesta por parte de las autoridades y empresa involucradas.<\/figcaption><\/figure>\n<figure id=\"attachment_75666\" aria-describedby=\"caption-attachment-75666\" style=\"width: 530px\" class=\"wp-caption alignleft\"><a href=\"http:\/\/www.eltrabajo.cl\/portal\/denuncian-a-guardia-de-seguridad-de-tribunal-por-acoso-laboral-y-sexual\/letras1\/\" rel=\"attachment wp-att-75666\"><img data-recalc-dims=\"1\" loading=\"lazy\" decoding=\"async\" class=\"size-full wp-image-75666\" src=\"https:\/\/i0.wp.com\/www.eltrabajo.cl\/portal\/wp-content\/uploads\/2016\/11\/Letras1.jpg?resize=530%2C350\" alt=\"DUE\u00d1O Y SE\u00d1OR.- En este Tribunal de Letras labora Manuel Chaparro, quien hasta el momento permanece \u2018intocable\u2019, pese a que abogados y cercanos a \u00e9l solicitan a la empresa de seguridad Guard Services, que lo reubiquen.\" width=\"530\" height=\"350\" srcset=\"https:\/\/i0.wp.com\/eltrabajo.cl\/portal\/wp-content\/uploads\/2016\/11\/Letras1.jpg?w=530&amp;ssl=1 530w, https:\/\/i0.wp.com\/eltrabajo.cl\/portal\/wp-content\/uploads\/2016\/11\/Letras1.jpg?resize=200%2C132&amp;ssl=1 200w, https:\/\/i0.wp.com\/eltrabajo.cl\/portal\/wp-content\/uploads\/2016\/11\/Letras1.jpg?resize=300%2C198&amp;ssl=1 300w, https:\/\/i0.wp.com\/eltrabajo.cl\/portal\/wp-content\/uploads\/2016\/11\/Letras1.jpg?resize=227%2C150&amp;ssl=1 227w, https:\/\/i0.wp.com\/eltrabajo.cl\/portal\/wp-content\/uploads\/2016\/11\/Letras1.jpg?resize=400%2C264&amp;ssl=1 400w\" sizes=\"auto, (max-width: 530px) 100vw, 530px\" \/><\/a><figcaption id=\"caption-attachment-75666\" class=\"wp-caption-text\">DUE\u00d1O Y SE\u00d1OR.- En este Tribunal de Letras labora Manuel Chaparro, quien hasta el momento permanece \u2018intocable\u2019, pese a que abogados y cercanos a \u00e9l solicitan a la empresa de seguridad Guard Services, que lo reubiquen.<\/figcaption><\/figure>\n","protected":false},"excerpt":{"rendered":"<p>Abogados y empleados aseguran estar hartos de sus malos tratos:\u00a0La empresa que lo contrata rest\u00f3 importancia a nuestros llamados y se negaron a dar explicaciones del porqu\u00e9 no lo trasladan de puesto,&#8230;<\/p>\n","protected":false},"author":1,"featured_media":75666,"comment_status":"open","ping_status":"open","sticky":false,"template":"","format":"standard","meta":{"advanced_seo_description":"","jetpack_seo_html_title":"","jetpack_seo_noindex":false,"_jetpack_memberships_contains_paid_content":false,"footnotes":""},"categories":[21],"tags":[],"class_list":["post-75664","post","type-post","status-publish","format-standard","has-post-thumbnail","hentry","category-policial"],"jetpack_featured_media_url":"https:\/\/i0.wp.com\/eltrabajo.cl\/portal\/wp-content\/uploads\/2016\/11\/Letras1.jpg?fit=530%2C350&ssl=1","jetpack_sharing_enabled":true,"jetpack_likes_enabled":true,"jetpack-related-posts":[],"_links":{"self":[{"href":"https:\/\/eltrabajo.cl\/portal\/wp-json\/wp\/v2\/posts\/75664","targetHints":{"allow":["GET"]}}],"collection":[{"href":"https:\/\/eltrabajo.cl\/portal\/wp-json\/wp\/v2\/posts"}],"about":[{"href":"https:\/\/eltrabajo.cl\/portal\/wp-json\/wp\/v2\/types\/post"}],"author":[{"embeddable":true,"href":"https:\/\/eltrabajo.cl\/portal\/wp-json\/wp\/v2\/users\/1"}],"replies":[{"embeddable":true,"href":"https:\/\/eltrabajo.cl\/portal\/wp-json\/wp\/v2\/comments?post=75664"}],"version-history":[{"count":0,"href":"https:\/\/eltrabajo.cl\/portal\/wp-json\/wp\/v2\/posts\/75664\/revisions"}],"wp:featuredmedia":[{"embeddable":true,"href":"https:\/\/eltrabajo.cl\/portal\/wp-json\/wp\/v2\/media\/75666"}],"wp:attachment":[{"href":"https:\/\/eltrabajo.cl\/portal\/wp-json\/wp\/v2\/media?parent=75664"}],"wp:term":[{"taxonomy":"category","embeddable":true,"href":"https:\/\/eltrabajo.cl\/portal\/wp-json\/wp\/v2\/categories?post=75664"},{"taxonomy":"post_tag","embeddable":true,"href":"https:\/\/eltrabajo.cl\/portal\/wp-json\/wp\/v2\/tags?post=75664"}],"curies":[{"name":"wp","href":"https:\/\/api.w.org\/{rel}","templated":true}]}}