{"id":75669,"date":"2016-11-30T09:10:38","date_gmt":"2016-11-30T12:10:38","guid":{"rendered":"http:\/\/www.eltrabajo.cl\/portal\/?p=75669"},"modified":"2016-11-30T09:13:05","modified_gmt":"2016-11-30T12:13:05","slug":"delincuentes-logran-millonario-botin-en-relojes-de-exclusivas-marcas-de-joyeria-zenith","status":"publish","type":"post","link":"https:\/\/eltrabajo.cl\/portal\/delincuentes-logran-millonario-botin-en-relojes-de-exclusivas-marcas-de-joyeria-zenith\/","title":{"rendered":"Delincuentes logran millonario bot\u00edn en relojes de marcas de joyer\u00eda Zenith"},"content":{"rendered":"<ul>\n<li><strong>En interior del Mercado Municipal:<\/strong><\/li>\n<\/ul>\n<p>Alrededor de las 15:00 horas, durante el horario de almuerzo, cuatro sujetos que entraron sin preocuparse de la gente que se encontraba en el recinto, procedieron aparentemente con un combo a romper el vidrio de la vitrina en la Joyer\u00eda ZENITH ubicada al interior del Mercado Municipal de San Felipe, robando ocho relojes de alto costo.<br \/>\nSeg\u00fan Camilo Z\u00fa\u00f1iga, hijo del propietario, fueron los relojes m\u00e1s caros que ten\u00edan en la joyer\u00eda: \u00abOcho relojes espec\u00edficos, que eran los m\u00e1s caros que ten\u00edamos puestos en vitrina, m\u00e1s menos el aval\u00fao est\u00e1 en un mill\u00f3n trescientos mil pesos a un mill\u00f3n y medio se podr\u00eda decir\u00bb, sostuvo.<br \/>\nLo que cuentan las personas que a esa hora estaban en el Mercado Municipal, los delincuentes ven\u00edan solamente a robar a esa joyer\u00eda porque hab\u00eda un veh\u00edculo esperando afuera por calle Traslavi\u00f1a.<br \/>\n\u00abNosotros no pudimos hacer nada, nos avis\u00f3 un vecino por tel\u00e9fono cuando est\u00e1bamos en la casa, lo lamentable es que fue a plena luz del d\u00eda, cuando todas las fuentes de soda que hay dentro del mercado estaban repletas de gente. No quiero decir anecd\u00f3tica, pero s\u00ed una cuesti\u00f3n osada, porque llegaron solamente a eso\u2026 fue una cuesti\u00f3n de minutos\u00bb, dice Camilo.<br \/>\nLa v\u00edctima piensa que ten\u00edan estudiado el robo, porque les llama la atenci\u00f3n del por qu\u00e9 robar solo los relojes caros.<br \/>\nLos delincuentes se llevaron relojes marca CASIO, SEYKO 5, que son relojes autom\u00e1ticos, dos modelos que son edici\u00f3n limitada CASIO RED BULL, uno met\u00e1lico que es \u00fanico.<br \/>\nCuenta preocupado que \u00abuno queda con esa sensaci\u00f3n amarga de inseguridad de impotencia\u2026 no hay nadie a quien reclamarle, no s\u00e9 qu\u00e9 decir\u00bb, afirma Camilo.<br \/>\nReconoce que nadie hizo nada e incluso a una comerciante que es presidenta de los comerciantes, que tiene su local entrando por Traslavi\u00f1a, al momento de huir los delincuentes la insultaron.<br \/>\nPor esas casualidades de la vida, su padre cuando fue a cotizar el vidrio, encontr\u00f3 en el suelo en calle Navarro, un pedestal que sirve para colocar y exhibir los relojes.<\/p>\n<figure id=\"attachment_75670\" aria-describedby=\"caption-attachment-75670\" style=\"width: 530px\" class=\"wp-caption alignleft\"><a href=\"http:\/\/www.eltrabajo.cl\/portal\/delincuentes-logran-millonario-botin-en-relojes-de-exclusivas-marcas-de-joyeria-zenith\/camilo-zuniga-hijo-dueno-joyeria-zenith\/\" rel=\"attachment wp-att-75670\"><img data-recalc-dims=\"1\" loading=\"lazy\" decoding=\"async\" class=\"size-full wp-image-75670\" src=\"https:\/\/i0.wp.com\/www.eltrabajo.cl\/portal\/wp-content\/uploads\/2016\/11\/camilo-zu%C3%B1iga-hijo-due%C3%B1o-joyer%C3%ADa-zenith.jpg?resize=530%2C348\" alt=\"Camilo Z\u00fa\u00f1iga, hijo del propietario de Joyer\u00eda y Relojer\u00eda Zenith, en el local afectado.\" width=\"530\" height=\"348\" srcset=\"https:\/\/i0.wp.com\/eltrabajo.cl\/portal\/wp-content\/uploads\/2016\/11\/camilo-zu%C3%B1iga-hijo-due%C3%B1o-joyer%C3%ADa-zenith.jpg?w=530&amp;ssl=1 530w, https:\/\/i0.wp.com\/eltrabajo.cl\/portal\/wp-content\/uploads\/2016\/11\/camilo-zu%C3%B1iga-hijo-due%C3%B1o-joyer%C3%ADa-zenith.jpg?resize=200%2C131&amp;ssl=1 200w, https:\/\/i0.wp.com\/eltrabajo.cl\/portal\/wp-content\/uploads\/2016\/11\/camilo-zu%C3%B1iga-hijo-due%C3%B1o-joyer%C3%ADa-zenith.jpg?resize=300%2C197&amp;ssl=1 300w, https:\/\/i0.wp.com\/eltrabajo.cl\/portal\/wp-content\/uploads\/2016\/11\/camilo-zu%C3%B1iga-hijo-due%C3%B1o-joyer%C3%ADa-zenith.jpg?resize=228%2C150&amp;ssl=1 228w, https:\/\/i0.wp.com\/eltrabajo.cl\/portal\/wp-content\/uploads\/2016\/11\/camilo-zu%C3%B1iga-hijo-due%C3%B1o-joyer%C3%ADa-zenith.jpg?resize=400%2C263&amp;ssl=1 400w\" sizes=\"auto, (max-width: 530px) 100vw, 530px\" \/><\/a><figcaption id=\"caption-attachment-75670\" class=\"wp-caption-text\">Camilo Z\u00fa\u00f1iga, hijo del propietario de Joyer\u00eda y Relojer\u00eda Zenith, en el local afectado.<\/figcaption><\/figure>\n<figure id=\"attachment_75672\" aria-describedby=\"caption-attachment-75672\" style=\"width: 530px\" class=\"wp-caption alignleft\"><a href=\"http:\/\/www.eltrabajo.cl\/portal\/delincuentes-logran-millonario-botin-en-relojes-de-exclusivas-marcas-de-joyeria-zenith\/vitrina-2\/\" rel=\"attachment wp-att-75672\"><img data-recalc-dims=\"1\" loading=\"lazy\" decoding=\"async\" class=\"size-full wp-image-75672\" src=\"https:\/\/i0.wp.com\/www.eltrabajo.cl\/portal\/wp-content\/uploads\/2016\/11\/Vitrina-1.jpg?resize=530%2C349\" alt=\"Desde esta vitrina ya reparada los delincuentes robaron los relojes m\u00e1s caros.\" width=\"530\" height=\"349\" srcset=\"https:\/\/i0.wp.com\/eltrabajo.cl\/portal\/wp-content\/uploads\/2016\/11\/Vitrina-1.jpg?w=530&amp;ssl=1 530w, https:\/\/i0.wp.com\/eltrabajo.cl\/portal\/wp-content\/uploads\/2016\/11\/Vitrina-1.jpg?resize=200%2C132&amp;ssl=1 200w, https:\/\/i0.wp.com\/eltrabajo.cl\/portal\/wp-content\/uploads\/2016\/11\/Vitrina-1.jpg?resize=300%2C198&amp;ssl=1 300w, https:\/\/i0.wp.com\/eltrabajo.cl\/portal\/wp-content\/uploads\/2016\/11\/Vitrina-1.jpg?resize=228%2C150&amp;ssl=1 228w, https:\/\/i0.wp.com\/eltrabajo.cl\/portal\/wp-content\/uploads\/2016\/11\/Vitrina-1.jpg?resize=400%2C263&amp;ssl=1 400w\" sizes=\"auto, (max-width: 530px) 100vw, 530px\" \/><\/a><figcaption id=\"caption-attachment-75672\" class=\"wp-caption-text\">Desde esta vitrina ya reparada los delincuentes robaron los relojes m\u00e1s caros.<\/figcaption><\/figure>\n","protected":false},"excerpt":{"rendered":"<p>En interior del Mercado Municipal: Alrededor de las 15:00 horas, durante el horario de almuerzo, cuatro sujetos que entraron sin preocuparse de la gente que se encontraba en el recinto, procedieron aparentemente&#8230;<\/p>\n","protected":false},"author":1,"featured_media":75670,"comment_status":"open","ping_status":"open","sticky":false,"template":"","format":"standard","meta":{"advanced_seo_description":"","jetpack_seo_html_title":"","jetpack_seo_noindex":false,"_jetpack_memberships_contains_paid_content":false,"footnotes":""},"categories":[21],"tags":[],"class_list":["post-75669","post","type-post","status-publish","format-standard","has-post-thumbnail","hentry","category-policial"],"jetpack_featured_media_url":"https:\/\/i0.wp.com\/eltrabajo.cl\/portal\/wp-content\/uploads\/2016\/11\/camilo-zu%C3%B1iga-hijo-due%C3%B1o-joyer%C3%ADa-zenith.jpg?fit=530%2C348&ssl=1","jetpack_sharing_enabled":true,"jetpack_likes_enabled":true,"jetpack-related-posts":[],"_links":{"self":[{"href":"https:\/\/eltrabajo.cl\/portal\/wp-json\/wp\/v2\/posts\/75669","targetHints":{"allow":["GET"]}}],"collection":[{"href":"https:\/\/eltrabajo.cl\/portal\/wp-json\/wp\/v2\/posts"}],"about":[{"href":"https:\/\/eltrabajo.cl\/portal\/wp-json\/wp\/v2\/types\/post"}],"author":[{"embeddable":true,"href":"https:\/\/eltrabajo.cl\/portal\/wp-json\/wp\/v2\/users\/1"}],"replies":[{"embeddable":true,"href":"https:\/\/eltrabajo.cl\/portal\/wp-json\/wp\/v2\/comments?post=75669"}],"version-history":[{"count":0,"href":"https:\/\/eltrabajo.cl\/portal\/wp-json\/wp\/v2\/posts\/75669\/revisions"}],"wp:featuredmedia":[{"embeddable":true,"href":"https:\/\/eltrabajo.cl\/portal\/wp-json\/wp\/v2\/media\/75670"}],"wp:attachment":[{"href":"https:\/\/eltrabajo.cl\/portal\/wp-json\/wp\/v2\/media?parent=75669"}],"wp:term":[{"taxonomy":"category","embeddable":true,"href":"https:\/\/eltrabajo.cl\/portal\/wp-json\/wp\/v2\/categories?post=75669"},{"taxonomy":"post_tag","embeddable":true,"href":"https:\/\/eltrabajo.cl\/portal\/wp-json\/wp\/v2\/tags?post=75669"}],"curies":[{"name":"wp","href":"https:\/\/api.w.org\/{rel}","templated":true}]}}