{"id":75678,"date":"2016-12-01T08:31:42","date_gmt":"2016-12-01T11:31:42","guid":{"rendered":"http:\/\/www.eltrabajo.cl\/portal\/?p=75678"},"modified":"2016-12-01T08:31:42","modified_gmt":"2016-12-01T11:31:42","slug":"ciem-aconcagua-y-gobernacion-desarrollan-taller-de-construccion-sustentable","status":"publish","type":"post","link":"https:\/\/eltrabajo.cl\/portal\/ciem-aconcagua-y-gobernacion-desarrollan-taller-de-construccion-sustentable\/","title":{"rendered":"Ciem Aconcagua y Gobernaci\u00f3n desarrollan taller de construcci\u00f3n sustentable"},"content":{"rendered":"<ul>\n<li><strong><span style=\"color: #ff0000;\">Con la participaci\u00f3n de la comunidad:<\/span> El proyecto es realizado por el Ciem y Valle Resiliente y ense\u00f1aron t\u00e9cnicas de construcci\u00f3n en quincha, s\u00faperadobe y revestimientos o revoques naturales a los vecinos de Jahuel que participaron de esta innovadora iniciativa.<\/strong><\/li>\n<\/ul>\n<p>\u2018Mingas de Bioconstrucci\u00f3n: No hay conservaci\u00f3n sin comunidad\u2019 es el nombre del interesante e innovador proyecto que la corporaci\u00f3n Ciem Aconcagua y Valle Resiliente llevan adelante. Esta iniciativa busca incorporar capacidades y abrir nuevos campos de inter\u00e9s y acci\u00f3n social en los j\u00f3venes rurales de la localidad de Jahuel, mediante la participaci\u00f3n de los voluntarios, armarlos de herramientas y a la vez posibilitar la proyecci\u00f3n de futuras iniciativas en favor de la resiliencia y la sustentabilidad local.<br \/>\nDurante el \u00faltimo fin de semana, se desarroll\u00f3 el tercer taller. Oportunidad en la que se ense\u00f1\u00f3 t\u00e9cnicas de construcci\u00f3n en quincha, s\u00faperadobe y revestimientos o revoques naturales. \u201cLo que queremos es dar a conocer el rescate de las tradiciones constructivas de anta\u00f1o. Mostrarles una alternativa diferente a la construcci\u00f3n convencional, es menos da\u00f1ina y m\u00e1s amigable con el medioambiente y tambi\u00e9n ir generando mejores lazos con aquellos que queremos un futuro mejor para nuestro planeta\u201d sostuvo Mauricio, bioconstructor.<br \/>\nEn la ocasi\u00f3n, Felipe Beltrami, de Injuv, sostuvo que \u201cestamos apoyando este proyecto de sustentabilidad de Ciem. Estos m\u00e9todos naturales, que se pueden encontrar f\u00e1cilmente, podemos obtener materiales amigables con el medioambiente, que nos permite ayudar al entorno que est\u00e1 en constante peligro\u201d sostuvo el profesional.<br \/>\nEn tanto, el gobernador, Eduardo Le\u00f3n enfatiz\u00f3 que \u201clos temas ambientales son relevantes. Sabemos que hemos vivido una sequ\u00eda fuerte y todo indica que podr\u00eda repetirse, por lo que conocer estas t\u00e9cnicas, apuntar a un cambio de cultura y dise\u00f1os menos invasivos\u201d destac\u00f3 la autoridad.<br \/>\nEste proyecto, fue realizado con cofinanciamiento propio de $400 mil y aportes de Injuv por $1 mill\u00f3n, lo que ha servido para apoyar a beneficiarios indirectos, como la escuela Julio Tejedor que junto a sus ni\u00f1os y la Comunidad de Campo de Jahuel (conformada por 126 familias) se favorecer\u00e1n de la construcci\u00f3n de una sala de clases outdoor, constituy\u00e9ndose como una experiencia pionera en el Valle de Aconcagua.<\/p>\n<figure id=\"attachment_75679\" aria-describedby=\"caption-attachment-75679\" style=\"width: 530px\" class=\"wp-caption alignleft\"><a href=\"http:\/\/www.eltrabajo.cl\/portal\/ciem-aconcagua-y-gobernacion-desarrollan-taller-de-construccion-sustentable\/ciem-2\/\" rel=\"attachment wp-att-75679\"><img data-recalc-dims=\"1\" loading=\"lazy\" decoding=\"async\" class=\"size-full wp-image-75679\" src=\"https:\/\/i0.wp.com\/www.eltrabajo.cl\/portal\/wp-content\/uploads\/2016\/12\/CIEM.jpg?resize=530%2C350\" alt=\"Durante el \u00faltimo fin de semana, se desarroll\u00f3 el tercer taller. Oportunidad en la que se ense\u00f1\u00f3 t\u00e9cnicas de construcci\u00f3n en quincha, s\u00faperadobe y revestimientos o revoques naturales.\" width=\"530\" height=\"350\" srcset=\"https:\/\/i0.wp.com\/eltrabajo.cl\/portal\/wp-content\/uploads\/2016\/12\/CIEM.jpg?w=530&amp;ssl=1 530w, https:\/\/i0.wp.com\/eltrabajo.cl\/portal\/wp-content\/uploads\/2016\/12\/CIEM.jpg?resize=200%2C132&amp;ssl=1 200w, https:\/\/i0.wp.com\/eltrabajo.cl\/portal\/wp-content\/uploads\/2016\/12\/CIEM.jpg?resize=300%2C198&amp;ssl=1 300w, https:\/\/i0.wp.com\/eltrabajo.cl\/portal\/wp-content\/uploads\/2016\/12\/CIEM.jpg?resize=227%2C150&amp;ssl=1 227w, https:\/\/i0.wp.com\/eltrabajo.cl\/portal\/wp-content\/uploads\/2016\/12\/CIEM.jpg?resize=400%2C264&amp;ssl=1 400w\" sizes=\"auto, (max-width: 530px) 100vw, 530px\" \/><\/a><figcaption id=\"caption-attachment-75679\" class=\"wp-caption-text\">Durante el \u00faltimo fin de semana, se desarroll\u00f3 el tercer taller. Oportunidad en la que se ense\u00f1\u00f3 t\u00e9cnicas de construcci\u00f3n en quincha, s\u00faperadobe y revestimientos o revoques naturales.<\/figcaption><\/figure>\n","protected":false},"excerpt":{"rendered":"<p>Con la participaci\u00f3n de la comunidad: El proyecto es realizado por el Ciem y Valle Resiliente y ense\u00f1aron t\u00e9cnicas de construcci\u00f3n en quincha, s\u00faperadobe y revestimientos o revoques naturales a los vecinos&#8230;<\/p>\n","protected":false},"author":1,"featured_media":75679,"comment_status":"open","ping_status":"open","sticky":false,"template":"","format":"standard","meta":{"advanced_seo_description":"","jetpack_seo_html_title":"","jetpack_seo_noindex":false,"_jetpack_memberships_contains_paid_content":false,"footnotes":""},"categories":[1],"tags":[],"class_list":["post-75678","post","type-post","status-publish","format-standard","has-post-thumbnail","hentry","category-cronica"],"jetpack_featured_media_url":"https:\/\/i0.wp.com\/eltrabajo.cl\/portal\/wp-content\/uploads\/2016\/12\/CIEM.jpg?fit=530%2C350&ssl=1","jetpack_sharing_enabled":true,"jetpack_likes_enabled":true,"jetpack-related-posts":[],"_links":{"self":[{"href":"https:\/\/eltrabajo.cl\/portal\/wp-json\/wp\/v2\/posts\/75678","targetHints":{"allow":["GET"]}}],"collection":[{"href":"https:\/\/eltrabajo.cl\/portal\/wp-json\/wp\/v2\/posts"}],"about":[{"href":"https:\/\/eltrabajo.cl\/portal\/wp-json\/wp\/v2\/types\/post"}],"author":[{"embeddable":true,"href":"https:\/\/eltrabajo.cl\/portal\/wp-json\/wp\/v2\/users\/1"}],"replies":[{"embeddable":true,"href":"https:\/\/eltrabajo.cl\/portal\/wp-json\/wp\/v2\/comments?post=75678"}],"version-history":[{"count":0,"href":"https:\/\/eltrabajo.cl\/portal\/wp-json\/wp\/v2\/posts\/75678\/revisions"}],"wp:featuredmedia":[{"embeddable":true,"href":"https:\/\/eltrabajo.cl\/portal\/wp-json\/wp\/v2\/media\/75679"}],"wp:attachment":[{"href":"https:\/\/eltrabajo.cl\/portal\/wp-json\/wp\/v2\/media?parent=75678"}],"wp:term":[{"taxonomy":"category","embeddable":true,"href":"https:\/\/eltrabajo.cl\/portal\/wp-json\/wp\/v2\/categories?post=75678"},{"taxonomy":"post_tag","embeddable":true,"href":"https:\/\/eltrabajo.cl\/portal\/wp-json\/wp\/v2\/tags?post=75678"}],"curies":[{"name":"wp","href":"https:\/\/api.w.org\/{rel}","templated":true}]}}