{"id":75682,"date":"2016-12-01T08:36:38","date_gmt":"2016-12-01T11:36:38","guid":{"rendered":"http:\/\/www.eltrabajo.cl\/portal\/?p=75682"},"modified":"2016-12-01T08:36:38","modified_gmt":"2016-12-01T11:36:38","slug":"con-conocidos-modelos-santa-maria-da-el-vamos-a-temporada-piscina-2017","status":"publish","type":"post","link":"https:\/\/eltrabajo.cl\/portal\/con-conocidos-modelos-santa-maria-da-el-vamos-a-temporada-piscina-2017\/","title":{"rendered":"Con conocidos modelos Santa Mar\u00eda da el vamos a temporada piscina 2017"},"content":{"rendered":"<p><strong>SANTA MARIA.-<\/strong> Con una gran asistencia de p\u00fablico, se llev\u00f3 a cabo en el recinto de la Piscina Municipal el desfile de modas, con que se da por inaugurada la temporada de piscina 2017, actividad inserta en el aniversario de la comuna.<br \/>\nEn el evento participaron conocidos personajes, tales como Pablo Schilling, Adriana Barrientos, Romina Salazar y Aynara Eder, entre otros modelos profesionales que dieron un toque de profesionalismo al desfile.<br \/>\nSin embargo, es importante destacar a todos los ni\u00f1os y j\u00f3venes que participaron, como tambi\u00e9n a las promesas locales, algunas de ellas m\u00e1s consolidadas en este tipo de eventos como Camila Aguilera, B\u00e1rbara Casanova y las modelos profesionales Katherine Gallardo y Melisa Garay, quienes tienen las cualidades para presentarse en cualquier escenario del pa\u00eds.<br \/>\nClaudio Zurita, alcalde de Santa Mar\u00eda se\u00f1al\u00f3 que \u201cEs una gran oportunidad que se les da a estas j\u00f3venes promesas del Valle de Aconcagua y quiero destacar la dedicaci\u00f3n con que participan de este tradicional evento. Al mismo tiempo, quiero enfatizar la simpat\u00eda y profesionalismo de los modelos de alto nivel que nos visitan a\u00f1o a a\u00f1o y que hacen de esta, una de las mejores aperturas de temporada del Valle del Aconcagua. Agradezco a Pablo Schilling y su equipo de modelos por su buena disposici\u00f3n y por haberse dado el tiempo de compartir con todos nuestros vecinos, como tambi\u00e9n al p\u00fablico que asisti\u00f3 masivamente y a todos los funcionarios municipales que trabajaron para hacer esto posible\u201d.<br \/>\nCabe destacar que en esta comuna existe un mes de actividades de Aniversario, donde toda la comunidad puede participar. Para conocerlas pueden visitar el sitio web de la Municipalidad, www.imsantamaria.cl<\/p>\n<figure id=\"attachment_75683\" aria-describedby=\"caption-attachment-75683\" style=\"width: 530px\" class=\"wp-caption alignleft\"><a href=\"http:\/\/www.eltrabajo.cl\/portal\/con-conocidos-modelos-santa-maria-da-el-vamos-a-temporada-piscina-2017\/grupal-piscina\/\" rel=\"attachment wp-att-75683\"><img data-recalc-dims=\"1\" loading=\"lazy\" decoding=\"async\" class=\"size-full wp-image-75683\" src=\"https:\/\/i0.wp.com\/www.eltrabajo.cl\/portal\/wp-content\/uploads\/2016\/12\/GRUPAL-PISCINA.jpg?resize=530%2C350\" alt=\"En el evento participaron conocidos personajes, tales como Pablo Schilling, Adriana Barrientos, Romina Salazar y Aynara Eder, entre otros modelos.\" width=\"530\" height=\"350\" srcset=\"https:\/\/i0.wp.com\/eltrabajo.cl\/portal\/wp-content\/uploads\/2016\/12\/GRUPAL-PISCINA.jpg?w=530&amp;ssl=1 530w, https:\/\/i0.wp.com\/eltrabajo.cl\/portal\/wp-content\/uploads\/2016\/12\/GRUPAL-PISCINA.jpg?resize=200%2C132&amp;ssl=1 200w, https:\/\/i0.wp.com\/eltrabajo.cl\/portal\/wp-content\/uploads\/2016\/12\/GRUPAL-PISCINA.jpg?resize=300%2C198&amp;ssl=1 300w, https:\/\/i0.wp.com\/eltrabajo.cl\/portal\/wp-content\/uploads\/2016\/12\/GRUPAL-PISCINA.jpg?resize=227%2C150&amp;ssl=1 227w, https:\/\/i0.wp.com\/eltrabajo.cl\/portal\/wp-content\/uploads\/2016\/12\/GRUPAL-PISCINA.jpg?resize=400%2C264&amp;ssl=1 400w\" sizes=\"auto, (max-width: 530px) 100vw, 530px\" \/><\/a><figcaption id=\"caption-attachment-75683\" class=\"wp-caption-text\">En el evento participaron conocidos personajes, tales como Pablo Schilling, Adriana Barrientos, Romina Salazar y Aynara Eder, entre otros modelos.<\/figcaption><\/figure>\n<figure id=\"attachment_75684\" aria-describedby=\"caption-attachment-75684\" style=\"width: 530px\" class=\"wp-caption alignleft\"><a href=\"http:\/\/www.eltrabajo.cl\/portal\/con-conocidos-modelos-santa-maria-da-el-vamos-a-temporada-piscina-2017\/piscina-santa-mria-copia\/\" rel=\"attachment wp-att-75684\"><img data-recalc-dims=\"1\" loading=\"lazy\" decoding=\"async\" class=\"size-full wp-image-75684\" src=\"https:\/\/i0.wp.com\/www.eltrabajo.cl\/portal\/wp-content\/uploads\/2016\/12\/PISCINA-SANTA-MRIA-copia.jpg?resize=530%2C349\" alt=\"Es importante destacar la participaci\u00f3n de las promesas locales, algunas de ellas m\u00e1s consolidadas en este tipo de eventos como Camila Aguilera, B\u00e1rbara Casanova y las modelos profesionales Katherine Gallardo y Melisa Garay.\" width=\"530\" height=\"349\" srcset=\"https:\/\/i0.wp.com\/eltrabajo.cl\/portal\/wp-content\/uploads\/2016\/12\/PISCINA-SANTA-MRIA-copia.jpg?w=530&amp;ssl=1 530w, https:\/\/i0.wp.com\/eltrabajo.cl\/portal\/wp-content\/uploads\/2016\/12\/PISCINA-SANTA-MRIA-copia.jpg?resize=200%2C132&amp;ssl=1 200w, https:\/\/i0.wp.com\/eltrabajo.cl\/portal\/wp-content\/uploads\/2016\/12\/PISCINA-SANTA-MRIA-copia.jpg?resize=300%2C198&amp;ssl=1 300w, https:\/\/i0.wp.com\/eltrabajo.cl\/portal\/wp-content\/uploads\/2016\/12\/PISCINA-SANTA-MRIA-copia.jpg?resize=228%2C150&amp;ssl=1 228w, https:\/\/i0.wp.com\/eltrabajo.cl\/portal\/wp-content\/uploads\/2016\/12\/PISCINA-SANTA-MRIA-copia.jpg?resize=400%2C263&amp;ssl=1 400w\" sizes=\"auto, (max-width: 530px) 100vw, 530px\" \/><\/a><figcaption id=\"caption-attachment-75684\" class=\"wp-caption-text\">Es importante destacar la participaci\u00f3n de las promesas locales, algunas de ellas m\u00e1s consolidadas en este tipo de eventos como Camila Aguilera, B\u00e1rbara Casanova y las modelos profesionales Katherine Gallardo y Melisa Garay.<\/figcaption><\/figure>\n<figure id=\"attachment_75685\" aria-describedby=\"caption-attachment-75685\" style=\"width: 530px\" class=\"wp-caption alignleft\"><a href=\"http:\/\/www.eltrabajo.cl\/portal\/con-conocidos-modelos-santa-maria-da-el-vamos-a-temporada-piscina-2017\/piscina4\/\" rel=\"attachment wp-att-75685\"><img data-recalc-dims=\"1\" loading=\"lazy\" decoding=\"async\" class=\"size-full wp-image-75685\" src=\"https:\/\/i0.wp.com\/www.eltrabajo.cl\/portal\/wp-content\/uploads\/2016\/12\/PISCINA4.jpg?resize=530%2C350\" alt=\"Pablo Schilling y su equipo de modelos, pusieron la nota de alegr\u00eda y belleza en la actividad.\" width=\"530\" height=\"350\" srcset=\"https:\/\/i0.wp.com\/eltrabajo.cl\/portal\/wp-content\/uploads\/2016\/12\/PISCINA4.jpg?w=530&amp;ssl=1 530w, https:\/\/i0.wp.com\/eltrabajo.cl\/portal\/wp-content\/uploads\/2016\/12\/PISCINA4.jpg?resize=200%2C132&amp;ssl=1 200w, https:\/\/i0.wp.com\/eltrabajo.cl\/portal\/wp-content\/uploads\/2016\/12\/PISCINA4.jpg?resize=300%2C198&amp;ssl=1 300w, https:\/\/i0.wp.com\/eltrabajo.cl\/portal\/wp-content\/uploads\/2016\/12\/PISCINA4.jpg?resize=227%2C150&amp;ssl=1 227w, https:\/\/i0.wp.com\/eltrabajo.cl\/portal\/wp-content\/uploads\/2016\/12\/PISCINA4.jpg?resize=400%2C264&amp;ssl=1 400w\" sizes=\"auto, (max-width: 530px) 100vw, 530px\" \/><\/a><figcaption id=\"caption-attachment-75685\" class=\"wp-caption-text\">Pablo Schilling y su equipo de modelos, pusieron la nota de alegr\u00eda y belleza en la actividad.<\/figcaption><\/figure>\n","protected":false},"excerpt":{"rendered":"<p>SANTA MARIA.- Con una gran asistencia de p\u00fablico, se llev\u00f3 a cabo en el recinto de la Piscina Municipal el desfile de modas, con que se da por inaugurada la temporada de&#8230;<\/p>\n","protected":false},"author":1,"featured_media":75683,"comment_status":"open","ping_status":"open","sticky":false,"template":"","format":"standard","meta":{"advanced_seo_description":"","jetpack_seo_html_title":"","jetpack_seo_noindex":false,"_jetpack_memberships_contains_paid_content":false,"footnotes":""},"categories":[15],"tags":[],"class_list":["post-75682","post","type-post","status-publish","format-standard","has-post-thumbnail","hentry","category-comunidad"],"jetpack_featured_media_url":"https:\/\/i0.wp.com\/eltrabajo.cl\/portal\/wp-content\/uploads\/2016\/12\/GRUPAL-PISCINA.jpg?fit=530%2C350&ssl=1","jetpack_sharing_enabled":true,"jetpack_likes_enabled":true,"jetpack-related-posts":[],"_links":{"self":[{"href":"https:\/\/eltrabajo.cl\/portal\/wp-json\/wp\/v2\/posts\/75682","targetHints":{"allow":["GET"]}}],"collection":[{"href":"https:\/\/eltrabajo.cl\/portal\/wp-json\/wp\/v2\/posts"}],"about":[{"href":"https:\/\/eltrabajo.cl\/portal\/wp-json\/wp\/v2\/types\/post"}],"author":[{"embeddable":true,"href":"https:\/\/eltrabajo.cl\/portal\/wp-json\/wp\/v2\/users\/1"}],"replies":[{"embeddable":true,"href":"https:\/\/eltrabajo.cl\/portal\/wp-json\/wp\/v2\/comments?post=75682"}],"version-history":[{"count":0,"href":"https:\/\/eltrabajo.cl\/portal\/wp-json\/wp\/v2\/posts\/75682\/revisions"}],"wp:featuredmedia":[{"embeddable":true,"href":"https:\/\/eltrabajo.cl\/portal\/wp-json\/wp\/v2\/media\/75683"}],"wp:attachment":[{"href":"https:\/\/eltrabajo.cl\/portal\/wp-json\/wp\/v2\/media?parent=75682"}],"wp:term":[{"taxonomy":"category","embeddable":true,"href":"https:\/\/eltrabajo.cl\/portal\/wp-json\/wp\/v2\/categories?post=75682"},{"taxonomy":"post_tag","embeddable":true,"href":"https:\/\/eltrabajo.cl\/portal\/wp-json\/wp\/v2\/tags?post=75682"}],"curies":[{"name":"wp","href":"https:\/\/api.w.org\/{rel}","templated":true}]}}