{"id":75688,"date":"2016-12-01T08:40:34","date_gmt":"2016-12-01T11:40:34","guid":{"rendered":"http:\/\/www.eltrabajo.cl\/portal\/?p=75688"},"modified":"2016-12-01T08:40:34","modified_gmt":"2016-12-01T11:40:34","slug":"colegio-alonso-de-ercilla-recreara-nacimiento-de-jesus-acompanado-de-villancicos","status":"publish","type":"post","link":"https:\/\/eltrabajo.cl\/portal\/colegio-alonso-de-ercilla-recreara-nacimiento-de-jesus-acompanado-de-villancicos\/","title":{"rendered":"Colegio Alonso de Ercilla recrear\u00e1 nacimiento de Jes\u00fas acompa\u00f1ado de villancicos\u00a0"},"content":{"rendered":"<p>Hoy jueves a las 18:30 horas en la Plaza C\u00edvica de San Felipe, el Colegio Alonso de Ercilla que dirige la profesora Eliana Silva Machuca, organizar\u00e1 un encuentro de Villancicos que ser\u00e1n interpretados por alumnos, profesores y apoderados del establecimiento.<br \/>\nLa idea dijo la directora, naci\u00f3 al ver tanta violencia en los ni\u00f1os en todo \u201custed ve que la gente sin ninguna necesidad contesta mal o no escucha, eso produce mucha molestia, hay mucho desencuentros entonces pensamos cerrar este a\u00f1o escolar con Villancicos\u201d sostuvo.<br \/>\nPara esto los profesores se inscribieron voluntariamente, por eso hay villancicos que fueron preparados por profesores de m\u00fasica y otros por docentes del mismo establecimiento.<br \/>\nCont\u00f3 que la actividad ser\u00e1 en vivo, donde se recrear\u00e1 toda la escena donde Mar\u00eda viene buscando refugio para tener a su hijo con San Jos\u00e9. Este cuadro ser\u00e1 representado por dos personas que este caso ser\u00e1 un profesor y una exalumna, quienes llegaran hasta una caba\u00f1a donde tendr\u00e1n su guagua apareciendo posteriormente la Virgen Mar\u00eda sentada con su guagua donde llegar\u00e1n los Reyes Magos a visitarla.<br \/>\nVan a colocar una luz que los va a guiar desde la Gobernaci\u00f3n Provincial de San Felipe.<br \/>\nLa directora, invit\u00f3 a toda la comunidad a participar de esta representaci\u00f3n. Porque hay mucho esfuerzo detr\u00e1s de profesores alumnos, ojal\u00e1 dice fuera todo San Felipe.<br \/>\nDebido a esta actividad que comienza a las 18:30 el tr\u00e1nsito permanecer\u00e1 cortado por calle Salinas al sur hasta las 21:00 horas, pero esperan habilitarlo antes de esa hora.<\/p>\n<figure id=\"attachment_75689\" aria-describedby=\"caption-attachment-75689\" style=\"width: 530px\" class=\"wp-caption alignleft\"><a href=\"http:\/\/www.eltrabajo.cl\/portal\/colegio-alonso-de-ercilla-recreara-nacimiento-de-jesus-acompanado-de-villancicos\/pesebre\/\" rel=\"attachment wp-att-75689\"><img data-recalc-dims=\"1\" loading=\"lazy\" decoding=\"async\" class=\"size-full wp-image-75689\" src=\"https:\/\/i0.wp.com\/www.eltrabajo.cl\/portal\/wp-content\/uploads\/2016\/12\/pesebre.jpg?resize=530%2C349\" alt=\"Algo muy similar a la imagen es lo que el Colegio Alonso de Ercilla pretende recrear para la comunidad de San Felipe.\" width=\"530\" height=\"349\" srcset=\"https:\/\/i0.wp.com\/eltrabajo.cl\/portal\/wp-content\/uploads\/2016\/12\/pesebre.jpg?w=530&amp;ssl=1 530w, https:\/\/i0.wp.com\/eltrabajo.cl\/portal\/wp-content\/uploads\/2016\/12\/pesebre.jpg?resize=200%2C132&amp;ssl=1 200w, https:\/\/i0.wp.com\/eltrabajo.cl\/portal\/wp-content\/uploads\/2016\/12\/pesebre.jpg?resize=300%2C198&amp;ssl=1 300w, https:\/\/i0.wp.com\/eltrabajo.cl\/portal\/wp-content\/uploads\/2016\/12\/pesebre.jpg?resize=228%2C150&amp;ssl=1 228w, https:\/\/i0.wp.com\/eltrabajo.cl\/portal\/wp-content\/uploads\/2016\/12\/pesebre.jpg?resize=400%2C263&amp;ssl=1 400w\" sizes=\"auto, (max-width: 530px) 100vw, 530px\" \/><\/a><figcaption id=\"caption-attachment-75689\" class=\"wp-caption-text\">Algo muy similar a la imagen es lo que el Colegio Alonso de Ercilla pretende recrear para la comunidad de San Felipe.<\/figcaption><\/figure>\n","protected":false},"excerpt":{"rendered":"<p>Hoy jueves a las 18:30 horas en la Plaza C\u00edvica de San Felipe, el Colegio Alonso de Ercilla que dirige la profesora Eliana Silva Machuca, organizar\u00e1 un encuentro de Villancicos que ser\u00e1n&#8230;<\/p>\n","protected":false},"author":1,"featured_media":75689,"comment_status":"open","ping_status":"open","sticky":false,"template":"","format":"standard","meta":{"advanced_seo_description":"","jetpack_seo_html_title":"","jetpack_seo_noindex":false,"_jetpack_memberships_contains_paid_content":false,"footnotes":""},"categories":[15],"tags":[],"class_list":["post-75688","post","type-post","status-publish","format-standard","has-post-thumbnail","hentry","category-comunidad"],"jetpack_featured_media_url":"https:\/\/i0.wp.com\/eltrabajo.cl\/portal\/wp-content\/uploads\/2016\/12\/pesebre.jpg?fit=530%2C349&ssl=1","jetpack_sharing_enabled":true,"jetpack_likes_enabled":true,"jetpack-related-posts":[],"_links":{"self":[{"href":"https:\/\/eltrabajo.cl\/portal\/wp-json\/wp\/v2\/posts\/75688","targetHints":{"allow":["GET"]}}],"collection":[{"href":"https:\/\/eltrabajo.cl\/portal\/wp-json\/wp\/v2\/posts"}],"about":[{"href":"https:\/\/eltrabajo.cl\/portal\/wp-json\/wp\/v2\/types\/post"}],"author":[{"embeddable":true,"href":"https:\/\/eltrabajo.cl\/portal\/wp-json\/wp\/v2\/users\/1"}],"replies":[{"embeddable":true,"href":"https:\/\/eltrabajo.cl\/portal\/wp-json\/wp\/v2\/comments?post=75688"}],"version-history":[{"count":0,"href":"https:\/\/eltrabajo.cl\/portal\/wp-json\/wp\/v2\/posts\/75688\/revisions"}],"wp:featuredmedia":[{"embeddable":true,"href":"https:\/\/eltrabajo.cl\/portal\/wp-json\/wp\/v2\/media\/75689"}],"wp:attachment":[{"href":"https:\/\/eltrabajo.cl\/portal\/wp-json\/wp\/v2\/media?parent=75688"}],"wp:term":[{"taxonomy":"category","embeddable":true,"href":"https:\/\/eltrabajo.cl\/portal\/wp-json\/wp\/v2\/categories?post=75688"},{"taxonomy":"post_tag","embeddable":true,"href":"https:\/\/eltrabajo.cl\/portal\/wp-json\/wp\/v2\/tags?post=75688"}],"curies":[{"name":"wp","href":"https:\/\/api.w.org\/{rel}","templated":true}]}}