{"id":75692,"date":"2016-12-01T08:41:51","date_gmt":"2016-12-01T11:41:51","guid":{"rendered":"http:\/\/www.eltrabajo.cl\/portal\/?p=75692"},"modified":"2016-12-01T08:41:51","modified_gmt":"2016-12-01T11:41:51","slug":"dos-personas-heridas-producto-de-colision-entre-motocicleta-y-radio-taxi","status":"publish","type":"post","link":"https:\/\/eltrabajo.cl\/portal\/dos-personas-heridas-producto-de-colision-entre-motocicleta-y-radio-taxi\/","title":{"rendered":"Dos personas heridas producto de colisi\u00f3n entre motocicleta y radio taxi"},"content":{"rendered":"<p>Dos personas resultaron lesionadas, tras una colisi\u00f3n por alcance ocurrida la tarde de ayer mi\u00e9rcoles en la avenida Yungay con calle San Mart\u00edn de San Felipe. Seg\u00fan fuentes de Bomberos, detallaron que a ra\u00edz del accidente el conductor de la motocicleta tras colisionar el taxi fue eyectado del m\u00f3vil hasta caer sobre un peat\u00f3n que cruzaba la calle resultando ambos lesionados.<br \/>\nAl lugar, concurri\u00f3 personal de la Unidad de Rescate de la Primera Compa\u00f1\u00eda de Bomberos, ambulancias del Samu y Carabineros para adoptar el procedimiento de rigor luego de este accidente de tr\u00e1nsito.<\/p>\n<figure id=\"attachment_75693\" aria-describedby=\"caption-attachment-75693\" style=\"width: 530px\" class=\"wp-caption alignleft\"><a href=\"http:\/\/www.eltrabajo.cl\/portal\/dos-personas-heridas-producto-de-colision-entre-motocicleta-y-radio-taxi\/portada-colision-yungay\/\" rel=\"attachment wp-att-75693\"><img data-recalc-dims=\"1\" loading=\"lazy\" decoding=\"async\" class=\"size-full wp-image-75693\" src=\"https:\/\/i0.wp.com\/www.eltrabajo.cl\/portal\/wp-content\/uploads\/2016\/12\/portada-COLISION-YUNGAY.jpg?resize=530%2C349\" alt=\"El accidente se produjo en avenida Yungay esquina San Mart\u00edn de San Felipe. (Foto: @EmerVCordillera).\" width=\"530\" height=\"349\" srcset=\"https:\/\/i0.wp.com\/eltrabajo.cl\/portal\/wp-content\/uploads\/2016\/12\/portada-COLISION-YUNGAY.jpg?w=530&amp;ssl=1 530w, https:\/\/i0.wp.com\/eltrabajo.cl\/portal\/wp-content\/uploads\/2016\/12\/portada-COLISION-YUNGAY.jpg?resize=200%2C132&amp;ssl=1 200w, https:\/\/i0.wp.com\/eltrabajo.cl\/portal\/wp-content\/uploads\/2016\/12\/portada-COLISION-YUNGAY.jpg?resize=300%2C198&amp;ssl=1 300w, https:\/\/i0.wp.com\/eltrabajo.cl\/portal\/wp-content\/uploads\/2016\/12\/portada-COLISION-YUNGAY.jpg?resize=228%2C150&amp;ssl=1 228w, https:\/\/i0.wp.com\/eltrabajo.cl\/portal\/wp-content\/uploads\/2016\/12\/portada-COLISION-YUNGAY.jpg?resize=400%2C263&amp;ssl=1 400w\" sizes=\"auto, (max-width: 530px) 100vw, 530px\" \/><\/a><figcaption id=\"caption-attachment-75693\" class=\"wp-caption-text\">El accidente se produjo en avenida Yungay esquina San Mart\u00edn de San Felipe. (Foto: @EmerVCordillera).<\/figcaption><\/figure>\n","protected":false},"excerpt":{"rendered":"<p>Dos personas resultaron lesionadas, tras una colisi\u00f3n por alcance ocurrida la tarde de ayer mi\u00e9rcoles en la avenida Yungay con calle San Mart\u00edn de San Felipe. Seg\u00fan fuentes de Bomberos, detallaron que&#8230;<\/p>\n","protected":false},"author":1,"featured_media":75693,"comment_status":"open","ping_status":"open","sticky":false,"template":"","format":"standard","meta":{"advanced_seo_description":"","jetpack_seo_html_title":"","jetpack_seo_noindex":false,"_jetpack_memberships_contains_paid_content":false,"footnotes":""},"categories":[21],"tags":[],"class_list":["post-75692","post","type-post","status-publish","format-standard","has-post-thumbnail","hentry","category-policial"],"jetpack_featured_media_url":"https:\/\/i0.wp.com\/eltrabajo.cl\/portal\/wp-content\/uploads\/2016\/12\/portada-COLISION-YUNGAY.jpg?fit=530%2C349&ssl=1","jetpack_sharing_enabled":true,"jetpack_likes_enabled":true,"jetpack-related-posts":[],"_links":{"self":[{"href":"https:\/\/eltrabajo.cl\/portal\/wp-json\/wp\/v2\/posts\/75692","targetHints":{"allow":["GET"]}}],"collection":[{"href":"https:\/\/eltrabajo.cl\/portal\/wp-json\/wp\/v2\/posts"}],"about":[{"href":"https:\/\/eltrabajo.cl\/portal\/wp-json\/wp\/v2\/types\/post"}],"author":[{"embeddable":true,"href":"https:\/\/eltrabajo.cl\/portal\/wp-json\/wp\/v2\/users\/1"}],"replies":[{"embeddable":true,"href":"https:\/\/eltrabajo.cl\/portal\/wp-json\/wp\/v2\/comments?post=75692"}],"version-history":[{"count":0,"href":"https:\/\/eltrabajo.cl\/portal\/wp-json\/wp\/v2\/posts\/75692\/revisions"}],"wp:featuredmedia":[{"embeddable":true,"href":"https:\/\/eltrabajo.cl\/portal\/wp-json\/wp\/v2\/media\/75693"}],"wp:attachment":[{"href":"https:\/\/eltrabajo.cl\/portal\/wp-json\/wp\/v2\/media?parent=75692"}],"wp:term":[{"taxonomy":"category","embeddable":true,"href":"https:\/\/eltrabajo.cl\/portal\/wp-json\/wp\/v2\/categories?post=75692"},{"taxonomy":"post_tag","embeddable":true,"href":"https:\/\/eltrabajo.cl\/portal\/wp-json\/wp\/v2\/tags?post=75692"}],"curies":[{"name":"wp","href":"https:\/\/api.w.org\/{rel}","templated":true}]}}