{"id":75696,"date":"2016-12-01T08:44:08","date_gmt":"2016-12-01T11:44:08","guid":{"rendered":"http:\/\/www.eltrabajo.cl\/portal\/?p=75696"},"modified":"2016-12-01T08:44:09","modified_gmt":"2016-12-01T11:44:09","slug":"tres-escolares-de-la-comuna-al-xiii-festival-sudamericano-de-ajedrez-2016","status":"publish","type":"post","link":"https:\/\/eltrabajo.cl\/portal\/tres-escolares-de-la-comuna-al-xiii-festival-sudamericano-de-ajedrez-2016\/","title":{"rendered":"Tres escolares de la comuna al XIII Festival Sudamericano de Ajedrez 2016"},"content":{"rendered":"<ul>\n<li><strong>Si ganan, ir\u00edan al Panamericano de Ajedrez 2017:<\/strong><\/li>\n<\/ul>\n<p>Una important\u00edsima cita del m\u00e1s alto nivel ajedrec\u00edstico internacional es la que tienen a partir de hoy jueves tres estudiantes de B\u00e1sica de la Escuela Jos\u00e9 de San Mart\u00edn, cuando entren de lleno a participar del XIII Festival Sudamericano de la Juventud Chile 2016, evento organizado por la Federaci\u00f3n Deportiva Nacional de Ajedrez Federado de Chile (Ajefech).<br \/>\nLos tres chicos seleccionados son Magdiel Godoy de trece a\u00f1os (1.053 ELO); Arturo Avenda\u00f1o de doce a\u00f1os (1619 ELO) e Iv\u00e1n Herrera de diez a\u00f1os.<\/p>\n<figure id=\"attachment_75698\" aria-describedby=\"caption-attachment-75698\" style=\"width: 300px\" class=\"wp-caption alignleft\"><a href=\"http:\/\/www.eltrabajo.cl\/portal\/tres-escolares-de-la-comuna-al-xiii-festival-sudamericano-de-ajedrez-2016\/guillermo-quijanes-6\/\" rel=\"attachment wp-att-75698\"><img data-recalc-dims=\"1\" loading=\"lazy\" decoding=\"async\" class=\"size-medium wp-image-75698\" src=\"https:\/\/i0.wp.com\/www.eltrabajo.cl\/portal\/wp-content\/uploads\/2016\/12\/Guillermo-Quijanes-300x198.jpg?resize=300%2C198\" alt=\"Guillermo Quijanes, experimentado profesor de ajedrez, quien la lleva en esta clase de eventos.\" width=\"300\" height=\"198\" srcset=\"https:\/\/i0.wp.com\/eltrabajo.cl\/portal\/wp-content\/uploads\/2016\/12\/Guillermo-Quijanes.jpg?resize=300%2C198&amp;ssl=1 300w, https:\/\/i0.wp.com\/eltrabajo.cl\/portal\/wp-content\/uploads\/2016\/12\/Guillermo-Quijanes.jpg?resize=200%2C132&amp;ssl=1 200w, https:\/\/i0.wp.com\/eltrabajo.cl\/portal\/wp-content\/uploads\/2016\/12\/Guillermo-Quijanes.jpg?resize=228%2C150&amp;ssl=1 228w, https:\/\/i0.wp.com\/eltrabajo.cl\/portal\/wp-content\/uploads\/2016\/12\/Guillermo-Quijanes.jpg?resize=400%2C263&amp;ssl=1 400w, https:\/\/i0.wp.com\/eltrabajo.cl\/portal\/wp-content\/uploads\/2016\/12\/Guillermo-Quijanes.jpg?w=530&amp;ssl=1 530w\" sizes=\"auto, (max-width: 300px) 100vw, 300px\" \/><\/a><figcaption id=\"caption-attachment-75698\" class=\"wp-caption-text\">Guillermo Quijanes, experimentado profesor de ajedrez, quien la lleva en esta clase de eventos.<\/figcaption><\/figure>\n<p>\u00abNuestros estudiantes durante meses se han enfrentado a otros ajedrecistas de todo el pa\u00eds, ellos lograron gran rendimiento, este torneo terminar\u00e1 el martes 6 de diciembre y se jugar\u00e1 en Santiago\u00bb, explic\u00f3 a Diario El Trabajo el profesor de ajedrez, Guillermo Quijanes.<\/p>\n<p><strong>EL MEDALLAJE<\/strong><br \/>\nA este festival de ajedrez acudir\u00e1n exponentes de Brasil, Ecuador, Paraguay, Chile, Argentina, Per\u00fa, Bolivia, Colombia, Uruguay y Venezuela, seg\u00fan lo inform\u00f3 Quijanes, a cada jugador se le dar\u00e1 medalla y diploma de participaci\u00f3n, y los tres primeros lugares de cada categor\u00eda recibir\u00e1n su respectivo trofeo.<br \/>\n\u00abUna de las cosas que m\u00e1s atraen a estos chicos es que cada ganador en su categor\u00eda podr\u00e1 participar en el Panamericano de la Juventud 2017, con los gastos de alojamiento y comidas. Mis chicos est\u00e1n bastante fogueados, s\u00f3lo esperamos que logren mantener su concentraci\u00f3n en las partidas, lastimosamente dos ajedrecistas de nuestra escuela quedaron fuera, pues las matr\u00edculas son muy caras\u00bb, agreg\u00f3 Quijanes a Diario El Trabajo. El pr\u00f3ximo martes estaremos dando a conocer c\u00f3mo les fue a estos chicos en esta cita internacional de ajedrez.<br \/>\n<strong>Roberto Gonz\u00e1lez Short<\/strong><\/p>\n<figure id=\"attachment_75697\" aria-describedby=\"caption-attachment-75697\" style=\"width: 530px\" class=\"wp-caption alignleft\"><a href=\"http:\/\/www.eltrabajo.cl\/portal\/tres-escolares-de-la-comuna-al-xiii-festival-sudamericano-de-ajedrez-2016\/ajedrez1-17\/\" rel=\"attachment wp-att-75697\"><img data-recalc-dims=\"1\" loading=\"lazy\" decoding=\"async\" class=\"size-full wp-image-75697\" src=\"https:\/\/i0.wp.com\/www.eltrabajo.cl\/portal\/wp-content\/uploads\/2016\/12\/Ajedrez1.jpg?resize=530%2C350\" alt=\"LOS TRES MOSQUETEROS.- Aqu\u00ed tenemos a los \u00fanicos ni\u00f1os de Aconcagua que este a\u00f1o participar\u00e1n en este XIII Festival Sudamericano de la Juventud Chile 2016.\" width=\"530\" height=\"350\" srcset=\"https:\/\/i0.wp.com\/eltrabajo.cl\/portal\/wp-content\/uploads\/2016\/12\/Ajedrez1.jpg?w=530&amp;ssl=1 530w, https:\/\/i0.wp.com\/eltrabajo.cl\/portal\/wp-content\/uploads\/2016\/12\/Ajedrez1.jpg?resize=200%2C132&amp;ssl=1 200w, https:\/\/i0.wp.com\/eltrabajo.cl\/portal\/wp-content\/uploads\/2016\/12\/Ajedrez1.jpg?resize=300%2C198&amp;ssl=1 300w, https:\/\/i0.wp.com\/eltrabajo.cl\/portal\/wp-content\/uploads\/2016\/12\/Ajedrez1.jpg?resize=227%2C150&amp;ssl=1 227w, https:\/\/i0.wp.com\/eltrabajo.cl\/portal\/wp-content\/uploads\/2016\/12\/Ajedrez1.jpg?resize=400%2C264&amp;ssl=1 400w\" sizes=\"auto, (max-width: 530px) 100vw, 530px\" \/><\/a><figcaption id=\"caption-attachment-75697\" class=\"wp-caption-text\">LOS TRES MOSQUETEROS.- Aqu\u00ed tenemos a los \u00fanicos ni\u00f1os de Aconcagua que este a\u00f1o participar\u00e1n en este XIII Festival Sudamericano de la Juventud Chile 2016.<\/figcaption><\/figure>\n<p>&nbsp;<\/p>\n","protected":false},"excerpt":{"rendered":"<p>Si ganan, ir\u00edan al Panamericano de Ajedrez 2017: Una important\u00edsima cita del m\u00e1s alto nivel ajedrec\u00edstico internacional es la que tienen a partir de hoy jueves tres estudiantes de B\u00e1sica de la&#8230;<\/p>\n","protected":false},"author":1,"featured_media":75697,"comment_status":"open","ping_status":"open","sticky":false,"template":"","format":"standard","meta":{"advanced_seo_description":"","jetpack_seo_html_title":"","jetpack_seo_noindex":false,"_jetpack_memberships_contains_paid_content":false,"footnotes":""},"categories":[15],"tags":[],"class_list":["post-75696","post","type-post","status-publish","format-standard","has-post-thumbnail","hentry","category-comunidad"],"jetpack_featured_media_url":"https:\/\/i0.wp.com\/eltrabajo.cl\/portal\/wp-content\/uploads\/2016\/12\/Ajedrez1.jpg?fit=530%2C350&ssl=1","jetpack_sharing_enabled":true,"jetpack_likes_enabled":true,"jetpack-related-posts":[],"_links":{"self":[{"href":"https:\/\/eltrabajo.cl\/portal\/wp-json\/wp\/v2\/posts\/75696","targetHints":{"allow":["GET"]}}],"collection":[{"href":"https:\/\/eltrabajo.cl\/portal\/wp-json\/wp\/v2\/posts"}],"about":[{"href":"https:\/\/eltrabajo.cl\/portal\/wp-json\/wp\/v2\/types\/post"}],"author":[{"embeddable":true,"href":"https:\/\/eltrabajo.cl\/portal\/wp-json\/wp\/v2\/users\/1"}],"replies":[{"embeddable":true,"href":"https:\/\/eltrabajo.cl\/portal\/wp-json\/wp\/v2\/comments?post=75696"}],"version-history":[{"count":0,"href":"https:\/\/eltrabajo.cl\/portal\/wp-json\/wp\/v2\/posts\/75696\/revisions"}],"wp:featuredmedia":[{"embeddable":true,"href":"https:\/\/eltrabajo.cl\/portal\/wp-json\/wp\/v2\/media\/75697"}],"wp:attachment":[{"href":"https:\/\/eltrabajo.cl\/portal\/wp-json\/wp\/v2\/media?parent=75696"}],"wp:term":[{"taxonomy":"category","embeddable":true,"href":"https:\/\/eltrabajo.cl\/portal\/wp-json\/wp\/v2\/categories?post=75696"},{"taxonomy":"post_tag","embeddable":true,"href":"https:\/\/eltrabajo.cl\/portal\/wp-json\/wp\/v2\/tags?post=75696"}],"curies":[{"name":"wp","href":"https:\/\/api.w.org\/{rel}","templated":true}]}}