{"id":75701,"date":"2016-12-01T08:47:27","date_gmt":"2016-12-01T11:47:27","guid":{"rendered":"http:\/\/www.eltrabajo.cl\/portal\/?p=75701"},"modified":"2016-12-01T08:47:27","modified_gmt":"2016-12-01T11:47:27","slug":"mujer-victima-de-asalto-si-me-pega-en-la-cabeza-me-podria-haber-matado","status":"publish","type":"post","link":"https:\/\/eltrabajo.cl\/portal\/mujer-victima-de-asalto-si-me-pega-en-la-cabeza-me-podria-haber-matado\/","title":{"rendered":"Mujer v\u00edctima de asalto: \u00abSi me pega en la cabeza me podr\u00eda haber matado\u00bb"},"content":{"rendered":"<ul>\n<li><strong><span style=\"color: #ff0000;\">En estado de shock detalla a Diario El Trabajo\u00a0los momentos de terror que debi\u00f3 vivir:<\/span>\u00a0En conversaci\u00f3n con una de las afectadas, de 41 a\u00f1os de edad, revela que sinti\u00f3 temor por su vida al enfrentarse a uno de los delincuentes que la golpe\u00f3 con un fierro en su cuerpo. Asegur\u00f3 que llegar\u00e1 hasta las \u00faltimas consecuencias para que los dos sujetos cumplan una pena de c\u00e1rcel, tras ser v\u00edctima de robo con violencia.<\/strong><\/li>\n<\/ul>\n<p>Consternada y a\u00fan en estado de shock, tras convertirse junto a su amiga en v\u00edctimas de un robo con violencia en avenida Yungay con Santo Domingo en San Felipe, a trav\u00e9s de esta entrevista concedida en exclusiva a Diario El Trabajo, la afectada detall\u00f3 los momentos angustiantes vividos cuando se enfrent\u00f3 a los delincuentes, llegando incluso a temer por su vida luego que uno de estos sujetos la atac\u00f3 con un fierro.<br \/>\nSeg\u00fan antecedentes policiales, estos dos antisociales detenidos provienen de la comuna de Colina en Santiago, y durante los \u00faltimos d\u00edas previos a este asalto ya hab\u00edan sido detenidos en varias oportunidades, recuperando su libertad.<br \/>\nLa mujer de 41 a\u00f1os, v\u00edctima de este violento delito, indic\u00f3 sentir temor de volver a salir a la calle despu\u00e9s de este asalto, anunciando llegar hasta las \u00faltimas instancias para que estos delincuentes -que se encuentran actualmente en prisi\u00f3n preventiva- sean condenados por la justicia.<br \/>\n<strong>&#8211; \u00bfC\u00f3mo se encuentra despu\u00e9s de este asalto?<\/strong><br \/>\n&#8211; \u00abImag\u00ednate una violencia extrema, una indolencia macabra, uno de ellos me peg\u00f3 con un fierro que ten\u00eda en sus manos, que era enorme, y como yo opuse resistencia porque no quer\u00eda que me quitara mis cosas, el tipo me peg\u00f3, se abalanz\u00f3 sobre m\u00ed para botarme al suelo. Lo m\u00e1s curioso de todo que estos tipos ya hab\u00edan sido detenidos el viernes, s\u00e1bado y domingo, todas las noches hab\u00edan sido detenidos y continuaban en libertad\u00bb.<br \/>\n<strong>&#8211; \u00bfUsted result\u00f3 lesionada por uno de estos sujetos?<\/strong><br \/>\n&#8211; \u00abEfectivamente result\u00e9 lesionada, se constataron en el hospital, pero imag\u00ednate un tipo que se abalance sobre ti y otro te pegue con un fierro en un brazo, entonces es la sensaci\u00f3n de impotencia, de rabia, de dolor, de frustraci\u00f3n que se vive en ese instante, el miedo: \u00bfQu\u00e9 pasa si el tipo me pega en la cabeza? me pudo haber matado, porque creo que los tipos andaban drogados. Nunca en mi vida hab\u00eda sido v\u00edctima de un asalto y cr\u00e9eme que me dej\u00f3 traumada\u00bb.<br \/>\n<strong>&#8211; \u00bfAhora teme salir a la calle?<\/strong><br \/>\n&#8211; \u00abPero de todas maneras porque quedas traumado, una situaci\u00f3n donde te violentan, estoy aterrada pese a que yo vivo en pleno centro. Yo me cercior\u00e9 que los tipos quedaran presos, hice todo lo que ten\u00eda que hacer, tem\u00eda volver a verlos porque estuvimos frente a frente, porque uno teme que ellos despu\u00e9s tomen represalias, uno queda con esa sensaci\u00f3n de desprotecci\u00f3n\u00bb.<br \/>\n<strong>&#8211; \u00bfC\u00f3mo fue el actuar de Carabineros en el procedimiento?<\/strong><br \/>\n&#8211; \u00abQuiero destacar la labor de Carabineros, porque tuvieron la deferencia y la sutileza de permanecer desde las 23:00 horas hasta las 04:32 de la madrugada, inc\u00f3lumes los funcionarios. Los buscaron hasta que los encontraron, estoy tremendamente agradecida porque se portaron un siete y esto la comunidad tiene que saberlo, porque no es posible que se les falte el respeto a las autoridades, porque Carabineros de Chile cumple una labor fenomenal. Quiero agradecer al sargento 2\u00ba Cristi\u00e1n Cort\u00e9s Mej\u00edas y al cabo 1\u00ba V\u00edctor Olivares Sandoval, que se destaque el ejemplo de ellos en su actuar, en su trabajo, es destacable\u00bb.<br \/>\n<strong>&#8211; \u00bfQueda m\u00e1s tranquila que estos sujetos qua est\u00e9n en prisi\u00f3n preventiva?<\/strong><br \/>\n&#8211; \u00abLa verdad quedar\u00e9 tranquila hasta que se dicte una sentencia en la cual los tipos queden definitivamente presos, porque ahora ellos en un mes pueden salir, por eso voy a cerci\u00f3rame que no salgan, si tengo que ver a un abogado lo har\u00e9, pero estos sujetos no pueden volver a salir, son un peligro p\u00fablico por el grado de violencia\u00bb.<br \/>\n<strong>&#8211; \u00bfAl enfrentarse cara a cara con el delincuente temi\u00f3 por su vida?<\/strong><br \/>\n&#8211; \u00abEn esos momentos tu est\u00e1s en shock, si me asustaba estos tipos me iban a hacer algo, entonces saqu\u00e9 fuerzas de donde no las ten\u00eda y entonces me ten\u00eda que poner de igual a igual, porque si el tipo me quer\u00eda tomar y violar, el tipo lo hace. Por eso yo me enfrent\u00e9 y me sacaron la mugre, pero efectivamente si tomaba actitud con total pasividad, cr\u00e9eme que nos hacen algo. No quer\u00eda soltar mi cartera para ver si pasaba alg\u00fan veh\u00edculo que nos pudiera auxiliar. Si t\u00fa me preguntas que si tem\u00ed por mi integridad f\u00edsica: ten la seguridad que s\u00ed\u00bb.<br \/>\n<strong>Pablo Salinas Sald\u00edas<\/strong><\/p>\n<figure id=\"attachment_75702\" aria-describedby=\"caption-attachment-75702\" style=\"width: 530px\" class=\"wp-caption alignleft\"><a href=\"http:\/\/www.eltrabajo.cl\/portal\/mujer-victima-de-asalto-si-me-pega-en-la-cabeza-me-podria-haber-matado\/asalto-a-mujer-referencial\/\" rel=\"attachment wp-att-75702\"><img data-recalc-dims=\"1\" loading=\"lazy\" decoding=\"async\" class=\"size-full wp-image-75702\" src=\"https:\/\/i0.wp.com\/www.eltrabajo.cl\/portal\/wp-content\/uploads\/2016\/12\/asalto-a-mujer-referencial.jpg?resize=530%2C349\" alt=\"Los delincuentes golpearon violentamente a las mujeres para arrebatarles sus carteras. (Foto referencial).\" width=\"530\" height=\"349\" srcset=\"https:\/\/i0.wp.com\/eltrabajo.cl\/portal\/wp-content\/uploads\/2016\/12\/asalto-a-mujer-referencial.jpg?w=530&amp;ssl=1 530w, https:\/\/i0.wp.com\/eltrabajo.cl\/portal\/wp-content\/uploads\/2016\/12\/asalto-a-mujer-referencial.jpg?resize=200%2C132&amp;ssl=1 200w, https:\/\/i0.wp.com\/eltrabajo.cl\/portal\/wp-content\/uploads\/2016\/12\/asalto-a-mujer-referencial.jpg?resize=300%2C198&amp;ssl=1 300w, https:\/\/i0.wp.com\/eltrabajo.cl\/portal\/wp-content\/uploads\/2016\/12\/asalto-a-mujer-referencial.jpg?resize=228%2C150&amp;ssl=1 228w, https:\/\/i0.wp.com\/eltrabajo.cl\/portal\/wp-content\/uploads\/2016\/12\/asalto-a-mujer-referencial.jpg?resize=400%2C263&amp;ssl=1 400w\" sizes=\"auto, (max-width: 530px) 100vw, 530px\" \/><\/a><figcaption id=\"caption-attachment-75702\" class=\"wp-caption-text\">Los delincuentes golpearon violentamente a las mujeres para arrebatarles sus carteras. (Foto referencial).<\/figcaption><\/figure>\n","protected":false},"excerpt":{"rendered":"<p>En estado de shock detalla a Diario El Trabajo\u00a0los momentos de terror que debi\u00f3 vivir:\u00a0En conversaci\u00f3n con una de las afectadas, de 41 a\u00f1os de edad, revela que sinti\u00f3 temor por su&#8230;<\/p>\n","protected":false},"author":1,"featured_media":75702,"comment_status":"open","ping_status":"open","sticky":false,"template":"","format":"standard","meta":{"advanced_seo_description":"","jetpack_seo_html_title":"","jetpack_seo_noindex":false,"_jetpack_memberships_contains_paid_content":false,"footnotes":""},"categories":[21],"tags":[],"class_list":["post-75701","post","type-post","status-publish","format-standard","has-post-thumbnail","hentry","category-policial"],"jetpack_featured_media_url":"https:\/\/i0.wp.com\/eltrabajo.cl\/portal\/wp-content\/uploads\/2016\/12\/asalto-a-mujer-referencial.jpg?fit=530%2C349&ssl=1","jetpack_sharing_enabled":true,"jetpack_likes_enabled":true,"jetpack-related-posts":[],"_links":{"self":[{"href":"https:\/\/eltrabajo.cl\/portal\/wp-json\/wp\/v2\/posts\/75701","targetHints":{"allow":["GET"]}}],"collection":[{"href":"https:\/\/eltrabajo.cl\/portal\/wp-json\/wp\/v2\/posts"}],"about":[{"href":"https:\/\/eltrabajo.cl\/portal\/wp-json\/wp\/v2\/types\/post"}],"author":[{"embeddable":true,"href":"https:\/\/eltrabajo.cl\/portal\/wp-json\/wp\/v2\/users\/1"}],"replies":[{"embeddable":true,"href":"https:\/\/eltrabajo.cl\/portal\/wp-json\/wp\/v2\/comments?post=75701"}],"version-history":[{"count":0,"href":"https:\/\/eltrabajo.cl\/portal\/wp-json\/wp\/v2\/posts\/75701\/revisions"}],"wp:featuredmedia":[{"embeddable":true,"href":"https:\/\/eltrabajo.cl\/portal\/wp-json\/wp\/v2\/media\/75702"}],"wp:attachment":[{"href":"https:\/\/eltrabajo.cl\/portal\/wp-json\/wp\/v2\/media?parent=75701"}],"wp:term":[{"taxonomy":"category","embeddable":true,"href":"https:\/\/eltrabajo.cl\/portal\/wp-json\/wp\/v2\/categories?post=75701"},{"taxonomy":"post_tag","embeddable":true,"href":"https:\/\/eltrabajo.cl\/portal\/wp-json\/wp\/v2\/tags?post=75701"}],"curies":[{"name":"wp","href":"https:\/\/api.w.org\/{rel}","templated":true}]}}