{"id":75705,"date":"2016-12-01T08:50:49","date_gmt":"2016-12-01T11:50:49","guid":{"rendered":"http:\/\/www.eltrabajo.cl\/portal\/?p=75705"},"modified":"2016-12-01T08:50:50","modified_gmt":"2016-12-01T11:50:50","slug":"en-cobarde-asalto-golpearon-a-mujer-con-un-fierro-para-robarle-su-cartera","status":"publish","type":"post","link":"https:\/\/eltrabajo.cl\/portal\/en-cobarde-asalto-golpearon-a-mujer-con-un-fierro-para-robarle-su-cartera\/","title":{"rendered":"En cobarde asalto golpearon a mujer con un fierro para robarle su cartera"},"content":{"rendered":"<ul>\n<li><strong><span style=\"color: #ff0000;\">Antisociales provenientes de Colina quedaron tras las rejas:\u00a0<\/span>El hecho ocurri\u00f3 en la esquina de Avenida Yungay con Santo Domingo, luego que los delincuentes abordaran a las v\u00edctimas y tras un forcejeo y golpes les arrebataron las especies que conten\u00edan un tel\u00e9fono celular y dinero en efectivo.<\/strong><\/li>\n<\/ul>\n<p>Un intenso operativo desplegado por parte de Carabineros se desarroll\u00f3 pasada la medianoche de este martes, luego que dos peligrosos delincuentes asaltaron con inusitada violencia a dos mujeres, quienes sufrieron el robo de sus carteras con especies y dinero en efectivo en la esquina de Avenida Yungay con Santo Domingo en San Felipe, siendo finalmente capturados por los uniformados y procesados ante la justicia que decret\u00f3 la cautelar de prisi\u00f3n preventiva.<br \/>\nSeg\u00fan el relato de las v\u00edctimas de 34 y 41 a\u00f1os de edad ante la polic\u00eda, describieron f\u00edsicamente a los dos sujetos que las abordaron mediante amenazas de muerte e insolencias, para robarles sus pertenencias, produci\u00e9ndose un violento forcejeo, quedando una de ellas tendida en el suelo, luego que uno de los delincuentes la agredi\u00f3 con un fierro hasta conseguir ambos las especies y huir en distintas direcciones.<br \/>\nTras requerir auxilio a Carabineros, ambas mujeres acompa\u00f1aron a los uniformados en la patrulla en b\u00fasqueda de estos antisociales por distintas arterias, hasta lograr divisarlos circulando por la avenida Chacabuco, precisamente por el bandej\u00f3n central, quienes al advertir a los uniformados escaparon nuevamente, siendo seguidos a pie por uno de los funcionarios policiales, quien al momento de lograr la captura de uno de los delincuentes, \u00e9ste comenz\u00f3 a agredirlo con golpes de pies y pu\u00f1os para impedir ser esposado.<br \/>\nEl funcionario policial, al momento de revisar entre sus vestimentas, encontr\u00f3 un tel\u00e9fono celular marca Samsung de propiedad de una de las v\u00edctimas, quien adem\u00e1s lo individualiz\u00f3 como uno de los autores del asalto.<br \/>\nLa polic\u00eda uniformada continu\u00f3 los patrullajes en b\u00fasqueda del segundo antisocial, quien fue hallado en medio de la oscuridad tendido en el pasto del bandej\u00f3n de la Alameda Chacabuco, que de la misma forma propin\u00f3 golpes de pies y pu\u00f1os a los polic\u00edas para impedir su captura, siendo reconocido por las v\u00edctimas como el segundo autor del robo.<br \/>\nEn el lugar de la detenci\u00f3n de este sujeto, Carabineros logr\u00f3 la recuperaci\u00f3n de las dos carteras de las v\u00edctimas marca Guess y la suma de $62.250 adem\u00e1s del tel\u00e9fono celular recuperado en la anterior detenci\u00f3n del c\u00f3mplice de estos hechos. Posteriormente las v\u00edctimas debieron asistir hasta el servicio de urgencias del Hospital San Camilo, para la constataci\u00f3n de lesiones que fueron diagnosticadas como contusiones de car\u00e1cter leve.<br \/>\nCarabineros inform\u00f3 que uno de los delincuentes manten\u00eda un bolso, efectuando un cambio de vestuario para despistar su atenci\u00f3n posterior al robo, sin embargo gracias a las mismas v\u00edctimas que acompa\u00f1aron a los uniformados se pudo lograr la individualizaci\u00f3n de estos antisociales, los cuales fueron derivados hasta el Juzgado de Garant\u00eda de San Felipe por el delito de robo con violencia.<\/p>\n<p><strong>PRISI\u00d3N PREVENTIVA<\/strong><br \/>\nLos imputados, fueron identificados como Germ\u00e1n Bustos Sep\u00falveda de 23 a\u00f1os de edad, quien registra antecedentes penales por robo en bienes nacionales y de uso p\u00fablico. En tanto el segundo involucrado Byron Rodrigo Miranda Castro, de 18 a\u00f1os de edad, sin antecedentes policiales.<br \/>\nEstos delincuentes que registran domicilio en la comuna de Colina en la Regi\u00f3n Metropolitana, fueron formalizados por la Fiscal\u00eda quien requiri\u00f3 ante el tribunal la m\u00e1xima cautelar de prisi\u00f3n preventiva, medida que fue acogida por el juez decretando su ingreso hasta la c\u00e1rcel fijando un plazo de investigaci\u00f3n de 60 d\u00edas.<br \/>\n<strong>Pablo Salinas Sald\u00edas<\/strong><\/p>\n<figure id=\"attachment_75706\" aria-describedby=\"caption-attachment-75706\" style=\"width: 530px\" class=\"wp-caption alignleft\"><a href=\"http:\/\/www.eltrabajo.cl\/portal\/en-cobarde-asalto-golpearon-a-mujer-con-un-fierro-para-robarle-su-cartera\/santiaguinos-copia\/\" rel=\"attachment wp-att-75706\"><img data-recalc-dims=\"1\" loading=\"lazy\" decoding=\"async\" class=\"size-full wp-image-75706\" src=\"https:\/\/i0.wp.com\/www.eltrabajo.cl\/portal\/wp-content\/uploads\/2016\/12\/santiaguinos-copia.jpg?resize=530%2C348\" alt=\"Germ\u00e1n Bustos Sep\u00falveda (23) y Byron Miranda Castro (18) provenientes de la comuna de Colina, quedaron en prisi\u00f3n preventiva por el delito de robo con violencia.\" width=\"530\" height=\"348\" srcset=\"https:\/\/i0.wp.com\/eltrabajo.cl\/portal\/wp-content\/uploads\/2016\/12\/santiaguinos-copia.jpg?w=530&amp;ssl=1 530w, https:\/\/i0.wp.com\/eltrabajo.cl\/portal\/wp-content\/uploads\/2016\/12\/santiaguinos-copia.jpg?resize=200%2C131&amp;ssl=1 200w, https:\/\/i0.wp.com\/eltrabajo.cl\/portal\/wp-content\/uploads\/2016\/12\/santiaguinos-copia.jpg?resize=300%2C197&amp;ssl=1 300w, https:\/\/i0.wp.com\/eltrabajo.cl\/portal\/wp-content\/uploads\/2016\/12\/santiaguinos-copia.jpg?resize=228%2C150&amp;ssl=1 228w, https:\/\/i0.wp.com\/eltrabajo.cl\/portal\/wp-content\/uploads\/2016\/12\/santiaguinos-copia.jpg?resize=400%2C263&amp;ssl=1 400w\" sizes=\"auto, (max-width: 530px) 100vw, 530px\" \/><\/a><figcaption id=\"caption-attachment-75706\" class=\"wp-caption-text\">Germ\u00e1n Bustos Sep\u00falveda (23) y Byron Miranda Castro (18) provenientes de la comuna de Colina, quedaron en prisi\u00f3n preventiva por el delito de robo con violencia.<\/figcaption><\/figure>\n","protected":false},"excerpt":{"rendered":"<p>Antisociales provenientes de Colina quedaron tras las rejas:\u00a0El hecho ocurri\u00f3 en la esquina de Avenida Yungay con Santo Domingo, luego que los delincuentes abordaran a las v\u00edctimas y tras un forcejeo y&#8230;<\/p>\n","protected":false},"author":1,"featured_media":75706,"comment_status":"open","ping_status":"open","sticky":false,"template":"","format":"standard","meta":{"advanced_seo_description":"","jetpack_seo_html_title":"","jetpack_seo_noindex":false,"_jetpack_memberships_contains_paid_content":false,"footnotes":""},"categories":[21],"tags":[],"class_list":["post-75705","post","type-post","status-publish","format-standard","has-post-thumbnail","hentry","category-policial"],"jetpack_featured_media_url":"https:\/\/i0.wp.com\/eltrabajo.cl\/portal\/wp-content\/uploads\/2016\/12\/santiaguinos-copia.jpg?fit=530%2C348&ssl=1","jetpack_sharing_enabled":true,"jetpack_likes_enabled":true,"jetpack-related-posts":[],"_links":{"self":[{"href":"https:\/\/eltrabajo.cl\/portal\/wp-json\/wp\/v2\/posts\/75705","targetHints":{"allow":["GET"]}}],"collection":[{"href":"https:\/\/eltrabajo.cl\/portal\/wp-json\/wp\/v2\/posts"}],"about":[{"href":"https:\/\/eltrabajo.cl\/portal\/wp-json\/wp\/v2\/types\/post"}],"author":[{"embeddable":true,"href":"https:\/\/eltrabajo.cl\/portal\/wp-json\/wp\/v2\/users\/1"}],"replies":[{"embeddable":true,"href":"https:\/\/eltrabajo.cl\/portal\/wp-json\/wp\/v2\/comments?post=75705"}],"version-history":[{"count":0,"href":"https:\/\/eltrabajo.cl\/portal\/wp-json\/wp\/v2\/posts\/75705\/revisions"}],"wp:featuredmedia":[{"embeddable":true,"href":"https:\/\/eltrabajo.cl\/portal\/wp-json\/wp\/v2\/media\/75706"}],"wp:attachment":[{"href":"https:\/\/eltrabajo.cl\/portal\/wp-json\/wp\/v2\/media?parent=75705"}],"wp:term":[{"taxonomy":"category","embeddable":true,"href":"https:\/\/eltrabajo.cl\/portal\/wp-json\/wp\/v2\/categories?post=75705"},{"taxonomy":"post_tag","embeddable":true,"href":"https:\/\/eltrabajo.cl\/portal\/wp-json\/wp\/v2\/tags?post=75705"}],"curies":[{"name":"wp","href":"https:\/\/api.w.org\/{rel}","templated":true}]}}