{"id":75709,"date":"2016-12-02T08:31:57","date_gmt":"2016-12-02T11:31:57","guid":{"rendered":"http:\/\/www.eltrabajo.cl\/portal\/?p=75709"},"modified":"2016-12-02T10:04:15","modified_gmt":"2016-12-02T13:04:15","slug":"tribunal-dicta-orden-de-detencion-de-diego-vera-por-no-pago-de-multa","status":"publish","type":"post","link":"https:\/\/eltrabajo.cl\/portal\/tribunal-dicta-orden-de-detencion-de-diego-vera-por-no-pago-de-multa\/","title":{"rendered":"Tribunal dicta orden de detenci\u00f3n de Diego Vera por no pago de multa"},"content":{"rendered":"<ul>\n<li><strong><span style=\"color: #ff0000;\">Condena le ordena cancelar 8 UTM:<\/span>\u00a0Vera Pizarro de 25 a\u00f1os de edad, goza de libertad vigilada intensiva tras ser condenado por conducci\u00f3n de veh\u00edculo en estado de ebriedad, causando la muerte del conocido relator deportivo del CDF, Javier Mu\u00f1oz Delgado.<\/strong><\/li>\n<\/ul>\n<p>Por disposici\u00f3n del Juzgado de Garant\u00eda, este mi\u00e9rcoles 30 de noviembre se despach\u00f3 una orden de detenci\u00f3n en contra de Diego Esteban Vera Pizarro, tras el incumplimiento del pago de una multa de ocho unidades tributarias mensuales equivalentes a $369.464.<br \/>\nRecordemos que Vera Pizarro fue condenado a 5 a\u00f1os de presidio menor, en su grado m\u00e1ximo, gozando de libertad vigilada intensiva por un plazo de cuatro a\u00f1os, por el delito de conducci\u00f3n de veh\u00edculo motorizado en estado de ebriedad causando la muerte del relator deportivo Javier Mu\u00f1oz Delgado.<br \/>\nEl oficio despachado a las polic\u00edas por la Magistrado del Tribunal de Garant\u00eda de San Felipe, Roc\u00edo Oscariz Collarte, detalla que no existe constancia del pago de la multa antes se\u00f1alada que se adhiere a su condena.<br \/>\nDe acuerdo a lo dispuesto en el art\u00edculo 49 del C\u00f3digo Procesal Penal, faculta al tribunal a despachar una orden de detenci\u00f3n por incumplimiento de pago en el plazo previamente establecido. En el escrito judicial se contempla que en el supuesto que el condenado acreditase el pago de las ocho unidades tributarias mensuales en el acto, ser\u00e1 dejado en libertad inmediata.<br \/>\nCabe se\u00f1alar que Diego Vera se encuentra en libertad condicional desde el 30 de agosto del 2016, luego de haber cumplido un a\u00f1o en la c\u00e1rcel como lo establece la modificada \u2018Ley Emilia\u2019. El joven de 25 a\u00f1os de edad estar\u00e1 sometido a supervisi\u00f3n de la pena sustitutiva desde la c\u00e1rcel de Los Andes hasta el 30 de agosto del a\u00f1o 2020.<br \/>\n<strong>Pablo Salinas Sald\u00edas<\/strong><\/p>\n<figure id=\"attachment_75710\" aria-describedby=\"caption-attachment-75710\" style=\"width: 530px\" class=\"wp-caption alignleft\"><a href=\"http:\/\/www.eltrabajo.cl\/portal\/tribunal-dicta-orden-de-detencion-de-diego-vera-por-no-pago-de-multa\/diego-vera-pizarro-1-2\/\" rel=\"attachment wp-att-75710\"><img data-recalc-dims=\"1\" loading=\"lazy\" decoding=\"async\" class=\"size-full wp-image-75710\" src=\"https:\/\/i0.wp.com\/www.eltrabajo.cl\/portal\/wp-content\/uploads\/2016\/12\/DIEGO-VERA-PIZARRO-1.jpg?resize=530%2C349\" alt=\"Diego Vera Pizarro, goza de libertad condicional tras haber sido enjuiciado por la muerte del relator deportivo Javier Mu\u00f1oz Delgado.\" width=\"530\" height=\"349\" srcset=\"https:\/\/i0.wp.com\/eltrabajo.cl\/portal\/wp-content\/uploads\/2016\/12\/DIEGO-VERA-PIZARRO-1.jpg?w=530&amp;ssl=1 530w, https:\/\/i0.wp.com\/eltrabajo.cl\/portal\/wp-content\/uploads\/2016\/12\/DIEGO-VERA-PIZARRO-1.jpg?resize=200%2C132&amp;ssl=1 200w, https:\/\/i0.wp.com\/eltrabajo.cl\/portal\/wp-content\/uploads\/2016\/12\/DIEGO-VERA-PIZARRO-1.jpg?resize=300%2C198&amp;ssl=1 300w, https:\/\/i0.wp.com\/eltrabajo.cl\/portal\/wp-content\/uploads\/2016\/12\/DIEGO-VERA-PIZARRO-1.jpg?resize=228%2C150&amp;ssl=1 228w, https:\/\/i0.wp.com\/eltrabajo.cl\/portal\/wp-content\/uploads\/2016\/12\/DIEGO-VERA-PIZARRO-1.jpg?resize=400%2C263&amp;ssl=1 400w\" sizes=\"auto, (max-width: 530px) 100vw, 530px\" \/><\/a><figcaption id=\"caption-attachment-75710\" class=\"wp-caption-text\">Diego Vera Pizarro, goza de libertad condicional tras haber sido enjuiciado por la muerte del relator deportivo Javier Mu\u00f1oz Delgado.<\/figcaption><\/figure>\n<figure id=\"attachment_75711\" aria-describedby=\"caption-attachment-75711\" style=\"width: 530px\" class=\"wp-caption alignleft\"><a href=\"http:\/\/www.eltrabajo.cl\/portal\/tribunal-dicta-orden-de-detencion-de-diego-vera-por-no-pago-de-multa\/oficio-tribunal\/\" rel=\"attachment wp-att-75711\"><img data-recalc-dims=\"1\" loading=\"lazy\" decoding=\"async\" class=\"size-full wp-image-75711\" src=\"https:\/\/i0.wp.com\/www.eltrabajo.cl\/portal\/wp-content\/uploads\/2016\/12\/OFICIO-TRIBUNAL.jpg?resize=530%2C348\" alt=\"El oficio emitido este mi\u00e9rcoles por el Juzgado de Garant\u00eda de San Felipe, detalla que se despach\u00f3 una orden de detenci\u00f3n contra Diego Vera Pizarro.\" width=\"530\" height=\"348\" srcset=\"https:\/\/i0.wp.com\/eltrabajo.cl\/portal\/wp-content\/uploads\/2016\/12\/OFICIO-TRIBUNAL.jpg?w=530&amp;ssl=1 530w, https:\/\/i0.wp.com\/eltrabajo.cl\/portal\/wp-content\/uploads\/2016\/12\/OFICIO-TRIBUNAL.jpg?resize=200%2C131&amp;ssl=1 200w, https:\/\/i0.wp.com\/eltrabajo.cl\/portal\/wp-content\/uploads\/2016\/12\/OFICIO-TRIBUNAL.jpg?resize=300%2C197&amp;ssl=1 300w, https:\/\/i0.wp.com\/eltrabajo.cl\/portal\/wp-content\/uploads\/2016\/12\/OFICIO-TRIBUNAL.jpg?resize=228%2C150&amp;ssl=1 228w, https:\/\/i0.wp.com\/eltrabajo.cl\/portal\/wp-content\/uploads\/2016\/12\/OFICIO-TRIBUNAL.jpg?resize=400%2C263&amp;ssl=1 400w\" sizes=\"auto, (max-width: 530px) 100vw, 530px\" \/><\/a><figcaption id=\"caption-attachment-75711\" class=\"wp-caption-text\">El oficio emitido este mi\u00e9rcoles por el Juzgado de Garant\u00eda de San Felipe, detalla que se despach\u00f3 una orden de detenci\u00f3n contra Diego Vera Pizarro.<\/figcaption><\/figure>\n","protected":false},"excerpt":{"rendered":"<p>Condena le ordena cancelar 8 UTM:\u00a0Vera Pizarro de 25 a\u00f1os de edad, goza de libertad vigilada intensiva tras ser condenado por conducci\u00f3n de veh\u00edculo en estado de ebriedad, causando la muerte del&#8230;<\/p>\n","protected":false},"author":1,"featured_media":75710,"comment_status":"open","ping_status":"open","sticky":false,"template":"","format":"standard","meta":{"advanced_seo_description":"","jetpack_seo_html_title":"","jetpack_seo_noindex":false,"_jetpack_memberships_contains_paid_content":false,"footnotes":""},"categories":[21],"tags":[],"class_list":["post-75709","post","type-post","status-publish","format-standard","has-post-thumbnail","hentry","category-policial"],"jetpack_featured_media_url":"https:\/\/i0.wp.com\/eltrabajo.cl\/portal\/wp-content\/uploads\/2016\/12\/DIEGO-VERA-PIZARRO-1.jpg?fit=530%2C349&ssl=1","jetpack_sharing_enabled":true,"jetpack_likes_enabled":true,"jetpack-related-posts":[],"_links":{"self":[{"href":"https:\/\/eltrabajo.cl\/portal\/wp-json\/wp\/v2\/posts\/75709","targetHints":{"allow":["GET"]}}],"collection":[{"href":"https:\/\/eltrabajo.cl\/portal\/wp-json\/wp\/v2\/posts"}],"about":[{"href":"https:\/\/eltrabajo.cl\/portal\/wp-json\/wp\/v2\/types\/post"}],"author":[{"embeddable":true,"href":"https:\/\/eltrabajo.cl\/portal\/wp-json\/wp\/v2\/users\/1"}],"replies":[{"embeddable":true,"href":"https:\/\/eltrabajo.cl\/portal\/wp-json\/wp\/v2\/comments?post=75709"}],"version-history":[{"count":0,"href":"https:\/\/eltrabajo.cl\/portal\/wp-json\/wp\/v2\/posts\/75709\/revisions"}],"wp:featuredmedia":[{"embeddable":true,"href":"https:\/\/eltrabajo.cl\/portal\/wp-json\/wp\/v2\/media\/75710"}],"wp:attachment":[{"href":"https:\/\/eltrabajo.cl\/portal\/wp-json\/wp\/v2\/media?parent=75709"}],"wp:term":[{"taxonomy":"category","embeddable":true,"href":"https:\/\/eltrabajo.cl\/portal\/wp-json\/wp\/v2\/categories?post=75709"},{"taxonomy":"post_tag","embeddable":true,"href":"https:\/\/eltrabajo.cl\/portal\/wp-json\/wp\/v2\/tags?post=75709"}],"curies":[{"name":"wp","href":"https:\/\/api.w.org\/{rel}","templated":true}]}}