{"id":75714,"date":"2016-12-02T08:35:34","date_gmt":"2016-12-02T11:35:34","guid":{"rendered":"http:\/\/www.eltrabajo.cl\/portal\/?p=75714"},"modified":"2016-12-02T08:35:34","modified_gmt":"2016-12-02T11:35:34","slug":"reclusos-expondran-sus-productos-en-expo-feria-instalada-en-el-aiep","status":"publish","type":"post","link":"https:\/\/eltrabajo.cl\/portal\/reclusos-expondran-sus-productos-en-expo-feria-instalada-en-el-aiep\/","title":{"rendered":"Reclusos expondr\u00e1n sus productos en Expo-Feria instalada en el Aiep"},"content":{"rendered":"<ul>\n<li><strong><span style=\"color: #ff0000;\">Ma\u00f1ana desde las 10 hasta las 14 horas:<\/span>\u00a0Iniciativa de un proyecto de T\u00edtulo de la carrera de Trabajo Social, pretende generar recursos para mejorar las condiciones en las que trabajan dentro del recinto penal y, a la vez, entregar herramientas laborales que sirvan a los internos para crear emprendimientos al momento de recuperar su libertad.<\/strong><\/li>\n<\/ul>\n<p>Ma\u00f1ana s\u00e1bado entre las 10 y las 14 horas en dependencias del Instituto Aiep San Felipe, se estar\u00e1 llevando a cabo la Expo Feria, con los diversos productos fabricados por los reclusos participantes de los Talleres Socio-Laborales del Centro de Cumplimiento Penitenciario, CCP, San Felipe.<br \/>\nLa iniciativa, parte de 3 estudiantes de Trabajo Social de esta Instituci\u00f3n de Educaci\u00f3n Superior, que en su Proyecto de T\u00edtulo denominado \u2018Una Visi\u00f3n de Futuro\u2019, realizaron una intervenci\u00f3n, con la cual, pretenden difundir el trabajo que se realiza dentro del recinto penal, as\u00ed como tambi\u00e9n, entregar una gu\u00eda laboral a los internos, para que estos logren la reinserci\u00f3n social, una vez que hayan cumplido sus condenas.<br \/>\nAs\u00ed lo dio a conocer, Karla Rodr\u00edguez Rodr\u00edguez, una de las precursoras de esta iniciativa quien asegur\u00f3 que el objetivo principal de esta iniciativa es integrar herramientas socio-laborales a los reclusos, para que ellos tengan conocimiento de los tipos de proyectos, beneficios y capitales a los que pueden postular al momento de recuperar su libertad.<br \/>\n\u201cLa idea de nuestro proyecto es acercar a las redes laborales y de capacitaci\u00f3n existentes fuera del CCP, a los reos, entonces trajimos una Fundaci\u00f3n de Playa Ancha, la Escuela de Plan de Negocios del Aiep, nos ayud\u00f3 para que ellos pudieran emprender y todo eso apuntando a que ellos desde dentro de la c\u00e1rcel puedan generar recursos econ\u00f3micos, vendiendo sus productos\u201d, asegur\u00f3 Rodr\u00edguez.<br \/>\nEl grupo trabaj\u00f3 con 22 internos del CCP San Felipe, con quienes tuvieron contacto directo para conocer las necesidades que actualmente presentan estos talleres, desde donde finalmente nace este proyecto de Trabajo Social, tal como lo describi\u00f3 Valentina Espinoza Villanueva, quien detall\u00f3 que \u201ces muy desconocida el \u00e1rea de los talleres laborales de la c\u00e1rcel, entonces el potencial con el que uno se encuentra es desconocido y eso es lo importante, dar a conocer a la sociedad, que los reos cuentan con las ganas de salir adelante y generar cambios positivos para su vida\u201d, valor\u00f3 la joven<br \/>\nA su vez, Nicole Rodr\u00edguez Riquelme, hizo \u00e9nfasis en que, este tipo de proyectos, puede contribuir a mejorar las condiciones en las que se desarrollan los Talleres Socio-Laborales al interior del CCP, los cuales, presentan carencias de insumos, herramientas e infraestructura, que limitan el n\u00famero de reos que puede optar a un proceso de capacitaci\u00f3n y futuro emprendimiento.<br \/>\n\u201cHay que estar trabajando con ellos, para darse cuenta que les hacen falta materiales, recursos financieros, infraestructura, por ejemplo, hay talleres que, se imparten a cierta cantidad de personas porque no pueden entrar m\u00e1s y eso deja sin la posibilidad a otras personas que quieren capacitarse para luego lograr la reinserci\u00f3n social y eso es s\u00faper desfavorable a la hora de hablar de bajar los niveles de reincidencia delictual\u201d, sentenci\u00f3 la futura Trabajadora Social.<br \/>\nDe este modo, el tr\u00edo de estudiantes hace el llamado a la comunidad a visitar la Expo Feria, donde se expondr\u00e1n distintos tipos de trabajo, tales como: calzado, forja art\u00edstica, obras en torner\u00eda y soldadura, pinturas, productos en cuero, madera y mimbre.<br \/>\n\u201cQueremos que la ciudadan\u00eda sepa que en la C\u00e1rcel se hacen trabajos de muy buena calidad, que no tienen nada que envidiarle a una zapater\u00eda, a una tienda de muebles o del retail, porque, incluso pueden encontrar la exclusividad que hoy en d\u00eda es tan cotizada (\u2026) as\u00ed que invitamos a la comunidad a que se acerquen y podamos sacar un poco el estigma que en la c\u00e1rcel los presos no quieren salir adelante, hay gente que realmente quiere un cambio para su vida\u201d, concluyeron las futuras profesionales.<br \/>\nFoto 1 Valentina Espinoza Villanueva (a la izquierda), Karla Rodr\u00edguez Rodr\u00edguez (al centro) y Nicole Rodr\u00edguez Riquelme (a la derecha), estudiantes de Trabajo Social del Instituto Aiep San Felipe, que a mediante su trabajo de T\u00edtulo, desean contribuir con la efectiva reinserci\u00f3n social de los reclusos del CCP San Felipe.<\/p>\n<figure id=\"attachment_75715\" aria-describedby=\"caption-attachment-75715\" style=\"width: 530px\" class=\"wp-caption alignleft\"><a href=\"http:\/\/www.eltrabajo.cl\/portal\/reclusos-expondran-sus-productos-en-expo-feria-instalada-en-el-aiep\/foto-2-algunos-de-los-trabajos\/\" rel=\"attachment wp-att-75715\"><img data-recalc-dims=\"1\" loading=\"lazy\" decoding=\"async\" class=\"size-full wp-image-75715\" src=\"https:\/\/i0.wp.com\/www.eltrabajo.cl\/portal\/wp-content\/uploads\/2016\/12\/FOTO-2-algunos-de-los-trabajos.jpg?resize=530%2C349\" alt=\"Algunos de los Trabajos realizados por los internos participantes en los Talleres Socio-Laborales del CCP San Felipe, productos que ser\u00e1n puestos a la venta en Expo-Feria a realizarse ma\u00f1ana.\" width=\"530\" height=\"349\" srcset=\"https:\/\/i0.wp.com\/eltrabajo.cl\/portal\/wp-content\/uploads\/2016\/12\/FOTO-2-algunos-de-los-trabajos.jpg?w=530&amp;ssl=1 530w, https:\/\/i0.wp.com\/eltrabajo.cl\/portal\/wp-content\/uploads\/2016\/12\/FOTO-2-algunos-de-los-trabajos.jpg?resize=200%2C132&amp;ssl=1 200w, https:\/\/i0.wp.com\/eltrabajo.cl\/portal\/wp-content\/uploads\/2016\/12\/FOTO-2-algunos-de-los-trabajos.jpg?resize=300%2C198&amp;ssl=1 300w, https:\/\/i0.wp.com\/eltrabajo.cl\/portal\/wp-content\/uploads\/2016\/12\/FOTO-2-algunos-de-los-trabajos.jpg?resize=228%2C150&amp;ssl=1 228w, https:\/\/i0.wp.com\/eltrabajo.cl\/portal\/wp-content\/uploads\/2016\/12\/FOTO-2-algunos-de-los-trabajos.jpg?resize=400%2C263&amp;ssl=1 400w\" sizes=\"auto, (max-width: 530px) 100vw, 530px\" \/><\/a><figcaption id=\"caption-attachment-75715\" class=\"wp-caption-text\">Algunos de los Trabajos realizados por los internos participantes en los Talleres Socio-Laborales del CCP San Felipe, productos que ser\u00e1n puestos a la venta en Expo-Feria a realizarse ma\u00f1ana.<\/figcaption><\/figure>\n","protected":false},"excerpt":{"rendered":"<p>Ma\u00f1ana desde las 10 hasta las 14 horas:\u00a0Iniciativa de un proyecto de T\u00edtulo de la carrera de Trabajo Social, pretende generar recursos para mejorar las condiciones en las que trabajan dentro del&#8230;<\/p>\n","protected":false},"author":1,"featured_media":75715,"comment_status":"open","ping_status":"open","sticky":false,"template":"","format":"standard","meta":{"advanced_seo_description":"","jetpack_seo_html_title":"","jetpack_seo_noindex":false,"_jetpack_memberships_contains_paid_content":false,"footnotes":""},"categories":[1],"tags":[],"class_list":["post-75714","post","type-post","status-publish","format-standard","has-post-thumbnail","hentry","category-cronica"],"jetpack_featured_media_url":"https:\/\/i0.wp.com\/eltrabajo.cl\/portal\/wp-content\/uploads\/2016\/12\/FOTO-2-algunos-de-los-trabajos.jpg?fit=530%2C349&ssl=1","jetpack_sharing_enabled":true,"jetpack_likes_enabled":true,"jetpack-related-posts":[],"_links":{"self":[{"href":"https:\/\/eltrabajo.cl\/portal\/wp-json\/wp\/v2\/posts\/75714","targetHints":{"allow":["GET"]}}],"collection":[{"href":"https:\/\/eltrabajo.cl\/portal\/wp-json\/wp\/v2\/posts"}],"about":[{"href":"https:\/\/eltrabajo.cl\/portal\/wp-json\/wp\/v2\/types\/post"}],"author":[{"embeddable":true,"href":"https:\/\/eltrabajo.cl\/portal\/wp-json\/wp\/v2\/users\/1"}],"replies":[{"embeddable":true,"href":"https:\/\/eltrabajo.cl\/portal\/wp-json\/wp\/v2\/comments?post=75714"}],"version-history":[{"count":0,"href":"https:\/\/eltrabajo.cl\/portal\/wp-json\/wp\/v2\/posts\/75714\/revisions"}],"wp:featuredmedia":[{"embeddable":true,"href":"https:\/\/eltrabajo.cl\/portal\/wp-json\/wp\/v2\/media\/75715"}],"wp:attachment":[{"href":"https:\/\/eltrabajo.cl\/portal\/wp-json\/wp\/v2\/media?parent=75714"}],"wp:term":[{"taxonomy":"category","embeddable":true,"href":"https:\/\/eltrabajo.cl\/portal\/wp-json\/wp\/v2\/categories?post=75714"},{"taxonomy":"post_tag","embeddable":true,"href":"https:\/\/eltrabajo.cl\/portal\/wp-json\/wp\/v2\/tags?post=75714"}],"curies":[{"name":"wp","href":"https:\/\/api.w.org\/{rel}","templated":true}]}}