{"id":75718,"date":"2016-12-02T08:42:56","date_gmt":"2016-12-02T11:42:56","guid":{"rendered":"http:\/\/www.eltrabajo.cl\/portal\/?p=75718"},"modified":"2016-12-02T08:42:56","modified_gmt":"2016-12-02T11:42:56","slug":"con-entrega-informacion-y-condones-celebran-dia-internacional-contra-el-sida","status":"publish","type":"post","link":"https:\/\/eltrabajo.cl\/portal\/con-entrega-informacion-y-condones-celebran-dia-internacional-contra-el-sida\/","title":{"rendered":"Con entrega informaci\u00f3n y condones celebran D\u00eda Internacional contra el Sida"},"content":{"rendered":"<ul>\n<li><strong>Cruz Roja San Felipe:\u00a0<\/strong><\/li>\n<\/ul>\n<p>Instalados en la plaza de armas de San Felipe y entregando informaci\u00f3n sobre el Sida, la Cruz Roja de la ciudad conmemor\u00f3 el D\u00eda Internacional contra el Sida a parte de retomar la campa\u00f1a para prevenir este tipo de enfermedad, que aqueja a muchas personas en el mundo, a Chile y por ende a la Provincia de San Felipe.<br \/>\nLa presidente de la Sede San Felipe Mar\u00eda G\u00f3mez, dijo que con esto ellos est\u00e1n retomando la campa\u00f1a contra el VIH Sida: \u201cLa verdad que es preocupante el \u00edndice que hay de personas contaminadas y de gente que no sabe, por eso es bueno que se retome la campa\u00f1a justamente para prevenir a futuro males mayores sabiendo que esto los lleva a la muerte si no se cuidan\u201d, dice.<br \/>\nLa campa\u00f1a de ayer consisti\u00f3 en entregar material informativo, condones, para la protecci\u00f3n pese a haber otro tipo de cuidados como pareja estable.<br \/>\nLas personas que tienen dudas acercarse al Hospital, lo hacen en forma privada. Porque le han preguntado mucho sobre esa situaci\u00f3n.<br \/>\nSe sabe que hay un lugar espec\u00edfico donde entregan informaci\u00f3n sobre la enfermedad, es confidencial, la persona puede ir con toda confianza. Por ese es el temor de la gente de darse a conocer y preguntar \u201ca nosotros nos ha pasado han llegado j\u00f3venes llorando a la sede con la tremenda duda, por eso es sumamente importante hacer un llamado a que las parejas sean estables, se cuiden y metan a leer un poquito por internet para saber c\u00f3mo est\u00e1 la estad\u00edstica de esta enfermedad\u201d, sostuvo.<br \/>\nLas personas pueden ir cualquier d\u00eda de semana a la sede de la Cruz Roja en San Felipe a retirar informaci\u00f3n.<\/p>\n<p>El Sida est\u00e1 en el GES antiguo Auge<br \/>\nConsultada sobre cifras en San Felipe indic\u00f3 no tener el dato preciso pero se sabe que es alto comparando la cantidad de habitantes.<\/p>\n<p><strong>ADOLESCENTES Y DUE\u00d1AS DE CASA\u00a0<\/strong><br \/>\nLos datos m\u00e1s preocupantes para los expertos, es que el Sida ha aumentado entre adolescentes y due\u00f1as de casa.<br \/>\nEn el caso de los adolescentes, los contagios de VIH y Sida pasaron de una tasa de 14,6% en el quinquenio de 1999-2003 a 31,3%\u00a0en el quinquenio de 2009-2013. Cifra empujada por el fuerte aumento entre los hombres j\u00f3venes. Seg\u00fan los datos preliminares del Minsal, en 2014 y 2015 esas cifras se mantuvieron estables.<br \/>\nEn relaci\u00f3n a las mujeres, los datos del Minsal muestran que mientras la tasa de contagios (cada 100 mil habitantes)\u00a0en mujeres de 40 a 49 a\u00f1os era de 3,8% el 2005, diez a\u00f1os despu\u00e9s esta cifra subi\u00f3 a 7%\u00a0(seg\u00fan los datos preliminares 2015).<br \/>\nEn el caso de los hombres, el aumento m\u00e1s explosivo se registra entre los 20 y los 29 a\u00f1os, pasando de una tasa de 28,1% el 2005 a 60,9 el 2015, con un peak de 65% el 2014.<\/p>\n<figure id=\"attachment_75719\" aria-describedby=\"caption-attachment-75719\" style=\"width: 530px\" class=\"wp-caption alignleft\"><a href=\"http:\/\/www.eltrabajo.cl\/portal\/con-entrega-informacion-y-condones-celebran-dia-internacional-contra-el-sida\/cruz_roja1\/\" rel=\"attachment wp-att-75719\"><img data-recalc-dims=\"1\" loading=\"lazy\" decoding=\"async\" class=\"size-full wp-image-75719\" src=\"https:\/\/i0.wp.com\/www.eltrabajo.cl\/portal\/wp-content\/uploads\/2016\/12\/Cruz_Roja1.jpg?resize=530%2C348\" alt=\"Las voluntarias instaladas en su stand en plaza de armas.\" width=\"530\" height=\"348\" srcset=\"https:\/\/i0.wp.com\/eltrabajo.cl\/portal\/wp-content\/uploads\/2016\/12\/Cruz_Roja1.jpg?w=530&amp;ssl=1 530w, https:\/\/i0.wp.com\/eltrabajo.cl\/portal\/wp-content\/uploads\/2016\/12\/Cruz_Roja1.jpg?resize=200%2C131&amp;ssl=1 200w, https:\/\/i0.wp.com\/eltrabajo.cl\/portal\/wp-content\/uploads\/2016\/12\/Cruz_Roja1.jpg?resize=300%2C197&amp;ssl=1 300w, https:\/\/i0.wp.com\/eltrabajo.cl\/portal\/wp-content\/uploads\/2016\/12\/Cruz_Roja1.jpg?resize=228%2C150&amp;ssl=1 228w, https:\/\/i0.wp.com\/eltrabajo.cl\/portal\/wp-content\/uploads\/2016\/12\/Cruz_Roja1.jpg?resize=400%2C263&amp;ssl=1 400w\" sizes=\"auto, (max-width: 530px) 100vw, 530px\" \/><\/a><figcaption id=\"caption-attachment-75719\" class=\"wp-caption-text\">Las voluntarias instaladas en su stand en plaza de armas.<\/figcaption><\/figure>\n","protected":false},"excerpt":{"rendered":"<p>Cruz Roja San Felipe:\u00a0 Instalados en la plaza de armas de San Felipe y entregando informaci\u00f3n sobre el Sida, la Cruz Roja de la ciudad conmemor\u00f3 el D\u00eda Internacional contra el Sida&#8230;<\/p>\n","protected":false},"author":1,"featured_media":75719,"comment_status":"open","ping_status":"open","sticky":false,"template":"","format":"standard","meta":{"advanced_seo_description":"","jetpack_seo_html_title":"","jetpack_seo_noindex":false,"_jetpack_memberships_contains_paid_content":false,"footnotes":""},"categories":[1],"tags":[],"class_list":["post-75718","post","type-post","status-publish","format-standard","has-post-thumbnail","hentry","category-cronica"],"jetpack_featured_media_url":"https:\/\/i0.wp.com\/eltrabajo.cl\/portal\/wp-content\/uploads\/2016\/12\/Cruz_Roja1.jpg?fit=530%2C348&ssl=1","jetpack_sharing_enabled":true,"jetpack_likes_enabled":true,"jetpack-related-posts":[],"_links":{"self":[{"href":"https:\/\/eltrabajo.cl\/portal\/wp-json\/wp\/v2\/posts\/75718","targetHints":{"allow":["GET"]}}],"collection":[{"href":"https:\/\/eltrabajo.cl\/portal\/wp-json\/wp\/v2\/posts"}],"about":[{"href":"https:\/\/eltrabajo.cl\/portal\/wp-json\/wp\/v2\/types\/post"}],"author":[{"embeddable":true,"href":"https:\/\/eltrabajo.cl\/portal\/wp-json\/wp\/v2\/users\/1"}],"replies":[{"embeddable":true,"href":"https:\/\/eltrabajo.cl\/portal\/wp-json\/wp\/v2\/comments?post=75718"}],"version-history":[{"count":0,"href":"https:\/\/eltrabajo.cl\/portal\/wp-json\/wp\/v2\/posts\/75718\/revisions"}],"wp:featuredmedia":[{"embeddable":true,"href":"https:\/\/eltrabajo.cl\/portal\/wp-json\/wp\/v2\/media\/75719"}],"wp:attachment":[{"href":"https:\/\/eltrabajo.cl\/portal\/wp-json\/wp\/v2\/media?parent=75718"}],"wp:term":[{"taxonomy":"category","embeddable":true,"href":"https:\/\/eltrabajo.cl\/portal\/wp-json\/wp\/v2\/categories?post=75718"},{"taxonomy":"post_tag","embeddable":true,"href":"https:\/\/eltrabajo.cl\/portal\/wp-json\/wp\/v2\/tags?post=75718"}],"curies":[{"name":"wp","href":"https:\/\/api.w.org\/{rel}","templated":true}]}}