{"id":75722,"date":"2016-12-02T08:48:32","date_gmt":"2016-12-02T11:48:32","guid":{"rendered":"http:\/\/www.eltrabajo.cl\/portal\/?p=75722"},"modified":"2016-12-02T08:48:32","modified_gmt":"2016-12-02T11:48:32","slug":"escuela-de-tierras-blancas-cierra-su-ano-con-grandes-logros","status":"publish","type":"post","link":"https:\/\/eltrabajo.cl\/portal\/escuela-de-tierras-blancas-cierra-su-ano-con-grandes-logros\/","title":{"rendered":"Escuela de Tierras Blancas cierra su a\u00f1o con grandes logros"},"content":{"rendered":"<ul>\n<li><strong>Proyectos y viajes programados:<\/strong><\/li>\n<\/ul>\n<p>Unas 350 personas entre ellas apoderados; invitados especiales; estudiantes de b\u00e1sica y preb\u00e1sica, as\u00ed como docentes y autoridades comunales, fueron las que asistieron a la Escuela Mateo Cokljat, de Tierras Blancas, centro educativo en el que su directora Marcia Endara, desarroll\u00f3 una muestra art\u00edstica de fin de a\u00f1o escolar.<br \/>\nEn la actividad, hubo ricas comidas para los presentes; bailes t\u00edpicos de nuestro pa\u00eds; presentaciones musicales y danzas propias de nuestros Pueblos Originarios, todo ello interpretado por los mismo estudiantes de la escuela.<br \/>\n\u00abTambi\u00e9n quiero recordar c\u00f3mo crecimos durante el a\u00f1o en calidad de comunidad educativa; los estudiantes y profesores viajaron a distintas partes e instituciones de nuestro pa\u00eds y tambi\u00e9n a nivel interno nuestros alumnos pudieron desarrollar su huerto escolar e inaugurar el nuevo CRA escolar, un a\u00f1o lleno de \u00e9xitos que hoy queremos recordar\u00bb, dijo a Diario El Trabajo la directora de la escuela, Marcia Endara Carrasco.<br \/>\n<strong>Roberto Gonz\u00e1lez Short<\/strong><\/p>\n<figure id=\"attachment_75724\" aria-describedby=\"caption-attachment-75724\" style=\"width: 530px\" class=\"wp-caption alignleft\"><a href=\"http:\/\/www.eltrabajo.cl\/portal\/escuela-de-tierras-blancas-cierra-su-ano-con-grandes-logros\/armada1-2\/\" rel=\"attachment wp-att-75724\"><img data-recalc-dims=\"1\" loading=\"lazy\" decoding=\"async\" class=\"size-full wp-image-75724\" src=\"https:\/\/i0.wp.com\/www.eltrabajo.cl\/portal\/wp-content\/uploads\/2016\/12\/Armada1.jpg?resize=530%2C350\" alt=\"VIAJE FANT\u00c1STICO.- Estas dos peque\u00f1itas visitaron la Armada de Chile, en Valpara\u00edso, ah\u00ed fueron atendidas como due\u00f1as de casa.\" width=\"530\" height=\"350\" srcset=\"https:\/\/i0.wp.com\/eltrabajo.cl\/portal\/wp-content\/uploads\/2016\/12\/Armada1.jpg?w=530&amp;ssl=1 530w, https:\/\/i0.wp.com\/eltrabajo.cl\/portal\/wp-content\/uploads\/2016\/12\/Armada1.jpg?resize=200%2C132&amp;ssl=1 200w, https:\/\/i0.wp.com\/eltrabajo.cl\/portal\/wp-content\/uploads\/2016\/12\/Armada1.jpg?resize=300%2C198&amp;ssl=1 300w, https:\/\/i0.wp.com\/eltrabajo.cl\/portal\/wp-content\/uploads\/2016\/12\/Armada1.jpg?resize=227%2C150&amp;ssl=1 227w, https:\/\/i0.wp.com\/eltrabajo.cl\/portal\/wp-content\/uploads\/2016\/12\/Armada1.jpg?resize=400%2C264&amp;ssl=1 400w\" sizes=\"auto, (max-width: 530px) 100vw, 530px\" \/><\/a><figcaption id=\"caption-attachment-75724\" class=\"wp-caption-text\">VIAJE FANT\u00c1STICO.- Estas dos peque\u00f1itas visitaron la Armada de Chile, en Valpara\u00edso, ah\u00ed fueron atendidas como due\u00f1as de casa.<\/figcaption><\/figure>\n<figure id=\"attachment_75725\" aria-describedby=\"caption-attachment-75725\" style=\"width: 530px\" class=\"wp-caption alignleft\"><a href=\"http:\/\/www.eltrabajo.cl\/portal\/escuela-de-tierras-blancas-cierra-su-ano-con-grandes-logros\/melenudos1\/\" rel=\"attachment wp-att-75725\"><img data-recalc-dims=\"1\" loading=\"lazy\" decoding=\"async\" class=\"size-full wp-image-75725\" src=\"https:\/\/i0.wp.com\/www.eltrabajo.cl\/portal\/wp-content\/uploads\/2016\/12\/Melenudos1.jpg?resize=530%2C350\" alt=\"LA NUEVA OLA.- Aqu\u00ed tenemos a estos peque\u00f1itos, quienes prefirieron interpretar a los artistas de La Nueva Ola, con canciones y ropa incluidas.\" width=\"530\" height=\"350\" srcset=\"https:\/\/i0.wp.com\/eltrabajo.cl\/portal\/wp-content\/uploads\/2016\/12\/Melenudos1.jpg?w=530&amp;ssl=1 530w, https:\/\/i0.wp.com\/eltrabajo.cl\/portal\/wp-content\/uploads\/2016\/12\/Melenudos1.jpg?resize=200%2C132&amp;ssl=1 200w, https:\/\/i0.wp.com\/eltrabajo.cl\/portal\/wp-content\/uploads\/2016\/12\/Melenudos1.jpg?resize=300%2C198&amp;ssl=1 300w, https:\/\/i0.wp.com\/eltrabajo.cl\/portal\/wp-content\/uploads\/2016\/12\/Melenudos1.jpg?resize=227%2C150&amp;ssl=1 227w, https:\/\/i0.wp.com\/eltrabajo.cl\/portal\/wp-content\/uploads\/2016\/12\/Melenudos1.jpg?resize=400%2C264&amp;ssl=1 400w\" sizes=\"auto, (max-width: 530px) 100vw, 530px\" \/><\/a><figcaption id=\"caption-attachment-75725\" class=\"wp-caption-text\">LA NUEVA OLA.- Aqu\u00ed tenemos a estos peque\u00f1itos, quienes prefirieron interpretar a los artistas de La Nueva Ola, con canciones y ropa incluidas.<\/figcaption><\/figure>\n<figure id=\"attachment_75726\" aria-describedby=\"caption-attachment-75726\" style=\"width: 530px\" class=\"wp-caption alignleft\"><a href=\"http:\/\/www.eltrabajo.cl\/portal\/escuela-de-tierras-blancas-cierra-su-ano-con-grandes-logros\/pueblos1-2\/\" rel=\"attachment wp-att-75726\"><img data-recalc-dims=\"1\" loading=\"lazy\" decoding=\"async\" class=\"size-full wp-image-75726\" src=\"https:\/\/i0.wp.com\/www.eltrabajo.cl\/portal\/wp-content\/uploads\/2016\/12\/Pueblos1.jpg?resize=530%2C348\" alt=\"PUEBLOS ORIGINARIOS.- Aqu\u00ed vemos a estos peque\u00f1ines, quienes tambi\u00e9n interpretaron a personas originarias de nuestro pa\u00eds.\" width=\"530\" height=\"348\" srcset=\"https:\/\/i0.wp.com\/eltrabajo.cl\/portal\/wp-content\/uploads\/2016\/12\/Pueblos1.jpg?w=530&amp;ssl=1 530w, https:\/\/i0.wp.com\/eltrabajo.cl\/portal\/wp-content\/uploads\/2016\/12\/Pueblos1.jpg?resize=200%2C131&amp;ssl=1 200w, https:\/\/i0.wp.com\/eltrabajo.cl\/portal\/wp-content\/uploads\/2016\/12\/Pueblos1.jpg?resize=300%2C197&amp;ssl=1 300w, https:\/\/i0.wp.com\/eltrabajo.cl\/portal\/wp-content\/uploads\/2016\/12\/Pueblos1.jpg?resize=228%2C150&amp;ssl=1 228w, https:\/\/i0.wp.com\/eltrabajo.cl\/portal\/wp-content\/uploads\/2016\/12\/Pueblos1.jpg?resize=400%2C263&amp;ssl=1 400w\" sizes=\"auto, (max-width: 530px) 100vw, 530px\" \/><\/a><figcaption id=\"caption-attachment-75726\" class=\"wp-caption-text\">PUEBLOS ORIGINARIOS.- Aqu\u00ed vemos a estos peque\u00f1ines, quienes tambi\u00e9n interpretaron a personas originarias de nuestro pa\u00eds.<\/figcaption><\/figure>\n<figure id=\"attachment_75727\" aria-describedby=\"caption-attachment-75727\" style=\"width: 530px\" class=\"wp-caption alignleft\"><a href=\"http:\/\/www.eltrabajo.cl\/portal\/escuela-de-tierras-blancas-cierra-su-ano-con-grandes-logros\/reloj1-2\/\" rel=\"attachment wp-att-75727\"><img data-recalc-dims=\"1\" loading=\"lazy\" decoding=\"async\" class=\"size-full wp-image-75727\" src=\"https:\/\/i0.wp.com\/www.eltrabajo.cl\/portal\/wp-content\/uploads\/2016\/12\/Reloj1.jpg?resize=530%2C349\" alt=\"PROFES TAMBI\u00c9N VIAJARON.- Aqu\u00ed vemos a los profesores de la Escuela Mateo Cokljat posando para nuestras c\u00e1maras en este reloj de flores, en Vi\u00f1a del Mar.\" width=\"530\" height=\"349\" srcset=\"https:\/\/i0.wp.com\/eltrabajo.cl\/portal\/wp-content\/uploads\/2016\/12\/Reloj1.jpg?w=530&amp;ssl=1 530w, https:\/\/i0.wp.com\/eltrabajo.cl\/portal\/wp-content\/uploads\/2016\/12\/Reloj1.jpg?resize=200%2C132&amp;ssl=1 200w, https:\/\/i0.wp.com\/eltrabajo.cl\/portal\/wp-content\/uploads\/2016\/12\/Reloj1.jpg?resize=300%2C198&amp;ssl=1 300w, https:\/\/i0.wp.com\/eltrabajo.cl\/portal\/wp-content\/uploads\/2016\/12\/Reloj1.jpg?resize=228%2C150&amp;ssl=1 228w, https:\/\/i0.wp.com\/eltrabajo.cl\/portal\/wp-content\/uploads\/2016\/12\/Reloj1.jpg?resize=400%2C263&amp;ssl=1 400w\" sizes=\"auto, (max-width: 530px) 100vw, 530px\" \/><\/a><figcaption id=\"caption-attachment-75727\" class=\"wp-caption-text\">PROFES TAMBI\u00c9N VIAJARON.- Aqu\u00ed vemos a los profesores de la Escuela Mateo Cokljat posando para nuestras c\u00e1maras en este reloj de flores, en Vi\u00f1a del Mar.<\/figcaption><\/figure>\n","protected":false},"excerpt":{"rendered":"<p>Proyectos y viajes programados: Unas 350 personas entre ellas apoderados; invitados especiales; estudiantes de b\u00e1sica y preb\u00e1sica, as\u00ed como docentes y autoridades comunales, fueron las que asistieron a la Escuela Mateo Cokljat,&#8230;<\/p>\n","protected":false},"author":1,"featured_media":75727,"comment_status":"open","ping_status":"open","sticky":false,"template":"","format":"standard","meta":{"advanced_seo_description":"","jetpack_seo_html_title":"","jetpack_seo_noindex":false,"_jetpack_memberships_contains_paid_content":false,"footnotes":""},"categories":[15],"tags":[],"class_list":["post-75722","post","type-post","status-publish","format-standard","has-post-thumbnail","hentry","category-comunidad"],"jetpack_featured_media_url":"https:\/\/i0.wp.com\/eltrabajo.cl\/portal\/wp-content\/uploads\/2016\/12\/Reloj1.jpg?fit=530%2C349&ssl=1","jetpack_sharing_enabled":true,"jetpack_likes_enabled":true,"jetpack-related-posts":[],"_links":{"self":[{"href":"https:\/\/eltrabajo.cl\/portal\/wp-json\/wp\/v2\/posts\/75722","targetHints":{"allow":["GET"]}}],"collection":[{"href":"https:\/\/eltrabajo.cl\/portal\/wp-json\/wp\/v2\/posts"}],"about":[{"href":"https:\/\/eltrabajo.cl\/portal\/wp-json\/wp\/v2\/types\/post"}],"author":[{"embeddable":true,"href":"https:\/\/eltrabajo.cl\/portal\/wp-json\/wp\/v2\/users\/1"}],"replies":[{"embeddable":true,"href":"https:\/\/eltrabajo.cl\/portal\/wp-json\/wp\/v2\/comments?post=75722"}],"version-history":[{"count":0,"href":"https:\/\/eltrabajo.cl\/portal\/wp-json\/wp\/v2\/posts\/75722\/revisions"}],"wp:featuredmedia":[{"embeddable":true,"href":"https:\/\/eltrabajo.cl\/portal\/wp-json\/wp\/v2\/media\/75727"}],"wp:attachment":[{"href":"https:\/\/eltrabajo.cl\/portal\/wp-json\/wp\/v2\/media?parent=75722"}],"wp:term":[{"taxonomy":"category","embeddable":true,"href":"https:\/\/eltrabajo.cl\/portal\/wp-json\/wp\/v2\/categories?post=75722"},{"taxonomy":"post_tag","embeddable":true,"href":"https:\/\/eltrabajo.cl\/portal\/wp-json\/wp\/v2\/tags?post=75722"}],"curies":[{"name":"wp","href":"https:\/\/api.w.org\/{rel}","templated":true}]}}