{"id":75730,"date":"2016-12-02T08:52:23","date_gmt":"2016-12-02T11:52:23","guid":{"rendered":"http:\/\/www.eltrabajo.cl\/portal\/?p=75730"},"modified":"2016-12-02T08:52:24","modified_gmt":"2016-12-02T11:52:24","slug":"este-sabado-se-celebran-los-57-anos-de-club-deportivo-la-troya","status":"publish","type":"post","link":"https:\/\/eltrabajo.cl\/portal\/este-sabado-se-celebran-los-57-anos-de-club-deportivo-la-troya\/","title":{"rendered":"Este s\u00e1bado se celebran los 57 a\u00f1os de Club Deportivo La Troya"},"content":{"rendered":"<ul>\n<li><strong>Pedro \u2018Heidi\u2019 Gonz\u00e1lez ser\u00e1 el Invitado Especial:<\/strong><\/li>\n<\/ul>\n<p>Ma\u00f1ana s\u00e1bado, el Club Deportivo La Troya estar\u00e1 celebrando, aunque un mes despu\u00e9s de su fecha correcta y por razones de las elecciones municipales, sus 57 a\u00f1os de no soltar el bal\u00f3n. As\u00ed lo inform\u00f3 a Diario El Trabajo el presidente del club, Mauro Mondaca Escobar.<\/p>\n<figure id=\"attachment_75731\" aria-describedby=\"caption-attachment-75731\" style=\"width: 300px\" class=\"wp-caption alignleft\"><a href=\"http:\/\/www.eltrabajo.cl\/portal\/este-sabado-se-celebran-los-57-anos-de-club-deportivo-la-troya\/mauro-mondaca\/\" rel=\"attachment wp-att-75731\"><img data-recalc-dims=\"1\" loading=\"lazy\" decoding=\"async\" class=\"size-medium wp-image-75731\" src=\"https:\/\/i0.wp.com\/www.eltrabajo.cl\/portal\/wp-content\/uploads\/2016\/12\/Mauro-Mondaca-300x197.jpg?resize=300%2C197\" alt=\"Presidente del Club Juventud La Troya, Mauro Mondaca Escobar.\" width=\"300\" height=\"197\" srcset=\"https:\/\/i0.wp.com\/eltrabajo.cl\/portal\/wp-content\/uploads\/2016\/12\/Mauro-Mondaca.jpg?resize=300%2C197&amp;ssl=1 300w, https:\/\/i0.wp.com\/eltrabajo.cl\/portal\/wp-content\/uploads\/2016\/12\/Mauro-Mondaca.jpg?resize=200%2C131&amp;ssl=1 200w, https:\/\/i0.wp.com\/eltrabajo.cl\/portal\/wp-content\/uploads\/2016\/12\/Mauro-Mondaca.jpg?resize=228%2C150&amp;ssl=1 228w, https:\/\/i0.wp.com\/eltrabajo.cl\/portal\/wp-content\/uploads\/2016\/12\/Mauro-Mondaca.jpg?resize=400%2C263&amp;ssl=1 400w, https:\/\/i0.wp.com\/eltrabajo.cl\/portal\/wp-content\/uploads\/2016\/12\/Mauro-Mondaca.jpg?w=530&amp;ssl=1 530w\" sizes=\"auto, (max-width: 300px) 100vw, 300px\" \/><\/a><figcaption id=\"caption-attachment-75731\" class=\"wp-caption-text\">Presidente del Club Juventud La Troya, Mauro Mondaca Escobar.<\/figcaption><\/figure>\n<p>\u00abEstamos invitando a todos los lectores y sanfelipe\u00f1os en general, a disfrutar de una cena bailable, la que ser\u00e1 animada por Los Magos de la cumbia. El plato tiene un valor de $7.000, con derecho a todo, tambi\u00e9n deseo anunciar que nuestras ligas menores, las infantiles, ambas ser\u00e1n premiadas, porque se han ganado durante este a\u00f1o y con mucho coraje, este reconocimiento\u00bb, indic\u00f3 Mondaca.<\/p>\n<p><strong>OTRAS SORPRESAS<\/strong><br \/>\nMauro tambi\u00e9n explic\u00f3 a Diario El Trabajo que \u00abestaremos premiando a los tetracampeones de los a\u00f1os 1970, 1971, 1972 y 1973, por su exitosa trayectoria deportiva, pues ellos lograron much\u00edsimos goles y copas para nuestro club, esa noche ser\u00e1n regaloneados por nuestra generaci\u00f3n. El gran Pedro \u2018Heidi\u2019 Gonz\u00e1lez ser\u00e1 nuestro invitado especial durante la actividad, se le rendir\u00e1 homenaje en virtud de sus m\u00e1s de 210 goles en el f\u00fatbol profesional\u00bb, agreg\u00f3 el directivo deportivo.<br \/>\nLa actividad iniciar\u00e1 a las 19:00 horas con una Misa en la cancha de La Troya, con la que se recordar\u00e1n a los difuntos exfutbolistas del club. La gala de aniversario se desarrollar\u00e1 a las 20:30 horas en Rinc\u00f3n Troyano. El pr\u00f3ximo lunes en Diario El Trabajo publicaremos un reporte especial sobre este cierre de a\u00f1o deportivo del colosal Club Deportivo La Troya.<br \/>\n<strong>Roberto Gonz\u00e1lez Short<\/strong><\/p>\n<figure id=\"attachment_75732\" aria-describedby=\"caption-attachment-75732\" style=\"width: 530px\" class=\"wp-caption alignleft\"><a href=\"http:\/\/www.eltrabajo.cl\/portal\/este-sabado-se-celebran-los-57-anos-de-club-deportivo-la-troya\/adultos1-3\/\" rel=\"attachment wp-att-75732\"><img data-recalc-dims=\"1\" loading=\"lazy\" decoding=\"async\" class=\"size-full wp-image-75732\" src=\"https:\/\/i0.wp.com\/www.eltrabajo.cl\/portal\/wp-content\/uploads\/2016\/12\/Adultos1.jpg?resize=530%2C350\" alt=\"LOS FORTACHONES.- Aqu\u00ed tenemos a los actuales integrantes de la categor\u00eda Adultos, del Club Juventud La Troya.\" width=\"530\" height=\"350\" srcset=\"https:\/\/i0.wp.com\/eltrabajo.cl\/portal\/wp-content\/uploads\/2016\/12\/Adultos1.jpg?w=530&amp;ssl=1 530w, https:\/\/i0.wp.com\/eltrabajo.cl\/portal\/wp-content\/uploads\/2016\/12\/Adultos1.jpg?resize=200%2C132&amp;ssl=1 200w, https:\/\/i0.wp.com\/eltrabajo.cl\/portal\/wp-content\/uploads\/2016\/12\/Adultos1.jpg?resize=300%2C198&amp;ssl=1 300w, https:\/\/i0.wp.com\/eltrabajo.cl\/portal\/wp-content\/uploads\/2016\/12\/Adultos1.jpg?resize=227%2C150&amp;ssl=1 227w, https:\/\/i0.wp.com\/eltrabajo.cl\/portal\/wp-content\/uploads\/2016\/12\/Adultos1.jpg?resize=400%2C264&amp;ssl=1 400w\" sizes=\"auto, (max-width: 530px) 100vw, 530px\" \/><\/a><figcaption id=\"caption-attachment-75732\" class=\"wp-caption-text\">LOS FORTACHONES.- Aqu\u00ed tenemos a los actuales integrantes de la categor\u00eda Adultos, del Club Juventud La Troya.<\/figcaption><\/figure>\n<figure id=\"attachment_75733\" aria-describedby=\"caption-attachment-75733\" style=\"width: 530px\" class=\"wp-caption alignleft\"><a href=\"http:\/\/www.eltrabajo.cl\/portal\/este-sabado-se-celebran-los-57-anos-de-club-deportivo-la-troya\/segundainfantil\/\" rel=\"attachment wp-att-75733\"><img data-recalc-dims=\"1\" loading=\"lazy\" decoding=\"async\" class=\"size-full wp-image-75733\" src=\"https:\/\/i0.wp.com\/www.eltrabajo.cl\/portal\/wp-content\/uploads\/2016\/12\/SegundaInfantil.jpg?resize=530%2C350\" alt=\"VEN CRECIENDO.- Los chicos de la Segunda Infantil tambi\u00e9n ser\u00e1n premiados ma\u00f1ana s\u00e1bado durante la gala del 57\u00ba aniversario.\" width=\"530\" height=\"350\" srcset=\"https:\/\/i0.wp.com\/eltrabajo.cl\/portal\/wp-content\/uploads\/2016\/12\/SegundaInfantil.jpg?w=530&amp;ssl=1 530w, https:\/\/i0.wp.com\/eltrabajo.cl\/portal\/wp-content\/uploads\/2016\/12\/SegundaInfantil.jpg?resize=200%2C132&amp;ssl=1 200w, https:\/\/i0.wp.com\/eltrabajo.cl\/portal\/wp-content\/uploads\/2016\/12\/SegundaInfantil.jpg?resize=300%2C198&amp;ssl=1 300w, https:\/\/i0.wp.com\/eltrabajo.cl\/portal\/wp-content\/uploads\/2016\/12\/SegundaInfantil.jpg?resize=227%2C150&amp;ssl=1 227w, https:\/\/i0.wp.com\/eltrabajo.cl\/portal\/wp-content\/uploads\/2016\/12\/SegundaInfantil.jpg?resize=400%2C264&amp;ssl=1 400w\" sizes=\"auto, (max-width: 530px) 100vw, 530px\" \/><\/a><figcaption id=\"caption-attachment-75733\" class=\"wp-caption-text\">VEN CRECIENDO.- Los chicos de la Segunda Infantil tambi\u00e9n ser\u00e1n premiados ma\u00f1ana s\u00e1bado durante la gala del 57\u00ba aniversario.<\/figcaption><\/figure>\n<figure id=\"attachment_75734\" aria-describedby=\"caption-attachment-75734\" style=\"width: 530px\" class=\"wp-caption alignleft\"><a href=\"http:\/\/www.eltrabajo.cl\/portal\/este-sabado-se-celebran-los-57-anos-de-club-deportivo-la-troya\/tercerainfantil\/\" rel=\"attachment wp-att-75734\"><img data-recalc-dims=\"1\" loading=\"lazy\" decoding=\"async\" class=\"size-full wp-image-75734\" src=\"https:\/\/i0.wp.com\/www.eltrabajo.cl\/portal\/wp-content\/uploads\/2016\/12\/TerceraInfantil.jpg?resize=530%2C349\" alt=\"TERCERA INFANTIL.- Son siete divisiones, tres infantiles y cuatro adultos. Aqu\u00ed tenemos a la Tercera Infantil con muchas ganas de crecer.\" width=\"530\" height=\"349\" srcset=\"https:\/\/i0.wp.com\/eltrabajo.cl\/portal\/wp-content\/uploads\/2016\/12\/TerceraInfantil.jpg?w=530&amp;ssl=1 530w, https:\/\/i0.wp.com\/eltrabajo.cl\/portal\/wp-content\/uploads\/2016\/12\/TerceraInfantil.jpg?resize=200%2C132&amp;ssl=1 200w, https:\/\/i0.wp.com\/eltrabajo.cl\/portal\/wp-content\/uploads\/2016\/12\/TerceraInfantil.jpg?resize=300%2C198&amp;ssl=1 300w, https:\/\/i0.wp.com\/eltrabajo.cl\/portal\/wp-content\/uploads\/2016\/12\/TerceraInfantil.jpg?resize=228%2C150&amp;ssl=1 228w, https:\/\/i0.wp.com\/eltrabajo.cl\/portal\/wp-content\/uploads\/2016\/12\/TerceraInfantil.jpg?resize=400%2C263&amp;ssl=1 400w\" sizes=\"auto, (max-width: 530px) 100vw, 530px\" \/><\/a><figcaption id=\"caption-attachment-75734\" class=\"wp-caption-text\">TERCERA INFANTIL.- Son siete divisiones, tres infantiles y cuatro adultos. Aqu\u00ed tenemos a la Tercera Infantil con muchas ganas de crecer.<\/figcaption><\/figure>\n","protected":false},"excerpt":{"rendered":"<p>Pedro \u2018Heidi\u2019 Gonz\u00e1lez ser\u00e1 el Invitado Especial: Ma\u00f1ana s\u00e1bado, el Club Deportivo La Troya estar\u00e1 celebrando, aunque un mes despu\u00e9s de su fecha correcta y por razones de las elecciones municipales, sus&#8230;<\/p>\n","protected":false},"author":1,"featured_media":75732,"comment_status":"open","ping_status":"open","sticky":false,"template":"","format":"standard","meta":{"advanced_seo_description":"","jetpack_seo_html_title":"","jetpack_seo_noindex":false,"_jetpack_memberships_contains_paid_content":false,"footnotes":""},"categories":[15],"tags":[],"class_list":["post-75730","post","type-post","status-publish","format-standard","has-post-thumbnail","hentry","category-comunidad"],"jetpack_featured_media_url":"https:\/\/i0.wp.com\/eltrabajo.cl\/portal\/wp-content\/uploads\/2016\/12\/Adultos1.jpg?fit=530%2C350&ssl=1","jetpack_sharing_enabled":true,"jetpack_likes_enabled":true,"jetpack-related-posts":[],"_links":{"self":[{"href":"https:\/\/eltrabajo.cl\/portal\/wp-json\/wp\/v2\/posts\/75730","targetHints":{"allow":["GET"]}}],"collection":[{"href":"https:\/\/eltrabajo.cl\/portal\/wp-json\/wp\/v2\/posts"}],"about":[{"href":"https:\/\/eltrabajo.cl\/portal\/wp-json\/wp\/v2\/types\/post"}],"author":[{"embeddable":true,"href":"https:\/\/eltrabajo.cl\/portal\/wp-json\/wp\/v2\/users\/1"}],"replies":[{"embeddable":true,"href":"https:\/\/eltrabajo.cl\/portal\/wp-json\/wp\/v2\/comments?post=75730"}],"version-history":[{"count":0,"href":"https:\/\/eltrabajo.cl\/portal\/wp-json\/wp\/v2\/posts\/75730\/revisions"}],"wp:featuredmedia":[{"embeddable":true,"href":"https:\/\/eltrabajo.cl\/portal\/wp-json\/wp\/v2\/media\/75732"}],"wp:attachment":[{"href":"https:\/\/eltrabajo.cl\/portal\/wp-json\/wp\/v2\/media?parent=75730"}],"wp:term":[{"taxonomy":"category","embeddable":true,"href":"https:\/\/eltrabajo.cl\/portal\/wp-json\/wp\/v2\/categories?post=75730"},{"taxonomy":"post_tag","embeddable":true,"href":"https:\/\/eltrabajo.cl\/portal\/wp-json\/wp\/v2\/tags?post=75730"}],"curies":[{"name":"wp","href":"https:\/\/api.w.org\/{rel}","templated":true}]}}