{"id":75741,"date":"2016-12-02T09:03:21","date_gmt":"2016-12-02T12:03:21","guid":{"rendered":"http:\/\/www.eltrabajo.cl\/portal\/?p=75741"},"modified":"2016-12-02T09:03:21","modified_gmt":"2016-12-02T12:03:21","slug":"con-arresto-domiciliario-total-resulto-adolescente-que-mato-a-su-padre","status":"publish","type":"post","link":"https:\/\/eltrabajo.cl\/portal\/con-arresto-domiciliario-total-resulto-adolescente-que-mato-a-su-padre\/","title":{"rendered":"Con arresto domiciliario total result\u00f3 adolescente que mat\u00f3 a su padre"},"content":{"rendered":"<ul>\n<li><strong><span style=\"color: #ff0000;\">Acusado de Parricidio y lesiones menos graves contra del otro hombre:<\/span>\u00a0Defensor sostiene tesis de la leg\u00edtima defensa del menor que concurri\u00f3 a proteger a su madre.<\/strong><\/li>\n<\/ul>\n<p><strong>LOS ANDES.-<\/strong> Con arresto domiciliario total deber\u00e1 permanecer el menor de 16 a\u00f1os de edad que la noche del lunes dio muerte a su padre Daniel Oneto N\u00fa\u00f1ez (41), luego de propinarle seis pu\u00f1aladas en el t\u00f3rax en un confuso incidente al interior de su hogar en el condominio Los Maitenes de Calle larga.<br \/>\nEl joven P.I.O.C. fue formalizado por los delitos de Parricidio respecto de su progenitor y lesiones menos graves en contra de un segundo sujeto identificado con las iniciales J.F.V.R. (31) que estaba en el inmueble.<br \/>\nConforme a los antecedentes policiales, el hecho se produjo cuando la v\u00edctima y el segundo hombre que estaba en el domicilio se trabaron en una pelea, en la cual tambi\u00e9n intervino el menor que usando un cuchillo hiri\u00f3 mortalmente a su padre y la otra persona.<br \/>\nAun cuando no existen denuncias de violencia intrafamiliar, la polic\u00eda investiga esta arista como parte de las motivaciones que tuvo el adolescente para actuar de la forma en que lo hizo.<br \/>\nEl fiscal que lleva adelante la investigaci\u00f3n, Alberto Gertosio P\u00e1ez, indic\u00f3 que por la gravedad de los delitos se pidi\u00f3 la internaci\u00f3n provisoria del adolescente, sin embargo el Tribunal no la acogi\u00f3 y decret\u00f3 el arresto domiciliario total que deber\u00eda de cumplir en la casa de su abuela materna.<br \/>\nEllo debido a que el persecutor apel\u00f3 verbalmente a la resoluci\u00f3n, por lo que la Corte de Apelaciones deber\u00e1 resolver si confirma lo resuelto por el Tribunal de Garant\u00eda o bien lo revoca y en tal caso el joven deber\u00eda cumplir con la internaci\u00f3n provisoria en el Centro Cerrado de Justicia Juvenil de Limache (Ex Lihu\u00e9n) por los 120 d\u00edas que se decret\u00f3 de plazo para el cierre de la investigaci\u00f3n.<br \/>\n\u00abEl imputado declar\u00f3 ayer en la fiscal\u00eda y hoy durante la audiencia, y la din\u00e1mica de los hechos se dio en un contacto familiar, y como elemento utilizado en la agresi\u00f3n se us\u00f3 un cuchillo. Sobre lo que se dec\u00eda que el imputado habr\u00eda actuado en defensa de su madre fue lo que el tribunal desestim\u00f3\u00bb, explic\u00f3 el fiscal al t\u00e9rmino de la audiencia en la cual no permiti\u00f3 el ingreso a la prensa.<\/p>\n<p><strong>Defendi\u00f3 a su madre<\/strong><br \/>\nLa tesis planteada por la defensa y que fue expuesta por el abogado del menor, Jos\u00e9 Villagr\u00e1n Reyes, se basa en la existencia de una leg\u00edtima defensa, \u00abpero tambi\u00e9n hay otra circunstancia eximente de responsabilidad criminal que se plante\u00f3 que es la fuerza irresistible, la colaboraci\u00f3n que ha prestado mi representado en todo momento, y todos esos argumentos fueron planteados y gran parte de ellos fueron acogidos por el tribunal\u00bb<br \/>\nEn cuanto a la mec\u00e1nica de los hechos, Villagr\u00e1n asever\u00f3 que \u00ab\u00e9stos se dan en una agresi\u00f3n del padre a la madre, la defensa del hijo y ah\u00ed se produce el ataque y deceso del padre y ese es el hecho del que hoy es materia de la formalizaci\u00f3n\u00bb.<br \/>\nRespecto al tercer sujeto que estaba en el inmueble y que tambi\u00e9n result\u00f3 lesionado, el defensor dijo que habr\u00eda sido llevado a ese lugar por el padre del ni\u00f1o y \u00e9ste fue agredido en el marco de la pelea, \u00aby las razones que dan cuenta de todos los argumentos internos de la familia, por expresa petici\u00f3n de ellos no los puedo revelar y por eso solo hago referencias a argumentos jur\u00eddicos, que es lo que la defensa hace\u00bb.<br \/>\nAsimismo, dijo que el adolescente declar\u00f3 en audiencia como medio de defensa revalidando la tesis de la leg\u00edtima defensa, \u00abya que en cuanto a la cantidad de lesiones proferidas a la v\u00edctima, esto tiene que ver con din\u00e1micas familiares y lo que puedo decir que cuando una persona tiene temor, el poder manejar o contar como se defiende no es una cosa que se haga y as\u00ed fue explicado al tribunal y as\u00ed tambi\u00e9n lo acogi\u00f3 el tribunal, que no quiere decir que el tribunal acogi\u00f3 la leg\u00edtima defensa, sino que mi defendido act\u00faa bajo est\u00edmulos poderosos que nublan de alguna manera su voluntad\u00bb.<\/p>\n<figure id=\"attachment_75742\" aria-describedby=\"caption-attachment-75742\" style=\"width: 530px\" class=\"wp-caption alignleft\"><a href=\"http:\/\/www.eltrabajo.cl\/portal\/con-arresto-domiciliario-total-resulto-adolescente-que-mato-a-su-padre\/formalizacion-parricidio\/\" rel=\"attachment wp-att-75742\"><img data-recalc-dims=\"1\" loading=\"lazy\" decoding=\"async\" class=\"size-full wp-image-75742\" src=\"https:\/\/i0.wp.com\/www.eltrabajo.cl\/portal\/wp-content\/uploads\/2016\/12\/formalizacion-parricidio.jpg?resize=530%2C349\" alt=\"S\u00f3lo los familiares pudieron ingresar a la audiencia de formalizaci\u00f3n del joven parricida.\" width=\"530\" height=\"349\" srcset=\"https:\/\/i0.wp.com\/eltrabajo.cl\/portal\/wp-content\/uploads\/2016\/12\/formalizacion-parricidio.jpg?w=530&amp;ssl=1 530w, https:\/\/i0.wp.com\/eltrabajo.cl\/portal\/wp-content\/uploads\/2016\/12\/formalizacion-parricidio.jpg?resize=200%2C132&amp;ssl=1 200w, https:\/\/i0.wp.com\/eltrabajo.cl\/portal\/wp-content\/uploads\/2016\/12\/formalizacion-parricidio.jpg?resize=300%2C198&amp;ssl=1 300w, https:\/\/i0.wp.com\/eltrabajo.cl\/portal\/wp-content\/uploads\/2016\/12\/formalizacion-parricidio.jpg?resize=228%2C150&amp;ssl=1 228w, https:\/\/i0.wp.com\/eltrabajo.cl\/portal\/wp-content\/uploads\/2016\/12\/formalizacion-parricidio.jpg?resize=400%2C263&amp;ssl=1 400w\" sizes=\"auto, (max-width: 530px) 100vw, 530px\" \/><\/a><figcaption id=\"caption-attachment-75742\" class=\"wp-caption-text\">S\u00f3lo los familiares pudieron ingresar a la audiencia de formalizaci\u00f3n del joven parricida.<\/figcaption><\/figure>\n","protected":false},"excerpt":{"rendered":"<p>Acusado de Parricidio y lesiones menos graves contra del otro hombre:\u00a0Defensor sostiene tesis de la leg\u00edtima defensa del menor que concurri\u00f3 a proteger a su madre. LOS ANDES.- Con arresto domiciliario total&#8230;<\/p>\n","protected":false},"author":1,"featured_media":75742,"comment_status":"open","ping_status":"open","sticky":false,"template":"","format":"standard","meta":{"advanced_seo_description":"","jetpack_seo_html_title":"","jetpack_seo_noindex":false,"_jetpack_memberships_contains_paid_content":false,"footnotes":""},"categories":[21],"tags":[],"class_list":["post-75741","post","type-post","status-publish","format-standard","has-post-thumbnail","hentry","category-policial"],"jetpack_featured_media_url":"https:\/\/i0.wp.com\/eltrabajo.cl\/portal\/wp-content\/uploads\/2016\/12\/formalizacion-parricidio.jpg?fit=530%2C349&ssl=1","jetpack_sharing_enabled":true,"jetpack_likes_enabled":true,"jetpack-related-posts":[],"_links":{"self":[{"href":"https:\/\/eltrabajo.cl\/portal\/wp-json\/wp\/v2\/posts\/75741","targetHints":{"allow":["GET"]}}],"collection":[{"href":"https:\/\/eltrabajo.cl\/portal\/wp-json\/wp\/v2\/posts"}],"about":[{"href":"https:\/\/eltrabajo.cl\/portal\/wp-json\/wp\/v2\/types\/post"}],"author":[{"embeddable":true,"href":"https:\/\/eltrabajo.cl\/portal\/wp-json\/wp\/v2\/users\/1"}],"replies":[{"embeddable":true,"href":"https:\/\/eltrabajo.cl\/portal\/wp-json\/wp\/v2\/comments?post=75741"}],"version-history":[{"count":0,"href":"https:\/\/eltrabajo.cl\/portal\/wp-json\/wp\/v2\/posts\/75741\/revisions"}],"wp:featuredmedia":[{"embeddable":true,"href":"https:\/\/eltrabajo.cl\/portal\/wp-json\/wp\/v2\/media\/75742"}],"wp:attachment":[{"href":"https:\/\/eltrabajo.cl\/portal\/wp-json\/wp\/v2\/media?parent=75741"}],"wp:term":[{"taxonomy":"category","embeddable":true,"href":"https:\/\/eltrabajo.cl\/portal\/wp-json\/wp\/v2\/categories?post=75741"},{"taxonomy":"post_tag","embeddable":true,"href":"https:\/\/eltrabajo.cl\/portal\/wp-json\/wp\/v2\/tags?post=75741"}],"curies":[{"name":"wp","href":"https:\/\/api.w.org\/{rel}","templated":true}]}}