{"id":75752,"date":"2016-12-06T08:17:23","date_gmt":"2016-12-06T11:17:23","guid":{"rendered":"http:\/\/www.eltrabajo.cl\/portal\/?p=75752"},"modified":"2016-12-06T08:17:23","modified_gmt":"2016-12-06T11:17:23","slug":"lamentan-despidos-de-cuatro-funcionarios-a-contrata-a-quienes-no-se-les-renovo-su-contrato-de-trabajo","status":"publish","type":"post","link":"https:\/\/eltrabajo.cl\/portal\/lamentan-despidos-de-cuatro-funcionarios-a-contrata-a-quienes-no-se-les-renovo-su-contrato-de-trabajo\/","title":{"rendered":"Lamentan despidos de cuatro funcionarios a contrata a quienes no se les renov\u00f3 su contrato de trabajo"},"content":{"rendered":"<ul>\n<li><strong>Asemuch San Felipe:<\/strong><\/li>\n<\/ul>\n<p>La Asociaci\u00f3n de Funcionarios Municipales de San Felipe, Asemuch, lament\u00f3 los despidos producidos en estos d\u00edas de funcionarios a contrata, por parte de la actual administraci\u00f3n, aunque reconocieron eso s\u00ed que los afectados son solamente cuatro m\u00e1s tres a honorarios.<br \/>\nAl respecto, el presidente de los funcionarios, Wladimir Tapia, dijo que para ellos era lamentable la situaci\u00f3n: \u201cEstamos estudiando al interior de nuestra asociaci\u00f3n a fin de ver f\u00f3rmulas para tratar de revertirla o al menos orientar a nuestros colegas lo que se puede hacer en virtud del ordenamiento jur\u00eddico, sin perjuicio que son facultades de la autoridad resolver y nosotros como asociaci\u00f3n, no tenemos injerencia en ese tema, pero s\u00ed nuestra preocupaci\u00f3n es hacia nuestros colegas y tambi\u00e9n establecer algunos mecanismos legales que pudi\u00e9ramos orientar a fin de revertir la situaci\u00f3n\u201d, indic\u00f3.<br \/>\n<strong>&#8211; \u00bfA qu\u00e9 se refiere con revertir, que los vuelvan a contratar, no los despidieran o alguna indemnizaci\u00f3n econ\u00f3mica?<\/strong><br \/>\n&#8211; Eso es un tema que est\u00e1 dado a trav\u00e9s de un ordenamiento jur\u00eddico, el personal a contrata tiene un contrato precario donde los funcionarios est\u00e1n sujetos a esta situaci\u00f3n de inestabilidad anual, que tienen cada uno de ellos, por lo tanto nosotros no podemos establecer alguna suerte de ilusiones respecto aquello, lo que podemos hacer s\u00ed, es conversar con la autoridad, algo que ya hemos hecho con la autoridad.<br \/>\n<strong>&#8211; \u00bfQu\u00e9 les dijo?<\/strong><br \/>\n&#8211; Simplemente que son instancias que se dan en un contexto de facultad, adem\u00e1s de ello entiendo que las regulaciones est\u00e1n dadas de temas relativos al funcionamiento de la municipalidad y que son prerrogativas de la autoridad y s\u00f3lo lo podemos entender as\u00ed.<br \/>\nSe\u00f1alan que dejar\u00e1n en manos de entes superiores, como la Contralor\u00eda para resolver el tema.<br \/>\nReconocen que como asociaci\u00f3n, nunca nadie espera una situaci\u00f3n as\u00ed, pero se debe entender que tienen que ver con facultades de la autoridad: \u201cComo Asociaci\u00f3n no podemos intervenir de manera directa, nosotros tomamos conocimiento de la misma manera que los funcionarios, es m\u00e1s sorpresiva la situaci\u00f3n y lo \u00fanico que nosotros podemos hacer en t\u00e9rminos reales es tratar de orientar los caminos legales para seguir en este tema\u201d, se\u00f1ala Tapia.<br \/>\nLamentablemente, los funcionarios a contrata no reciben indemnizaci\u00f3n alguna, pues as\u00ed se maneja en el sector p\u00fablico. Son contratos renovables a\u00f1o a a\u00f1o, lo califican como un sistema precario igual que los honorarios.<br \/>\n<strong>&#8211; \u00bfC\u00f3mo est\u00e1n los funcionarios?<\/strong><br \/>\n&#8211; Mira, la verdad que s\u00ed hay una suerte de intranquilidad, pero nosotros hemos tratado de hacer ver que hay una facultad del alcalde la que se est\u00e1 aplicando, no es una situaci\u00f3n masiva.<br \/>\n<strong>&#8211; Pero se hablaba de 60 a 70 personas.<\/strong><br \/>\n&#8211; No, eso es cuesti\u00f3n de rumores nada m\u00e1s, no existe aqu\u00ed, son cuatro funcionarios de una planta de 160, que fueron notificados y en ese contexto es un porcentaje bastante m\u00ednimo, ahora indudablemente que si eso ocurriese, si fuesen m\u00e1s, ya estar\u00edan notificados, los plazos ya est\u00e1n vencidos, en definitiva son cuatro funcionarios de la planta de contrata que est\u00e1n notificados y en ese plano no significa de un car\u00e1cter masivo, son facultades que tom\u00f3 el alcalde.<br \/>\nAgreg\u00f3 que tambi\u00e9n hubo tres funcionarios a honorarios que fueron despedidos, es decir cuatro a contrata y tres a honorarios.<\/p>\n<figure id=\"attachment_75753\" aria-describedby=\"caption-attachment-75753\" style=\"width: 530px\" class=\"wp-caption alignleft\"><a href=\"http:\/\/www.eltrabajo.cl\/portal\/lamentan-despidos-de-cuatro-funcionarios-a-contrata-a-quienes-no-se-les-renovo-su-contrato-de-trabajo\/asemuch\/\" rel=\"attachment wp-att-75753\"><img data-recalc-dims=\"1\" loading=\"lazy\" decoding=\"async\" class=\"size-full wp-image-75753\" src=\"https:\/\/i0.wp.com\/www.eltrabajo.cl\/portal\/wp-content\/uploads\/2016\/12\/ASEMUCH.jpg?resize=530%2C348\" alt=\"La directiva Asemuch San Felipe, encabezada por Wladimir Tapia, tesorero Jos\u00e9 Madrid y secretario Nelson Leiva.\" width=\"530\" height=\"348\" srcset=\"https:\/\/i0.wp.com\/eltrabajo.cl\/portal\/wp-content\/uploads\/2016\/12\/ASEMUCH.jpg?w=530&amp;ssl=1 530w, https:\/\/i0.wp.com\/eltrabajo.cl\/portal\/wp-content\/uploads\/2016\/12\/ASEMUCH.jpg?resize=200%2C131&amp;ssl=1 200w, https:\/\/i0.wp.com\/eltrabajo.cl\/portal\/wp-content\/uploads\/2016\/12\/ASEMUCH.jpg?resize=300%2C197&amp;ssl=1 300w, https:\/\/i0.wp.com\/eltrabajo.cl\/portal\/wp-content\/uploads\/2016\/12\/ASEMUCH.jpg?resize=228%2C150&amp;ssl=1 228w, https:\/\/i0.wp.com\/eltrabajo.cl\/portal\/wp-content\/uploads\/2016\/12\/ASEMUCH.jpg?resize=400%2C263&amp;ssl=1 400w\" sizes=\"auto, (max-width: 530px) 100vw, 530px\" \/><\/a><figcaption id=\"caption-attachment-75753\" class=\"wp-caption-text\">La directiva Asemuch San Felipe, encabezada por Wladimir Tapia, tesorero Jos\u00e9 Madrid y secretario Nelson Leiva.<\/figcaption><\/figure>\n","protected":false},"excerpt":{"rendered":"<p>Asemuch San Felipe: La Asociaci\u00f3n de Funcionarios Municipales de San Felipe, Asemuch, lament\u00f3 los despidos producidos en estos d\u00edas de funcionarios a contrata, por parte de la actual administraci\u00f3n, aunque reconocieron eso&#8230;<\/p>\n","protected":false},"author":1,"featured_media":75753,"comment_status":"open","ping_status":"open","sticky":false,"template":"","format":"standard","meta":{"advanced_seo_description":"","jetpack_seo_html_title":"","jetpack_seo_noindex":false,"_jetpack_memberships_contains_paid_content":false,"footnotes":""},"categories":[1],"tags":[],"class_list":["post-75752","post","type-post","status-publish","format-standard","has-post-thumbnail","hentry","category-cronica"],"jetpack_featured_media_url":"https:\/\/i0.wp.com\/eltrabajo.cl\/portal\/wp-content\/uploads\/2016\/12\/ASEMUCH.jpg?fit=530%2C348&ssl=1","jetpack_sharing_enabled":true,"jetpack_likes_enabled":true,"jetpack-related-posts":[],"_links":{"self":[{"href":"https:\/\/eltrabajo.cl\/portal\/wp-json\/wp\/v2\/posts\/75752","targetHints":{"allow":["GET"]}}],"collection":[{"href":"https:\/\/eltrabajo.cl\/portal\/wp-json\/wp\/v2\/posts"}],"about":[{"href":"https:\/\/eltrabajo.cl\/portal\/wp-json\/wp\/v2\/types\/post"}],"author":[{"embeddable":true,"href":"https:\/\/eltrabajo.cl\/portal\/wp-json\/wp\/v2\/users\/1"}],"replies":[{"embeddable":true,"href":"https:\/\/eltrabajo.cl\/portal\/wp-json\/wp\/v2\/comments?post=75752"}],"version-history":[{"count":0,"href":"https:\/\/eltrabajo.cl\/portal\/wp-json\/wp\/v2\/posts\/75752\/revisions"}],"wp:featuredmedia":[{"embeddable":true,"href":"https:\/\/eltrabajo.cl\/portal\/wp-json\/wp\/v2\/media\/75753"}],"wp:attachment":[{"href":"https:\/\/eltrabajo.cl\/portal\/wp-json\/wp\/v2\/media?parent=75752"}],"wp:term":[{"taxonomy":"category","embeddable":true,"href":"https:\/\/eltrabajo.cl\/portal\/wp-json\/wp\/v2\/categories?post=75752"},{"taxonomy":"post_tag","embeddable":true,"href":"https:\/\/eltrabajo.cl\/portal\/wp-json\/wp\/v2\/tags?post=75752"}],"curies":[{"name":"wp","href":"https:\/\/api.w.org\/{rel}","templated":true}]}}