{"id":75756,"date":"2016-12-06T08:21:20","date_gmt":"2016-12-06T11:21:20","guid":{"rendered":"http:\/\/www.eltrabajo.cl\/portal\/?p=75756"},"modified":"2016-12-06T08:21:20","modified_gmt":"2016-12-06T11:21:20","slug":"internos-de-san-felipe-se-sumaron-a-la-teleton-y-cumplieron-la-meta","status":"publish","type":"post","link":"https:\/\/eltrabajo.cl\/portal\/internos-de-san-felipe-se-sumaron-a-la-teleton-y-cumplieron-la-meta\/","title":{"rendered":"Internos de San Felipe se sumaron a la Telet\u00f3n y cumplieron la meta"},"content":{"rendered":"<ul>\n<li><strong>Torneos deportivos y recolecci\u00f3n de dinero durante las visitas fueron las principales actividades.<\/strong><\/li>\n<\/ul>\n<p>El a\u00f1o pasado la poblaci\u00f3n penal del Centro de Cumplimiento Penitenciario (CCP) de San Felipe, hab\u00eda logrado reunir $160.000 para ir en ayuda de las personas atendidas en los centros de la Telet\u00f3n. Con la intenci\u00f3n de poder superar esta cifra, este 2016 comenzaron a organizarse a principios del mes de noviembre y el resultado super\u00f3 lo esperado, toda vez que recaudaron $258.300.<br \/>\nUn comit\u00e9 de reclusos, formado por cinco personas, fue el encargado de organizar las distintas actividades, por medio de las cuales juntaron el dinero. Y si bien se efectuaron una serie de iniciativas, las principales consistieron en torneo de taca- taca, baby f\u00fatbol y tenis, adem\u00e1s de solicitar, por medio de alcanc\u00edas, dinero durante las visitas.<br \/>\nUno de los integrantes del comit\u00e9, Isaac Tabarez, record\u00f3 que: \u201cTodo un mes estuvimos colocando el coraz\u00f3n de todos los internos para esta buena obra. Estamos agradecidos de Gendarmer\u00eda por darnos la facilidad para poder ser un poco m\u00e1s generosos. Nos sentimos orgullosos\u201d.<br \/>\nPor su parte, el jefe interno de la unidad sanfelipe\u00f1a, teniente Arnoldo Mena, destac\u00f3 que: \u201cEllos tampoco quisieron estar ausente de esta noble causa, se organizan e incentivan a todos, tanto a funcionarios como a las personas que vienen de afuera. En esta unidad son muy solidarios\u201d.<br \/>\nYa con el dinero recolectado y contado, el jefe del recinto aconcag\u00fcino, en compa\u00f1\u00eda de otros gendarmes y dos internos, se trasladaron hasta el Banco Chile para realizar la donaci\u00f3n en nombre de todas personas privadas de libertad que se encuentran en el CCP de San Felipe.<br \/>\nIniciativas similares se realizaron en los restantes establecimientos penitenciarios de la regi\u00f3n, donde la poblaci\u00f3n penal se uni\u00f3 para ir en ayuda de quienes tanto lo necesitan.<\/p>\n<figure id=\"attachment_75757\" aria-describedby=\"caption-attachment-75757\" style=\"width: 530px\" class=\"wp-caption alignleft\"><a href=\"http:\/\/www.eltrabajo.cl\/portal\/internos-de-san-felipe-se-sumaron-a-la-teleton-y-cumplieron-la-meta\/teleton-3\/\" rel=\"attachment wp-att-75757\"><img data-recalc-dims=\"1\" loading=\"lazy\" decoding=\"async\" class=\"size-full wp-image-75757\" src=\"https:\/\/i0.wp.com\/www.eltrabajo.cl\/portal\/wp-content\/uploads\/2016\/12\/TELET%C3%93N-3.jpg?resize=530%2C350\" alt=\"Este los internos del CCP San Felipe lograron el resultado esperado, reuniendo un total de $258.300.\" width=\"530\" height=\"350\" srcset=\"https:\/\/i0.wp.com\/eltrabajo.cl\/portal\/wp-content\/uploads\/2016\/12\/TELET%C3%93N-3.jpg?w=530&amp;ssl=1 530w, https:\/\/i0.wp.com\/eltrabajo.cl\/portal\/wp-content\/uploads\/2016\/12\/TELET%C3%93N-3.jpg?resize=200%2C132&amp;ssl=1 200w, https:\/\/i0.wp.com\/eltrabajo.cl\/portal\/wp-content\/uploads\/2016\/12\/TELET%C3%93N-3.jpg?resize=300%2C198&amp;ssl=1 300w, https:\/\/i0.wp.com\/eltrabajo.cl\/portal\/wp-content\/uploads\/2016\/12\/TELET%C3%93N-3.jpg?resize=227%2C150&amp;ssl=1 227w, https:\/\/i0.wp.com\/eltrabajo.cl\/portal\/wp-content\/uploads\/2016\/12\/TELET%C3%93N-3.jpg?resize=400%2C264&amp;ssl=1 400w\" sizes=\"auto, (max-width: 530px) 100vw, 530px\" \/><\/a><figcaption id=\"caption-attachment-75757\" class=\"wp-caption-text\">Este los internos del CCP San Felipe lograron el resultado esperado, reuniendo un total de $258.300.<\/figcaption><\/figure>\n<figure id=\"attachment_75758\" aria-describedby=\"caption-attachment-75758\" style=\"width: 530px\" class=\"wp-caption alignleft\"><a href=\"http:\/\/www.eltrabajo.cl\/portal\/internos-de-san-felipe-se-sumaron-a-la-teleton-y-cumplieron-la-meta\/teleton-4\/\" rel=\"attachment wp-att-75758\"><img data-recalc-dims=\"1\" loading=\"lazy\" decoding=\"async\" class=\"size-full wp-image-75758\" src=\"https:\/\/i0.wp.com\/www.eltrabajo.cl\/portal\/wp-content\/uploads\/2016\/12\/TELET%C3%93N-4.jpg?resize=530%2C350\" alt=\"Con el dinero recolectado el jefe del recinto aconcag\u00fcino, en compa\u00f1\u00eda de otros gendarmes y dos internos, se trasladaron hasta el Banco Chile para realizar la donaci\u00f3n.\" width=\"530\" height=\"350\" srcset=\"https:\/\/i0.wp.com\/eltrabajo.cl\/portal\/wp-content\/uploads\/2016\/12\/TELET%C3%93N-4.jpg?w=530&amp;ssl=1 530w, https:\/\/i0.wp.com\/eltrabajo.cl\/portal\/wp-content\/uploads\/2016\/12\/TELET%C3%93N-4.jpg?resize=200%2C132&amp;ssl=1 200w, https:\/\/i0.wp.com\/eltrabajo.cl\/portal\/wp-content\/uploads\/2016\/12\/TELET%C3%93N-4.jpg?resize=300%2C198&amp;ssl=1 300w, https:\/\/i0.wp.com\/eltrabajo.cl\/portal\/wp-content\/uploads\/2016\/12\/TELET%C3%93N-4.jpg?resize=227%2C150&amp;ssl=1 227w, https:\/\/i0.wp.com\/eltrabajo.cl\/portal\/wp-content\/uploads\/2016\/12\/TELET%C3%93N-4.jpg?resize=400%2C264&amp;ssl=1 400w\" sizes=\"auto, (max-width: 530px) 100vw, 530px\" \/><\/a><figcaption id=\"caption-attachment-75758\" class=\"wp-caption-text\">Con el dinero recolectado el jefe del recinto aconcag\u00fcino, en compa\u00f1\u00eda de otros gendarmes y dos internos, se trasladaron hasta el Banco Chile para realizar la donaci\u00f3n.<\/figcaption><\/figure>\n","protected":false},"excerpt":{"rendered":"<p>Torneos deportivos y recolecci\u00f3n de dinero durante las visitas fueron las principales actividades. El a\u00f1o pasado la poblaci\u00f3n penal del Centro de Cumplimiento Penitenciario (CCP) de San Felipe, hab\u00eda logrado reunir $160.000&#8230;<\/p>\n","protected":false},"author":1,"featured_media":75757,"comment_status":"open","ping_status":"open","sticky":false,"template":"","format":"standard","meta":{"advanced_seo_description":"","jetpack_seo_html_title":"","jetpack_seo_noindex":false,"_jetpack_memberships_contains_paid_content":false,"footnotes":""},"categories":[1],"tags":[],"class_list":["post-75756","post","type-post","status-publish","format-standard","has-post-thumbnail","hentry","category-cronica"],"jetpack_featured_media_url":"https:\/\/i0.wp.com\/eltrabajo.cl\/portal\/wp-content\/uploads\/2016\/12\/TELET%C3%93N-3.jpg?fit=530%2C350&ssl=1","jetpack_sharing_enabled":true,"jetpack_likes_enabled":true,"jetpack-related-posts":[],"_links":{"self":[{"href":"https:\/\/eltrabajo.cl\/portal\/wp-json\/wp\/v2\/posts\/75756","targetHints":{"allow":["GET"]}}],"collection":[{"href":"https:\/\/eltrabajo.cl\/portal\/wp-json\/wp\/v2\/posts"}],"about":[{"href":"https:\/\/eltrabajo.cl\/portal\/wp-json\/wp\/v2\/types\/post"}],"author":[{"embeddable":true,"href":"https:\/\/eltrabajo.cl\/portal\/wp-json\/wp\/v2\/users\/1"}],"replies":[{"embeddable":true,"href":"https:\/\/eltrabajo.cl\/portal\/wp-json\/wp\/v2\/comments?post=75756"}],"version-history":[{"count":0,"href":"https:\/\/eltrabajo.cl\/portal\/wp-json\/wp\/v2\/posts\/75756\/revisions"}],"wp:featuredmedia":[{"embeddable":true,"href":"https:\/\/eltrabajo.cl\/portal\/wp-json\/wp\/v2\/media\/75757"}],"wp:attachment":[{"href":"https:\/\/eltrabajo.cl\/portal\/wp-json\/wp\/v2\/media?parent=75756"}],"wp:term":[{"taxonomy":"category","embeddable":true,"href":"https:\/\/eltrabajo.cl\/portal\/wp-json\/wp\/v2\/categories?post=75756"},{"taxonomy":"post_tag","embeddable":true,"href":"https:\/\/eltrabajo.cl\/portal\/wp-json\/wp\/v2\/tags?post=75756"}],"curies":[{"name":"wp","href":"https:\/\/api.w.org\/{rel}","templated":true}]}}