{"id":75765,"date":"2016-12-06T08:27:26","date_gmt":"2016-12-06T11:27:26","guid":{"rendered":"http:\/\/www.eltrabajo.cl\/portal\/?p=75765"},"modified":"2016-12-06T08:27:26","modified_gmt":"2016-12-06T11:27:26","slug":"mural-inspirado-en-la-biomimetica-le-da-vida-al-frontis-del-liceo-de-hombres","status":"publish","type":"post","link":"https:\/\/eltrabajo.cl\/portal\/mural-inspirado-en-la-biomimetica-le-da-vida-al-frontis-del-liceo-de-hombres\/","title":{"rendered":"Mural inspirado en la Biomim\u00e9tica le da vida al frontis del Liceo de Hombres"},"content":{"rendered":"<ul>\n<li><strong><span style=\"color: #ff0000;\">Paula Tikay y Aner Urra, son los artistas creadores:<\/span>\u00a0Proyecto Explora Conicyt, permiti\u00f3 realizar esta pintura en un establecimiento educacional emblem\u00e1tico de la comuna de San Felipe.<\/strong><\/li>\n<\/ul>\n<p>Paula Tikay y Aner Urra, son dos j\u00f3venes artistas provenientes de la hermosa ciudad de Villarrica y que por primera vez visitan el Valle de Aconcagua. Ellos se dedican a pintar murales, actividad que les ha permitido recorrer Chile, Am\u00e9rica y parte del mundo.<br \/>\nGracias a un proyecto de Explora (programa nacional de Educaci\u00f3n no formal en Ciencia y Tecnolog\u00eda, creado en 1995 por la Comisi\u00f3n Nacional de Investigaci\u00f3n Cient\u00edfica y Tecnol\u00f3gica, Conicyt), los artistas le dieron vida al frontis del Liceo Polit\u00e9cnico Roberto Humeres, uno de los establecimientos educacionales con mayor valor patrimonial de la comuna de San Felipe.<br \/>\nEn un pa\u00f1o de 10 por 8 metros, los artistas plasmaron su trabajo en base a una ciencia: La Biomim\u00e9tica, que la propia Paula defini\u00f3 como \u00abel estudio que realiza el hombre sobre los animales para inventar cosas y a nosotros en esta oportunidad nos toc\u00f3 la inspiraci\u00f3n de volar\u00bb, detall\u00f3 la artista, aprovechando de contar que les gust\u00f3 San Felipe, pero que sufrieron bastante el rigor de las altas temperaturas de la semana pasada.<br \/>\nRicardo Ruiz, coordinador del Departamento de Cultura de la Municipalidad de San Felipe, se mostr\u00f3 feliz de poder entregar esta obra a la comunidad y manifest\u00f3 que \u00abEstuvimos varios meses buscando un buen lugar para hacer este mural, finalmente logramos con la directora del Liceo Roberto Humeres, Romina Fumey, que se hiciera en este muro, que es emblem\u00e1tico, es parte del Teatro Roberto Barraza, as\u00ed que estamos muy contentos de tener a estos artistas con un tremendo curr\u00edculum y mucha experiencia\u00bb, expres\u00f3 Ruiz.<br \/>\n\u00abAfortunadamente el mural queda a una altura donde dif\u00edcilmente podr\u00e1n da\u00f1arlo, pero nunca est\u00e1 dem\u00e1s hacer un llamado a que lo cuiden, lo valoren y que entiendan que esto es arte y por lo tanto merece respeto\u00bb, a\u00f1adi\u00f3 el profesional.<br \/>\nEl trabajo ser\u00e1 entregado hoy, d\u00eda en el que se realiza -precisamente en este recinto- la ceremonia de cambio de mando del Concejo Municipal de San Felipe.<\/p>\n<figure id=\"attachment_75766\" aria-describedby=\"caption-attachment-75766\" style=\"width: 530px\" class=\"wp-caption alignleft\"><a href=\"http:\/\/www.eltrabajo.cl\/portal\/mural-inspirado-en-la-biomimetica-le-da-vida-al-frontis-del-liceo-de-hombres\/hermoso-mural-de-biomimetica\/\" rel=\"attachment wp-att-75766\"><img data-recalc-dims=\"1\" loading=\"lazy\" decoding=\"async\" class=\"size-full wp-image-75766\" src=\"https:\/\/i0.wp.com\/www.eltrabajo.cl\/portal\/wp-content\/uploads\/2016\/12\/Hermoso-mural-de-biomim%C3%A9tica.jpg?resize=530%2C348\" alt=\"Hermoso mural de Biomim\u00e9tica, dar\u00e1 vida al frontis del Liceo Polit\u00e9cnico Roberto Humeres de San Felipe.\" width=\"530\" height=\"348\" srcset=\"https:\/\/i0.wp.com\/eltrabajo.cl\/portal\/wp-content\/uploads\/2016\/12\/Hermoso-mural-de-biomim%C3%A9tica.jpg?w=530&amp;ssl=1 530w, https:\/\/i0.wp.com\/eltrabajo.cl\/portal\/wp-content\/uploads\/2016\/12\/Hermoso-mural-de-biomim%C3%A9tica.jpg?resize=200%2C131&amp;ssl=1 200w, https:\/\/i0.wp.com\/eltrabajo.cl\/portal\/wp-content\/uploads\/2016\/12\/Hermoso-mural-de-biomim%C3%A9tica.jpg?resize=300%2C197&amp;ssl=1 300w, https:\/\/i0.wp.com\/eltrabajo.cl\/portal\/wp-content\/uploads\/2016\/12\/Hermoso-mural-de-biomim%C3%A9tica.jpg?resize=228%2C150&amp;ssl=1 228w, https:\/\/i0.wp.com\/eltrabajo.cl\/portal\/wp-content\/uploads\/2016\/12\/Hermoso-mural-de-biomim%C3%A9tica.jpg?resize=400%2C263&amp;ssl=1 400w\" sizes=\"auto, (max-width: 530px) 100vw, 530px\" \/><\/a><figcaption id=\"caption-attachment-75766\" class=\"wp-caption-text\">Hermoso mural de Biomim\u00e9tica, dar\u00e1 vida al frontis del Liceo Polit\u00e9cnico Roberto Humeres de San Felipe.<\/figcaption><\/figure>\n<figure id=\"attachment_75767\" aria-describedby=\"caption-attachment-75767\" style=\"width: 530px\" class=\"wp-caption alignleft\"><a href=\"http:\/\/www.eltrabajo.cl\/portal\/mural-inspirado-en-la-biomimetica-le-da-vida-al-frontis-del-liceo-de-hombres\/paula-tikay-y-aner-urra\/\" rel=\"attachment wp-att-75767\"><img data-recalc-dims=\"1\" loading=\"lazy\" decoding=\"async\" class=\"size-full wp-image-75767\" src=\"https:\/\/i0.wp.com\/www.eltrabajo.cl\/portal\/wp-content\/uploads\/2016\/12\/Paula-Tikay-y-Aner-Urra.jpg?resize=530%2C348\" alt=\"Paula Tikay y Aner Urra, creadores del mural, junto a Ricardo Ruiz, coordinador del Departamento de Cultura de la Municipalidad de San Felipe.\" width=\"530\" height=\"348\" srcset=\"https:\/\/i0.wp.com\/eltrabajo.cl\/portal\/wp-content\/uploads\/2016\/12\/Paula-Tikay-y-Aner-Urra.jpg?w=530&amp;ssl=1 530w, https:\/\/i0.wp.com\/eltrabajo.cl\/portal\/wp-content\/uploads\/2016\/12\/Paula-Tikay-y-Aner-Urra.jpg?resize=200%2C131&amp;ssl=1 200w, https:\/\/i0.wp.com\/eltrabajo.cl\/portal\/wp-content\/uploads\/2016\/12\/Paula-Tikay-y-Aner-Urra.jpg?resize=300%2C197&amp;ssl=1 300w, https:\/\/i0.wp.com\/eltrabajo.cl\/portal\/wp-content\/uploads\/2016\/12\/Paula-Tikay-y-Aner-Urra.jpg?resize=228%2C150&amp;ssl=1 228w, https:\/\/i0.wp.com\/eltrabajo.cl\/portal\/wp-content\/uploads\/2016\/12\/Paula-Tikay-y-Aner-Urra.jpg?resize=400%2C263&amp;ssl=1 400w\" sizes=\"auto, (max-width: 530px) 100vw, 530px\" \/><\/a><figcaption id=\"caption-attachment-75767\" class=\"wp-caption-text\">Paula Tikay y Aner Urra, creadores del mural, junto a Ricardo Ruiz, coordinador del Departamento de Cultura de la Municipalidad de San Felipe.<\/figcaption><\/figure>\n","protected":false},"excerpt":{"rendered":"<p>Paula Tikay y Aner Urra, son los artistas creadores:\u00a0Proyecto Explora Conicyt, permiti\u00f3 realizar esta pintura en un establecimiento educacional emblem\u00e1tico de la comuna de San Felipe. Paula Tikay y Aner Urra, son&#8230;<\/p>\n","protected":false},"author":1,"featured_media":75766,"comment_status":"open","ping_status":"open","sticky":false,"template":"","format":"standard","meta":{"advanced_seo_description":"","jetpack_seo_html_title":"","jetpack_seo_noindex":false,"_jetpack_memberships_contains_paid_content":false,"footnotes":""},"categories":[15],"tags":[],"class_list":["post-75765","post","type-post","status-publish","format-standard","has-post-thumbnail","hentry","category-comunidad"],"jetpack_featured_media_url":"https:\/\/i0.wp.com\/eltrabajo.cl\/portal\/wp-content\/uploads\/2016\/12\/Hermoso-mural-de-biomim%C3%A9tica.jpg?fit=530%2C348&ssl=1","jetpack_sharing_enabled":true,"jetpack_likes_enabled":true,"jetpack-related-posts":[],"_links":{"self":[{"href":"https:\/\/eltrabajo.cl\/portal\/wp-json\/wp\/v2\/posts\/75765","targetHints":{"allow":["GET"]}}],"collection":[{"href":"https:\/\/eltrabajo.cl\/portal\/wp-json\/wp\/v2\/posts"}],"about":[{"href":"https:\/\/eltrabajo.cl\/portal\/wp-json\/wp\/v2\/types\/post"}],"author":[{"embeddable":true,"href":"https:\/\/eltrabajo.cl\/portal\/wp-json\/wp\/v2\/users\/1"}],"replies":[{"embeddable":true,"href":"https:\/\/eltrabajo.cl\/portal\/wp-json\/wp\/v2\/comments?post=75765"}],"version-history":[{"count":0,"href":"https:\/\/eltrabajo.cl\/portal\/wp-json\/wp\/v2\/posts\/75765\/revisions"}],"wp:featuredmedia":[{"embeddable":true,"href":"https:\/\/eltrabajo.cl\/portal\/wp-json\/wp\/v2\/media\/75766"}],"wp:attachment":[{"href":"https:\/\/eltrabajo.cl\/portal\/wp-json\/wp\/v2\/media?parent=75765"}],"wp:term":[{"taxonomy":"category","embeddable":true,"href":"https:\/\/eltrabajo.cl\/portal\/wp-json\/wp\/v2\/categories?post=75765"},{"taxonomy":"post_tag","embeddable":true,"href":"https:\/\/eltrabajo.cl\/portal\/wp-json\/wp\/v2\/tags?post=75765"}],"curies":[{"name":"wp","href":"https:\/\/api.w.org\/{rel}","templated":true}]}}