{"id":75770,"date":"2016-12-06T08:29:46","date_gmt":"2016-12-06T11:29:46","guid":{"rendered":"http:\/\/www.eltrabajo.cl\/portal\/?p=75770"},"modified":"2016-12-06T08:29:46","modified_gmt":"2016-12-06T11:29:46","slug":"golpe-al-narcotrafico-del-os7-incauta-media-tonelada-de-cocaina-y-marihuana","status":"publish","type":"post","link":"https:\/\/eltrabajo.cl\/portal\/golpe-al-narcotrafico-del-os7-incauta-media-tonelada-de-cocaina-y-marihuana\/","title":{"rendered":"Golpe al narcotr\u00e1fico del OS7 incauta media tonelada de coca\u00edna y marihuana"},"content":{"rendered":"<ul>\n<li><strong><span style=\"color: #ff0000;\">Banda liderada por un boliviano y seis chilenos:<\/span>\u00a0Cargamento de 518 kilos de pasta base, coca\u00edna y marihuana prensada avaluada en cuatro mil millones de pesos, ven\u00eda oculta entre cajones de tomates y sacos de choclos. Integrantes de la banda criminal residentes en San Felipe y Putaendo, recibir\u00edan parte de estas sustancias para ser comercializadas durante las fiestas de fin de a\u00f1o.<\/strong><\/li>\n<\/ul>\n<p>Una minuciosa investigaci\u00f3n que se extendi\u00f3 por seis meses realizaron los agentes policiales del OS7 de Carabineros, para lograr desbaratar una banda de seis chilenos, liderada por un ciudadano boliviano que ingres\u00f3 una carga de media tonelada de drogas, para ser comercializada durante las fiestas de fin de a\u00f1o en las provincias de San Felipe, Los Andes y zona central de Chile.<br \/>\nLos operativos policiales se iniciaron luego de mantener informaci\u00f3n de que una familia residente de la comuna de Putaendo, quienes se dedicar\u00edan a la comercializaci\u00f3n de sustancias il\u00edcitas, se conectar\u00edan con los actuales imputados residentes en San Felipe pertenecientes a esta banda y que ser\u00edan abastecidos por el ciudadano boliviano, quien ingres\u00f3 un cami\u00f3n con el cargamento de drogas avaluado en m\u00e1s de 4 mil millones de pesos.<br \/>\nPara distraer la atenci\u00f3n de estas sustancias durante el traslado desde la zona norte del pa\u00eds, los 518 kilos de distintas drogas se encontraban ocultos entre 1.738 cajas de tomate y 23 sacos de choclos. No obstante, los movimientos estaban siendo estudiados desde el pasado 27 de noviembre por la secci\u00f3n especializada de Carabineros, esperando que el cami\u00f3n ingresara a la Quinta Regi\u00f3n del pa\u00eds.<br \/>\nEl jefe de la Secci\u00f3n de OS7 Aconcagua, capit\u00e1n Felipe Maureira, indic\u00f3 que durante el traslado de la maquinaria pesada, otros sujetos de la banda se desplazaban en un autom\u00f3vil para escoltar al cami\u00f3n que fue interceptado en el kil\u00f3metro 158 en el cruce Catapilco, perteneciente a la comuna de Zapallar.<br \/>\nEl oficial agreg\u00f3 que los otros sujetos que serv\u00edan de escolta, siguieron de largo por la ruta, siendo seguidos hasta llegar al Peaje Las Vegas de Llay Llay, donde fueron detenidos por su participaci\u00f3n.<br \/>\nEl cargamento equivale a 523 paquetes, consistentes en 61 kilos 366 gramos de clorhidrato de coca\u00edna, 47 kilos 381 gramos de pasta base y 409 kilos de marihuana tipo prensada, que ser\u00edan distribuida dentro de la Quinta Regi\u00f3n, Aconcagua y Regi\u00f3n Metropolitana.<br \/>\n\u00abEl d\u00eda de 2 de diciembre se despacharon las \u00f3rdenes de detenci\u00f3n en contra de los sujetos residentes en la comuna de San Felipe que participaban del delito como receptores de esta droga. La banda era lideraba por el ciudadano boliviano que ingresaba la droga al pa\u00eds gestionando el traslado desde el norte, efectuando los contactos con sujetos de la zona de San Felipe para su comercializaci\u00f3n\u00bb, afirm\u00f3 a Diario El Trabajo, el capit\u00e1n Felipe Maureira.<br \/>\nEl procedimiento policial continu\u00f3 con la incautaci\u00f3n del cami\u00f3n con acoplado en el que se transportaban las drogas y los veh\u00edculos utilizados por la organizaci\u00f3n como escolta de la il\u00edcita carga.<br \/>\nLos imputados fueron identificados como \u00d3scar Toro Rojas (53); Richard Rocha Mercado (25); Nelson Canto Salazar (30); Johanna Guerra Cerda (32); Carlos Guerra Cerda (35); Javier Choque Mamani (39) y Anselmo Challoa Choque (25), todos formalizados la ma\u00f1ana de ayer lunes, tras la ampliaci\u00f3n de sus detenciones durante el fin de semana en el Juzgado de Garant\u00eda de Los Andes, quedando todos sujetos a prisi\u00f3n preventiva a petici\u00f3n del Ministerio P\u00fablico.<br \/>\nEn tanto, desde la instituci\u00f3n uniformada se calific\u00f3 a los operativos como exitosos, toda vez que se logr\u00f3 desarticular una organizaci\u00f3n criminal compuesta por l\u00edderes, financistas, transportistas y distribuidores de drogas.<br \/>\n<strong>Pablo Salinas Sald\u00edas<\/strong><\/p>\n<figure id=\"attachment_75771\" aria-describedby=\"caption-attachment-75771\" style=\"width: 530px\" class=\"wp-caption alignleft\"><a href=\"http:\/\/www.eltrabajo.cl\/portal\/golpe-al-narcotrafico-del-os7-incauta-media-tonelada-de-cocaina-y-marihuana\/droga-2-3\/\" rel=\"attachment wp-att-75771\"><img data-recalc-dims=\"1\" loading=\"lazy\" decoding=\"async\" class=\"size-full wp-image-75771\" src=\"https:\/\/i0.wp.com\/www.eltrabajo.cl\/portal\/wp-content\/uploads\/2016\/12\/droga-2.jpg?resize=530%2C349\" alt=\"La droga ven\u00eda empaquetada y oculta dentro de cajones de tomates y sacos de choclos al interior de un cami\u00f3n con acoplado que ingres\u00f3 al pa\u00eds el pasado fin de semana.\" width=\"530\" height=\"349\" srcset=\"https:\/\/i0.wp.com\/eltrabajo.cl\/portal\/wp-content\/uploads\/2016\/12\/droga-2.jpg?w=530&amp;ssl=1 530w, https:\/\/i0.wp.com\/eltrabajo.cl\/portal\/wp-content\/uploads\/2016\/12\/droga-2.jpg?resize=200%2C132&amp;ssl=1 200w, https:\/\/i0.wp.com\/eltrabajo.cl\/portal\/wp-content\/uploads\/2016\/12\/droga-2.jpg?resize=300%2C198&amp;ssl=1 300w, https:\/\/i0.wp.com\/eltrabajo.cl\/portal\/wp-content\/uploads\/2016\/12\/droga-2.jpg?resize=228%2C150&amp;ssl=1 228w, https:\/\/i0.wp.com\/eltrabajo.cl\/portal\/wp-content\/uploads\/2016\/12\/droga-2.jpg?resize=400%2C263&amp;ssl=1 400w\" sizes=\"auto, (max-width: 530px) 100vw, 530px\" \/><\/a><figcaption id=\"caption-attachment-75771\" class=\"wp-caption-text\">La droga ven\u00eda empaquetada y oculta dentro de cajones de tomates y sacos de choclos al interior de un cami\u00f3n con acoplado que ingres\u00f3 al pa\u00eds el pasado fin de semana.<\/figcaption><\/figure>\n<figure id=\"attachment_75772\" aria-describedby=\"caption-attachment-75772\" style=\"width: 530px\" class=\"wp-caption alignleft\"><a href=\"http:\/\/www.eltrabajo.cl\/portal\/golpe-al-narcotrafico-del-os7-incauta-media-tonelada-de-cocaina-y-marihuana\/droga-3-4\/\" rel=\"attachment wp-att-75772\"><img data-recalc-dims=\"1\" loading=\"lazy\" decoding=\"async\" class=\"size-full wp-image-75772\" src=\"https:\/\/i0.wp.com\/www.eltrabajo.cl\/portal\/wp-content\/uploads\/2016\/12\/droga-3.jpg?resize=530%2C349\" alt=\"El cargamento incautado por efectivos de OS7 de Carabineros equivale a 523 paquetes consistentes en 61 kilos 366 gramos de clorhidrato de coca\u00edna, 47 kilos 381 gramos de pasta base y 409 kilos de marihuana tipo prensada. \" width=\"530\" height=\"349\" srcset=\"https:\/\/i0.wp.com\/eltrabajo.cl\/portal\/wp-content\/uploads\/2016\/12\/droga-3.jpg?w=530&amp;ssl=1 530w, https:\/\/i0.wp.com\/eltrabajo.cl\/portal\/wp-content\/uploads\/2016\/12\/droga-3.jpg?resize=200%2C132&amp;ssl=1 200w, https:\/\/i0.wp.com\/eltrabajo.cl\/portal\/wp-content\/uploads\/2016\/12\/droga-3.jpg?resize=300%2C198&amp;ssl=1 300w, https:\/\/i0.wp.com\/eltrabajo.cl\/portal\/wp-content\/uploads\/2016\/12\/droga-3.jpg?resize=228%2C150&amp;ssl=1 228w, https:\/\/i0.wp.com\/eltrabajo.cl\/portal\/wp-content\/uploads\/2016\/12\/droga-3.jpg?resize=400%2C263&amp;ssl=1 400w\" sizes=\"auto, (max-width: 530px) 100vw, 530px\" \/><\/a><figcaption id=\"caption-attachment-75772\" class=\"wp-caption-text\">El cargamento incautado por efectivos de OS7 de Carabineros equivale a 523 paquetes consistentes en 61 kilos 366 gramos de clorhidrato de coca\u00edna, 47 kilos 381 gramos de pasta base y 409 kilos de marihuana tipo prensada.<\/figcaption><\/figure>\n","protected":false},"excerpt":{"rendered":"<p>Banda liderada por un boliviano y seis chilenos:\u00a0Cargamento de 518 kilos de pasta base, coca\u00edna y marihuana prensada avaluada en cuatro mil millones de pesos, ven\u00eda oculta entre cajones de tomates y&#8230;<\/p>\n","protected":false},"author":1,"featured_media":75771,"comment_status":"open","ping_status":"open","sticky":false,"template":"","format":"standard","meta":{"advanced_seo_description":"","jetpack_seo_html_title":"","jetpack_seo_noindex":false,"_jetpack_memberships_contains_paid_content":false,"footnotes":""},"categories":[21],"tags":[],"class_list":["post-75770","post","type-post","status-publish","format-standard","has-post-thumbnail","hentry","category-policial"],"jetpack_featured_media_url":"https:\/\/i0.wp.com\/eltrabajo.cl\/portal\/wp-content\/uploads\/2016\/12\/droga-2.jpg?fit=530%2C349&ssl=1","jetpack_sharing_enabled":true,"jetpack_likes_enabled":true,"jetpack-related-posts":[],"_links":{"self":[{"href":"https:\/\/eltrabajo.cl\/portal\/wp-json\/wp\/v2\/posts\/75770","targetHints":{"allow":["GET"]}}],"collection":[{"href":"https:\/\/eltrabajo.cl\/portal\/wp-json\/wp\/v2\/posts"}],"about":[{"href":"https:\/\/eltrabajo.cl\/portal\/wp-json\/wp\/v2\/types\/post"}],"author":[{"embeddable":true,"href":"https:\/\/eltrabajo.cl\/portal\/wp-json\/wp\/v2\/users\/1"}],"replies":[{"embeddable":true,"href":"https:\/\/eltrabajo.cl\/portal\/wp-json\/wp\/v2\/comments?post=75770"}],"version-history":[{"count":0,"href":"https:\/\/eltrabajo.cl\/portal\/wp-json\/wp\/v2\/posts\/75770\/revisions"}],"wp:featuredmedia":[{"embeddable":true,"href":"https:\/\/eltrabajo.cl\/portal\/wp-json\/wp\/v2\/media\/75771"}],"wp:attachment":[{"href":"https:\/\/eltrabajo.cl\/portal\/wp-json\/wp\/v2\/media?parent=75770"}],"wp:term":[{"taxonomy":"category","embeddable":true,"href":"https:\/\/eltrabajo.cl\/portal\/wp-json\/wp\/v2\/categories?post=75770"},{"taxonomy":"post_tag","embeddable":true,"href":"https:\/\/eltrabajo.cl\/portal\/wp-json\/wp\/v2\/tags?post=75770"}],"curies":[{"name":"wp","href":"https:\/\/api.w.org\/{rel}","templated":true}]}}