{"id":75777,"date":"2016-12-07T08:32:48","date_gmt":"2016-12-07T11:32:48","guid":{"rendered":"http:\/\/www.eltrabajo.cl\/portal\/?p=75777"},"modified":"2016-12-07T08:32:48","modified_gmt":"2016-12-07T11:32:48","slug":"comienza-nueva-fase-del-proyecto-de-ciclovias-para-san-felipe","status":"publish","type":"post","link":"https:\/\/eltrabajo.cl\/portal\/comienza-nueva-fase-del-proyecto-de-ciclovias-para-san-felipe\/","title":{"rendered":"Comienza nueva fase del proyecto de Ciclov\u00edas para San Felipe"},"content":{"rendered":"<ul>\n<li><strong>Inv<span style=\"color: #ff0000;\">ersi\u00f3n de m\u00e1s de 1.200 millones de pesos:<\/span>\u00a0En total, se ejecutar\u00e1n cuatro contratos simult\u00e1neos, los que permitir\u00e1n abarcar 2,5 kil\u00f3metros de ciclov\u00edas en las arterias principales de la comuna.<\/strong><\/li>\n<\/ul>\n<p>Comenzaron las obras en una nueva fase del proyecto \u2018Construcci\u00f3n de ciclov\u00edas y Gesti\u00f3n de tr\u00e1nsito de la comuna de San Felipe\u2019. Se trata de una ejecuci\u00f3n simult\u00e1nea de cuatro contratos de esta iniciativa, que dotar\u00e1n de espacios seguros para mejorar la conectividad vial de la ciudad a trav\u00e9s del uso de la bicicleta como transporte, fomentando la descongesti\u00f3n y la vida saludable.<br \/>\nLos sectores a intervenir por Serviu en esta nueva fase, ser\u00e1n la avenida O\u2019Higgins Oriente (entre Yungay y Traslavi\u00f1a), O\u2019Higgins Oriente (entre Traslavi\u00f1a y Maip\u00fa), la Av. Chacabuco (entre Maip\u00fa y Yungay) y la Av. Yungay (entre O\u2019Higgins y Chacabuco). En estas zonas, se ejecutar\u00e1n pavimento de calzada de ciclov\u00edas, aceras, dispositivos de rodados (rampas para minusv\u00e1lidos), se\u00f1alizaci\u00f3n, demarcaci\u00f3n, mejoramiento de sistemas de aguas lluvias, biciestacionamientos, entre otras faenas.<br \/>\nEl director regional de Serviu, Carlos Contador, lleg\u00f3 hasta San Felipe para fiscalizar el inicio de estas obras, momento en el cual destac\u00f3 que \u201clas ciclov\u00edas no son un paseo, hoy son un elemento de conectividad. En los pa\u00edses m\u00e1s desarrollados son el elemento de mayor uso por la comunidad, toda vez que ayuda a la descongesti\u00f3n de la ciudad\u201d.<br \/>\nEn tanto, el gobernador de la Provincia de San Felipe, Eduardo Le\u00f3n, se\u00f1al\u00f3 que \u201cvan a haber cuatro obras simult\u00e1neas en construcci\u00f3n que aproximadamente en abril del pr\u00f3ximo a\u00f1o van a estar concluidas. Ah\u00ed estar\u00edan las Alamedas Yungay, Chacabuco y Maip\u00fa con un sistema integrado\u201d.<br \/>\nEn total, los cuatro proyectos sumar\u00e1n una inversi\u00f3n del Ministerio de Vivienda y Urbanismo de m\u00e1s de $1.200 millones de pesos.<br \/>\nCabe recordar, que esta iniciativa se enmarca en uno de los compromisos del Gobierno de la presidenta Michelle Bachelet, de construir 190 kil\u00f3metros de ciclov\u00edas de alto est\u00e1ndar que beneficiar\u00e1n a familias de 32 ciudades, de las 15 regiones del pa\u00eds.<br \/>\nPor su parte, el alcalde de San Felipe, Patricio Freire, destac\u00f3 que \u201clos ciudadanos de San Felipe estamos contentos con todos los programas que se est\u00e1n cumpliendo en nuestra comuna, como por ejemplo, estas ciclov\u00edas, que es un proyecto tan esperado\u201d.<\/p>\n<figure id=\"attachment_75778\" aria-describedby=\"caption-attachment-75778\" style=\"width: 530px\" class=\"wp-caption alignleft\"><a href=\"http:\/\/www.eltrabajo.cl\/portal\/comienza-nueva-fase-del-proyecto-de-ciclovias-para-san-felipe\/ciclovias-6\/\" rel=\"attachment wp-att-75778\"><img data-recalc-dims=\"1\" loading=\"lazy\" decoding=\"async\" class=\"size-full wp-image-75778\" src=\"https:\/\/i0.wp.com\/www.eltrabajo.cl\/portal\/wp-content\/uploads\/2016\/12\/CICLOVIAS.jpg?resize=530%2C349\" alt=\"En las zonas a intervenir, se ejecutar\u00e1n: pavimento de calzada de ciclov\u00edas, aceras, dispositivos de rodados (rampas para minusv\u00e1lidos), se\u00f1alizaci\u00f3n, demarcaci\u00f3n, mejoramiento de sistemas de aguas lluvias, biciestacionamientos, entre otras faenas. \" width=\"530\" height=\"349\" srcset=\"https:\/\/i0.wp.com\/eltrabajo.cl\/portal\/wp-content\/uploads\/2016\/12\/CICLOVIAS.jpg?w=530&amp;ssl=1 530w, https:\/\/i0.wp.com\/eltrabajo.cl\/portal\/wp-content\/uploads\/2016\/12\/CICLOVIAS.jpg?resize=200%2C132&amp;ssl=1 200w, https:\/\/i0.wp.com\/eltrabajo.cl\/portal\/wp-content\/uploads\/2016\/12\/CICLOVIAS.jpg?resize=300%2C198&amp;ssl=1 300w, https:\/\/i0.wp.com\/eltrabajo.cl\/portal\/wp-content\/uploads\/2016\/12\/CICLOVIAS.jpg?resize=228%2C150&amp;ssl=1 228w, https:\/\/i0.wp.com\/eltrabajo.cl\/portal\/wp-content\/uploads\/2016\/12\/CICLOVIAS.jpg?resize=400%2C263&amp;ssl=1 400w\" sizes=\"auto, (max-width: 530px) 100vw, 530px\" \/><\/a><figcaption id=\"caption-attachment-75778\" class=\"wp-caption-text\">En las zonas a intervenir, se ejecutar\u00e1n: pavimento de calzada de ciclov\u00edas, aceras, dispositivos de rodados (rampas para minusv\u00e1lidos), se\u00f1alizaci\u00f3n, demarcaci\u00f3n, mejoramiento de sistemas de aguas lluvias, biciestacionamientos, entre otras faenas.<\/figcaption><\/figure>\n","protected":false},"excerpt":{"rendered":"<p>Inversi\u00f3n de m\u00e1s de 1.200 millones de pesos:\u00a0En total, se ejecutar\u00e1n cuatro contratos simult\u00e1neos, los que permitir\u00e1n abarcar 2,5 kil\u00f3metros de ciclov\u00edas en las arterias principales de la comuna. Comenzaron las obras&#8230;<\/p>\n","protected":false},"author":1,"featured_media":75778,"comment_status":"open","ping_status":"open","sticky":false,"template":"","format":"standard","meta":{"advanced_seo_description":"","jetpack_seo_html_title":"","jetpack_seo_noindex":false,"_jetpack_memberships_contains_paid_content":false,"footnotes":""},"categories":[1],"tags":[],"class_list":["post-75777","post","type-post","status-publish","format-standard","has-post-thumbnail","hentry","category-cronica"],"jetpack_featured_media_url":"https:\/\/i0.wp.com\/eltrabajo.cl\/portal\/wp-content\/uploads\/2016\/12\/CICLOVIAS.jpg?fit=530%2C349&ssl=1","jetpack_sharing_enabled":true,"jetpack_likes_enabled":true,"jetpack-related-posts":[],"_links":{"self":[{"href":"https:\/\/eltrabajo.cl\/portal\/wp-json\/wp\/v2\/posts\/75777","targetHints":{"allow":["GET"]}}],"collection":[{"href":"https:\/\/eltrabajo.cl\/portal\/wp-json\/wp\/v2\/posts"}],"about":[{"href":"https:\/\/eltrabajo.cl\/portal\/wp-json\/wp\/v2\/types\/post"}],"author":[{"embeddable":true,"href":"https:\/\/eltrabajo.cl\/portal\/wp-json\/wp\/v2\/users\/1"}],"replies":[{"embeddable":true,"href":"https:\/\/eltrabajo.cl\/portal\/wp-json\/wp\/v2\/comments?post=75777"}],"version-history":[{"count":0,"href":"https:\/\/eltrabajo.cl\/portal\/wp-json\/wp\/v2\/posts\/75777\/revisions"}],"wp:featuredmedia":[{"embeddable":true,"href":"https:\/\/eltrabajo.cl\/portal\/wp-json\/wp\/v2\/media\/75778"}],"wp:attachment":[{"href":"https:\/\/eltrabajo.cl\/portal\/wp-json\/wp\/v2\/media?parent=75777"}],"wp:term":[{"taxonomy":"category","embeddable":true,"href":"https:\/\/eltrabajo.cl\/portal\/wp-json\/wp\/v2\/categories?post=75777"},{"taxonomy":"post_tag","embeddable":true,"href":"https:\/\/eltrabajo.cl\/portal\/wp-json\/wp\/v2\/tags?post=75777"}],"curies":[{"name":"wp","href":"https:\/\/api.w.org\/{rel}","templated":true}]}}