{"id":75781,"date":"2016-12-07T08:36:42","date_gmt":"2016-12-07T11:36:42","guid":{"rendered":"http:\/\/www.eltrabajo.cl\/portal\/?p=75781"},"modified":"2016-12-07T08:36:42","modified_gmt":"2016-12-07T11:36:42","slug":"este-viernes-se-presenta-los-lamentos-del-bosque-en-el-teatro-municipal","status":"publish","type":"post","link":"https:\/\/eltrabajo.cl\/portal\/este-viernes-se-presenta-los-lamentos-del-bosque-en-el-teatro-municipal\/","title":{"rendered":"Este viernes se presenta \u2018Los lamentos del bosque\u2019 en el Teatro Municipal"},"content":{"rendered":"<ul>\n<li><strong>A partir de las 19:00 horas:<\/strong><\/li>\n<\/ul>\n<p>Gran revuelo se vive en el taller de teatro para ni\u00f1os y adolescentes, que se desarrolla en las oficinas del departamento municipal de Cultura, de cara a la gala de presentaci\u00f3n de la obra \u2018Los lamentos del bosque\u2019, la que ser\u00e1 presentada este viernes 9 de diciembre, a las 19:00 horas en el Teatro Municipal.<br \/>\nSe trata de un proyecto art\u00edstico que se inici\u00f3 en mayo de este a\u00f1o, destinado a ni\u00f1os y j\u00f3venes de seis y 18 a\u00f1os, quienes hasta la fecha han logrado importantes avances en este arte, los que est\u00e1n dirigidos por la licenciada en artes esc\u00e9nicas y pedagoga actoral de la Universidad Cat\u00f3lica, Ver\u00f3nica Barrera.<br \/>\n\u201cEsta obra trata de c\u00f3mo los personajes del bosque se dan a la tarea de ofrecer su mejor esfuerzo, a fin de enfrentar al mayor enemigos de su h\u00e1bitat: El Hombre, personaje que ser\u00e1 el villano de la obra. Ellos vienen ensayando todos los s\u00e1bados desde las 10:00 a las 13:00 horas, en estos meses finales han doblado esfuerzos, para que el trabajo actoral sea el mejor\u201d, explic\u00f3 la profesora Barrera.<br \/>\nSeg\u00fan inform\u00f3 la profesional, en marzo pr\u00f3ximo se estar\u00e1n abriendo nuevamente las matr\u00edculas para este taller y la invitaci\u00f3n es a todos los ni\u00f1os y j\u00f3venes de la comuna a inscribirse y participar de esta interesante.<\/p>\n<figure id=\"attachment_75782\" aria-describedby=\"caption-attachment-75782\" style=\"width: 530px\" class=\"wp-caption alignleft\"><a href=\"http:\/\/www.eltrabajo.cl\/portal\/este-viernes-se-presenta-los-lamentos-del-bosque-en-el-teatro-municipal\/actores33\/\" rel=\"attachment wp-att-75782\"><img data-recalc-dims=\"1\" loading=\"lazy\" decoding=\"async\" class=\"size-full wp-image-75782\" src=\"https:\/\/i0.wp.com\/www.eltrabajo.cl\/portal\/wp-content\/uploads\/2016\/12\/Actores33.jpg?resize=530%2C350\" alt=\"Obra teatral \u2018Los lamentos del bosque\u2019, ser\u00e1 presentada este viernes 9 de diciembre, a las 19:00 horas en el Teatro Municipal.\" width=\"530\" height=\"350\" srcset=\"https:\/\/i0.wp.com\/eltrabajo.cl\/portal\/wp-content\/uploads\/2016\/12\/Actores33.jpg?w=530&amp;ssl=1 530w, https:\/\/i0.wp.com\/eltrabajo.cl\/portal\/wp-content\/uploads\/2016\/12\/Actores33.jpg?resize=200%2C132&amp;ssl=1 200w, https:\/\/i0.wp.com\/eltrabajo.cl\/portal\/wp-content\/uploads\/2016\/12\/Actores33.jpg?resize=300%2C198&amp;ssl=1 300w, https:\/\/i0.wp.com\/eltrabajo.cl\/portal\/wp-content\/uploads\/2016\/12\/Actores33.jpg?resize=227%2C150&amp;ssl=1 227w, https:\/\/i0.wp.com\/eltrabajo.cl\/portal\/wp-content\/uploads\/2016\/12\/Actores33.jpg?resize=400%2C264&amp;ssl=1 400w\" sizes=\"auto, (max-width: 530px) 100vw, 530px\" \/><\/a><figcaption id=\"caption-attachment-75782\" class=\"wp-caption-text\">Obra teatral \u2018Los lamentos del bosque\u2019, ser\u00e1 presentada este viernes 9 de diciembre, a las 19:00 horas en el Teatro Municipal.<\/figcaption><\/figure>\n","protected":false},"excerpt":{"rendered":"<p>A partir de las 19:00 horas: Gran revuelo se vive en el taller de teatro para ni\u00f1os y adolescentes, que se desarrolla en las oficinas del departamento municipal de Cultura, de cara&#8230;<\/p>\n","protected":false},"author":1,"featured_media":75782,"comment_status":"open","ping_status":"open","sticky":false,"template":"","format":"standard","meta":{"advanced_seo_description":"","jetpack_seo_html_title":"","jetpack_seo_noindex":false,"_jetpack_memberships_contains_paid_content":false,"footnotes":""},"categories":[20],"tags":[],"class_list":["post-75781","post","type-post","status-publish","format-standard","has-post-thumbnail","hentry","category-arte-y-cultura"],"jetpack_featured_media_url":"https:\/\/i0.wp.com\/eltrabajo.cl\/portal\/wp-content\/uploads\/2016\/12\/Actores33.jpg?fit=530%2C350&ssl=1","jetpack_sharing_enabled":true,"jetpack_likes_enabled":true,"jetpack-related-posts":[],"_links":{"self":[{"href":"https:\/\/eltrabajo.cl\/portal\/wp-json\/wp\/v2\/posts\/75781","targetHints":{"allow":["GET"]}}],"collection":[{"href":"https:\/\/eltrabajo.cl\/portal\/wp-json\/wp\/v2\/posts"}],"about":[{"href":"https:\/\/eltrabajo.cl\/portal\/wp-json\/wp\/v2\/types\/post"}],"author":[{"embeddable":true,"href":"https:\/\/eltrabajo.cl\/portal\/wp-json\/wp\/v2\/users\/1"}],"replies":[{"embeddable":true,"href":"https:\/\/eltrabajo.cl\/portal\/wp-json\/wp\/v2\/comments?post=75781"}],"version-history":[{"count":0,"href":"https:\/\/eltrabajo.cl\/portal\/wp-json\/wp\/v2\/posts\/75781\/revisions"}],"wp:featuredmedia":[{"embeddable":true,"href":"https:\/\/eltrabajo.cl\/portal\/wp-json\/wp\/v2\/media\/75782"}],"wp:attachment":[{"href":"https:\/\/eltrabajo.cl\/portal\/wp-json\/wp\/v2\/media?parent=75781"}],"wp:term":[{"taxonomy":"category","embeddable":true,"href":"https:\/\/eltrabajo.cl\/portal\/wp-json\/wp\/v2\/categories?post=75781"},{"taxonomy":"post_tag","embeddable":true,"href":"https:\/\/eltrabajo.cl\/portal\/wp-json\/wp\/v2\/tags?post=75781"}],"curies":[{"name":"wp","href":"https:\/\/api.w.org\/{rel}","templated":true}]}}