{"id":75785,"date":"2016-12-07T08:40:15","date_gmt":"2016-12-07T11:40:15","guid":{"rendered":"http:\/\/www.eltrabajo.cl\/portal\/?p=75785"},"modified":"2016-12-07T08:40:15","modified_gmt":"2016-12-07T11:40:15","slug":"lo-detienen-por-robo-de-animales-que-fueron-faenados-en-una-bodega","status":"publish","type":"post","link":"https:\/\/eltrabajo.cl\/portal\/lo-detienen-por-robo-de-animales-que-fueron-faenados-en-una-bodega\/","title":{"rendered":"Lo detienen por robo de animales que fueron faenados en una bodega"},"content":{"rendered":"<ul>\n<li><strong><span style=\"color: #ff0000;\">Imputado fue formalizado por delito de \u2018abigeato\u2019:<\/span> \u00a0V\u00edctima se percat\u00f3 de madrugada de la sustracci\u00f3n de dos ovejas desde su domicilio, requiriendo auxilio a su hijo, quien denunci\u00f3 los hechos a Carabineros que culmin\u00f3 con la detenci\u00f3n de un sujeto.<\/strong><\/li>\n<\/ul>\n<p>Por el delito de sustracci\u00f3n de animales o abigeato, fue detenido un hombre de 57 a\u00f1os de edad, quien manten\u00eda dentro de su vivienda dos ovejas que fueron faenadas al interior de su domicilio en el sector rural de la comuna de Santa Mar\u00eda.<br \/>\nLos hechos quedaron al descubierto luego que el hijo de la v\u00edctima concurri\u00f3 hasta la Tenencia de Santa Mar\u00eda, denunciando ante los efectivos policiales que a eso de las 04:00 horas de la madrugada de este lunes, recibi\u00f3 un llamado telef\u00f3nico de su madre domiciliada en San Esteban, indicando que desconocidos ingresaron hasta los corrales de su propiedad, sustray\u00e9ndole dos ovejas, para luego darse a la fuga por predios agr\u00edcolas colindantes, dando cuenta de los hechos en primera instancia a Carabineros de San Esteban.<br \/>\nNo obstante, el afectado indic\u00f3 que tras realizar su propia investigaci\u00f3n del hecho a trav\u00e9s de las huellas que habr\u00edan dejado en el camino los animales, lo llevaron hasta un domicilio en la comuna de Santa Mar\u00eda, donde se hallaban las ovejas, concurriendo a hacer la denuncia hasta Carabineros de esa localidad.<br \/>\nLos uniformados al concurrir hasta esta vivienda, su propietario se neg\u00f3 a la entrada de los polic\u00edas, debiendo requerir una orden de entrada y registro judicial, hallando finalmente que los animales fueron faenados y se encontraban colgados al interior de una bodega junto con los cueros.<br \/>\nCarabineros procedi\u00f3 al decomiso de estas carnes, que fueron entregadas a su propietario, procediendo a la detenci\u00f3n del obrero identificado como H\u00e9ctor B.G. de 56 a\u00f1os, domiciliado en el sector Las Cadenas, por el delito de abigeato, quedando a disposici\u00f3n de la Fiscal\u00eda de Los Andes en audiencia de control de detenci\u00f3n la ma\u00f1ana de ayer martes, en el Juzgado de Garant\u00eda de esa comuna.<br \/>\n<strong>Pablo Salinas Sald\u00edas<\/strong><\/p>\n<figure id=\"attachment_75786\" aria-describedby=\"caption-attachment-75786\" style=\"width: 530px\" class=\"wp-caption alignleft\"><a href=\"http:\/\/www.eltrabajo.cl\/portal\/lo-detienen-por-robo-de-animales-que-fueron-faenados-en-una-bodega\/imputado-abigeato-2\/\" rel=\"attachment wp-att-75786\"><img data-recalc-dims=\"1\" loading=\"lazy\" decoding=\"async\" class=\"size-full wp-image-75786\" src=\"https:\/\/i0.wp.com\/www.eltrabajo.cl\/portal\/wp-content\/uploads\/2016\/12\/IMPUTADO-ABIGEATO-2.jpg?resize=530%2C348\" alt=\"El imputado, fue trasladado por Carabineros hasta Tribunales, para ser formalizado.\" width=\"530\" height=\"348\" srcset=\"https:\/\/i0.wp.com\/eltrabajo.cl\/portal\/wp-content\/uploads\/2016\/12\/IMPUTADO-ABIGEATO-2.jpg?w=530&amp;ssl=1 530w, https:\/\/i0.wp.com\/eltrabajo.cl\/portal\/wp-content\/uploads\/2016\/12\/IMPUTADO-ABIGEATO-2.jpg?resize=200%2C131&amp;ssl=1 200w, https:\/\/i0.wp.com\/eltrabajo.cl\/portal\/wp-content\/uploads\/2016\/12\/IMPUTADO-ABIGEATO-2.jpg?resize=300%2C197&amp;ssl=1 300w, https:\/\/i0.wp.com\/eltrabajo.cl\/portal\/wp-content\/uploads\/2016\/12\/IMPUTADO-ABIGEATO-2.jpg?resize=228%2C150&amp;ssl=1 228w, https:\/\/i0.wp.com\/eltrabajo.cl\/portal\/wp-content\/uploads\/2016\/12\/IMPUTADO-ABIGEATO-2.jpg?resize=400%2C263&amp;ssl=1 400w\" sizes=\"auto, (max-width: 530px) 100vw, 530px\" \/><\/a><figcaption id=\"caption-attachment-75786\" class=\"wp-caption-text\">El imputado, fue trasladado por Carabineros hasta Tribunales, para ser formalizado.<\/figcaption><\/figure>\n<figure id=\"attachment_75787\" aria-describedby=\"caption-attachment-75787\" style=\"width: 530px\" class=\"wp-caption alignleft\"><a href=\"http:\/\/www.eltrabajo.cl\/portal\/lo-detienen-por-robo-de-animales-que-fueron-faenados-en-una-bodega\/ovejas-1\/\" rel=\"attachment wp-att-75787\"><img data-recalc-dims=\"1\" loading=\"lazy\" decoding=\"async\" class=\"size-full wp-image-75787\" src=\"https:\/\/i0.wp.com\/www.eltrabajo.cl\/portal\/wp-content\/uploads\/2016\/12\/OVEJAS-1.jpg?resize=530%2C350\" alt=\"Carabineros hall\u00f3 en el domicilio del imputado los animales faenados en el interior de una bodega del domicilio ubicado en el sector Las Cadenas de Santa Mar\u00eda la tarde de este lunes.\" width=\"530\" height=\"350\" srcset=\"https:\/\/i0.wp.com\/eltrabajo.cl\/portal\/wp-content\/uploads\/2016\/12\/OVEJAS-1.jpg?w=530&amp;ssl=1 530w, https:\/\/i0.wp.com\/eltrabajo.cl\/portal\/wp-content\/uploads\/2016\/12\/OVEJAS-1.jpg?resize=200%2C132&amp;ssl=1 200w, https:\/\/i0.wp.com\/eltrabajo.cl\/portal\/wp-content\/uploads\/2016\/12\/OVEJAS-1.jpg?resize=300%2C198&amp;ssl=1 300w, https:\/\/i0.wp.com\/eltrabajo.cl\/portal\/wp-content\/uploads\/2016\/12\/OVEJAS-1.jpg?resize=227%2C150&amp;ssl=1 227w, https:\/\/i0.wp.com\/eltrabajo.cl\/portal\/wp-content\/uploads\/2016\/12\/OVEJAS-1.jpg?resize=400%2C264&amp;ssl=1 400w\" sizes=\"auto, (max-width: 530px) 100vw, 530px\" \/><\/a><figcaption id=\"caption-attachment-75787\" class=\"wp-caption-text\">Carabineros hall\u00f3 en el domicilio del imputado los animales faenados en el interior de una bodega del domicilio ubicado en el sector Las Cadenas de Santa Mar\u00eda la tarde de este lunes.<\/figcaption><\/figure>\n","protected":false},"excerpt":{"rendered":"<p>Imputado fue formalizado por delito de \u2018abigeato\u2019: \u00a0V\u00edctima se percat\u00f3 de madrugada de la sustracci\u00f3n de dos ovejas desde su domicilio, requiriendo auxilio a su hijo, quien denunci\u00f3 los hechos a Carabineros&#8230;<\/p>\n","protected":false},"author":1,"featured_media":75786,"comment_status":"open","ping_status":"open","sticky":false,"template":"","format":"standard","meta":{"advanced_seo_description":"","jetpack_seo_html_title":"","jetpack_seo_noindex":false,"_jetpack_memberships_contains_paid_content":false,"footnotes":""},"categories":[21],"tags":[],"class_list":["post-75785","post","type-post","status-publish","format-standard","has-post-thumbnail","hentry","category-policial"],"jetpack_featured_media_url":"https:\/\/i0.wp.com\/eltrabajo.cl\/portal\/wp-content\/uploads\/2016\/12\/IMPUTADO-ABIGEATO-2.jpg?fit=530%2C348&ssl=1","jetpack_sharing_enabled":true,"jetpack_likes_enabled":true,"jetpack-related-posts":[],"_links":{"self":[{"href":"https:\/\/eltrabajo.cl\/portal\/wp-json\/wp\/v2\/posts\/75785","targetHints":{"allow":["GET"]}}],"collection":[{"href":"https:\/\/eltrabajo.cl\/portal\/wp-json\/wp\/v2\/posts"}],"about":[{"href":"https:\/\/eltrabajo.cl\/portal\/wp-json\/wp\/v2\/types\/post"}],"author":[{"embeddable":true,"href":"https:\/\/eltrabajo.cl\/portal\/wp-json\/wp\/v2\/users\/1"}],"replies":[{"embeddable":true,"href":"https:\/\/eltrabajo.cl\/portal\/wp-json\/wp\/v2\/comments?post=75785"}],"version-history":[{"count":0,"href":"https:\/\/eltrabajo.cl\/portal\/wp-json\/wp\/v2\/posts\/75785\/revisions"}],"wp:featuredmedia":[{"embeddable":true,"href":"https:\/\/eltrabajo.cl\/portal\/wp-json\/wp\/v2\/media\/75786"}],"wp:attachment":[{"href":"https:\/\/eltrabajo.cl\/portal\/wp-json\/wp\/v2\/media?parent=75785"}],"wp:term":[{"taxonomy":"category","embeddable":true,"href":"https:\/\/eltrabajo.cl\/portal\/wp-json\/wp\/v2\/categories?post=75785"},{"taxonomy":"post_tag","embeddable":true,"href":"https:\/\/eltrabajo.cl\/portal\/wp-json\/wp\/v2\/tags?post=75785"}],"curies":[{"name":"wp","href":"https:\/\/api.w.org\/{rel}","templated":true}]}}