{"id":75790,"date":"2016-12-07T08:46:38","date_gmt":"2016-12-07T11:46:38","guid":{"rendered":"http:\/\/www.eltrabajo.cl\/portal\/?p=75790"},"modified":"2016-12-07T08:46:39","modified_gmt":"2016-12-07T11:46:39","slug":"unos-500-animalitos-han-sido-atendidos-en-centro-medico-veterinario-municipal","status":"publish","type":"post","link":"https:\/\/eltrabajo.cl\/portal\/unos-500-animalitos-han-sido-atendidos-en-centro-medico-veterinario-municipal\/","title":{"rendered":"Unos 500 animalitos han sido atendidos en Centro M\u00e9dico Veterinario Municipal"},"content":{"rendered":"<ul>\n<li><strong><span style=\"color: #ff0000;\">A casi 3 meses de su puesta en marcha:\u00a0<\/span>Un balance m\u00e1s que positivo hicieron desde el municipio, respecto del funcionamiento que ha tenido el recinto, donde gratuitamente se realizan controles sanitarios (vacunaci\u00f3n, desparasitaci\u00f3n, entre otros) y atenciones de urgencia (atropellos, envenenamiento, infecciones, etc\u00e9tera).<\/strong><\/li>\n<\/ul>\n<p>Casi dos meses y medio de funcionamiento y su puesta en marcha ha resultado ser un verdadero \u00e9xito. El Centro M\u00e9dico Veterinario Municipal de San Felipe, ubicado en calle Duco s\/n, ha tenido una muy buena acogida por parte de los sanfelipe\u00f1os, atendiendo a alrededor de 500 mascotas, desde su inauguraci\u00f3n en el mes de septiembre.<\/p>\n<figure id=\"attachment_75792\" aria-describedby=\"caption-attachment-75792\" style=\"width: 300px\" class=\"wp-caption alignleft\"><a href=\"http:\/\/www.eltrabajo.cl\/portal\/unos-500-animalitos-han-sido-atendidos-en-centro-medico-veterinario-municipal\/foto-1-mariana-bravo\/\" rel=\"attachment wp-att-75792\"><img data-recalc-dims=\"1\" loading=\"lazy\" decoding=\"async\" class=\"size-medium wp-image-75792\" src=\"https:\/\/i0.wp.com\/www.eltrabajo.cl\/portal\/wp-content\/uploads\/2016\/12\/Foto-1-Mariana-Bravo-300x197.jpg?resize=300%2C197\" alt=\"Mariana Bravo, encargada del Programa de Tenencia Responsable de Mascotas de la Municipalidad de San Felipe.\" width=\"300\" height=\"197\" srcset=\"https:\/\/i0.wp.com\/eltrabajo.cl\/portal\/wp-content\/uploads\/2016\/12\/Foto-1-Mariana-Bravo.jpg?resize=300%2C197&amp;ssl=1 300w, https:\/\/i0.wp.com\/eltrabajo.cl\/portal\/wp-content\/uploads\/2016\/12\/Foto-1-Mariana-Bravo.jpg?resize=200%2C131&amp;ssl=1 200w, https:\/\/i0.wp.com\/eltrabajo.cl\/portal\/wp-content\/uploads\/2016\/12\/Foto-1-Mariana-Bravo.jpg?resize=228%2C150&amp;ssl=1 228w, https:\/\/i0.wp.com\/eltrabajo.cl\/portal\/wp-content\/uploads\/2016\/12\/Foto-1-Mariana-Bravo.jpg?resize=400%2C263&amp;ssl=1 400w, https:\/\/i0.wp.com\/eltrabajo.cl\/portal\/wp-content\/uploads\/2016\/12\/Foto-1-Mariana-Bravo.jpg?w=530&amp;ssl=1 530w\" sizes=\"auto, (max-width: 300px) 100vw, 300px\" \/><\/a><figcaption id=\"caption-attachment-75792\" class=\"wp-caption-text\">Mariana Bravo, encargada del Programa de Tenencia Responsable de Mascotas de la Municipalidad de San Felipe.<\/figcaption><\/figure>\n<p>As\u00ed lo dio a conocer la encargada del Programa de Tenencia Responsable de Mascotas de la Municipalidad de San Felipe, Mariana Bravo, quien hizo un balance de lo que ha sido la implementaci\u00f3n de esta iniciativa, afirmando que el balance de estos primeros meses es sumamente positivo.<br \/>\n\u201cEst\u00e1 funcionando muy bien, la gente est\u00e1 acudiendo a las vacunas, a toda la atenci\u00f3n gratuita que entrega el Centro Veterinario Municipal de San Felipe, se est\u00e1n atendiendo entre 15 y 20 mascotas diarias, lo cual, se divide en las 10 horas que se entregan a la gente que la pide responsablemente para recibir las vacunas y realizar un chequeo completo, a ellos se les entrega un carnet para que siga el proceso de desparasitaci\u00f3n y vacunaci\u00f3n de la mascota, y tambi\u00e9n se han estado atendiendo cerca de 10 mascotas diarias para atenci\u00f3n de urgencias, por atropello o envenenamiento\u201d, detall\u00f3 Bravo.<br \/>\nRespecto de los casos de urgencias, la animalista, reconoci\u00f3 que en m\u00e1s de una oportunidad han debido atender m\u00e1s mascotas de las que ten\u00edan estipulado en la programaci\u00f3n diaria, sin embargo, \u201clo hemos resuelto bien, ah\u00ed hay que agradecer a la comunidad, a los due\u00f1os responsables que tienen hora con sus mascotas y que respetan los casos de emergencias y esperan al m\u00e9dico veterinario que haga el procedimiento, para luego seguir con la atenci\u00f3n de vacunas o desparasitaci\u00f3n, seg\u00fan el control sanitario que tengan\u201d, explic\u00f3 Bravo.<br \/>\nEn cuanto a la posibilidad de ampliar la cobertura de atenci\u00f3n el a\u00f1o 2017, la joven respondi\u00f3 que \u201cestamos en conversaciones porque se vienen hartos proyectos nuevos, entonces la idea seguir con estos 3 d\u00edas el pr\u00f3ximo a\u00f1o, pero con otros proyectos paralelos que siempre apuntan en el cuidado de nuestras mascotas\u201d, sentenci\u00f3.<br \/>\nCabe recordar que el Centro M\u00e9dico Veterinario Municipal, est\u00e1 atendiendo los martes, mi\u00e9rcoles y jueves desde las 09.30 a 13.30 horas, y en las tardes desde las 14.30 hasta las 17 horas.<\/p>\n<p>&nbsp;<\/p>\n","protected":false},"excerpt":{"rendered":"<p>A casi 3 meses de su puesta en marcha:\u00a0Un balance m\u00e1s que positivo hicieron desde el municipio, respecto del funcionamiento que ha tenido el recinto, donde gratuitamente se realizan controles sanitarios (vacunaci\u00f3n,&#8230;<\/p>\n","protected":false},"author":1,"featured_media":75792,"comment_status":"open","ping_status":"open","sticky":false,"template":"","format":"standard","meta":{"advanced_seo_description":"","jetpack_seo_html_title":"","jetpack_seo_noindex":false,"_jetpack_memberships_contains_paid_content":false,"footnotes":""},"categories":[1],"tags":[],"class_list":["post-75790","post","type-post","status-publish","format-standard","has-post-thumbnail","hentry","category-cronica"],"jetpack_featured_media_url":"https:\/\/i0.wp.com\/eltrabajo.cl\/portal\/wp-content\/uploads\/2016\/12\/Foto-1-Mariana-Bravo.jpg?fit=530%2C348&ssl=1","jetpack_sharing_enabled":true,"jetpack_likes_enabled":true,"jetpack-related-posts":[],"_links":{"self":[{"href":"https:\/\/eltrabajo.cl\/portal\/wp-json\/wp\/v2\/posts\/75790","targetHints":{"allow":["GET"]}}],"collection":[{"href":"https:\/\/eltrabajo.cl\/portal\/wp-json\/wp\/v2\/posts"}],"about":[{"href":"https:\/\/eltrabajo.cl\/portal\/wp-json\/wp\/v2\/types\/post"}],"author":[{"embeddable":true,"href":"https:\/\/eltrabajo.cl\/portal\/wp-json\/wp\/v2\/users\/1"}],"replies":[{"embeddable":true,"href":"https:\/\/eltrabajo.cl\/portal\/wp-json\/wp\/v2\/comments?post=75790"}],"version-history":[{"count":0,"href":"https:\/\/eltrabajo.cl\/portal\/wp-json\/wp\/v2\/posts\/75790\/revisions"}],"wp:featuredmedia":[{"embeddable":true,"href":"https:\/\/eltrabajo.cl\/portal\/wp-json\/wp\/v2\/media\/75792"}],"wp:attachment":[{"href":"https:\/\/eltrabajo.cl\/portal\/wp-json\/wp\/v2\/media?parent=75790"}],"wp:term":[{"taxonomy":"category","embeddable":true,"href":"https:\/\/eltrabajo.cl\/portal\/wp-json\/wp\/v2\/categories?post=75790"},{"taxonomy":"post_tag","embeddable":true,"href":"https:\/\/eltrabajo.cl\/portal\/wp-json\/wp\/v2\/tags?post=75790"}],"curies":[{"name":"wp","href":"https:\/\/api.w.org\/{rel}","templated":true}]}}