{"id":75807,"date":"2016-12-09T10:03:01","date_gmt":"2016-12-09T13:03:01","guid":{"rendered":"http:\/\/www.eltrabajo.cl\/portal\/?p=75807"},"modified":"2016-12-09T10:03:01","modified_gmt":"2016-12-09T13:03:01","slug":"buses-a-santiago-y-valparaiso-cambian-su-recorrido-para-salir-de-san-felipe","status":"publish","type":"post","link":"https:\/\/eltrabajo.cl\/portal\/buses-a-santiago-y-valparaiso-cambian-su-recorrido-para-salir-de-san-felipe\/","title":{"rendered":"Buses a Santiago y Valpara\u00edso cambian su recorrido para salir de San Felipe"},"content":{"rendered":"<ul>\n<li><strong>A contar de este lunes:<\/strong><\/li>\n<\/ul>\n<p>A partir de este lunes 12 los buses del transporte p\u00fablico de San Felipe, cambiar\u00e1n el recorrido para salir de la ciudad, luego de que este lunes a las 18:00 horas, en una reuni\u00f3n realizada en la municipalidad de San Felipe, les fuera informado a todas las empresas de transporte p\u00fablico, el mencionado cambio de recorrido para salir de la ciudad.<br \/>\nLo anterior, debido a los trabajos de construcci\u00f3n de la nueva ciclov\u00eda en Avenida O\u2019Higgins y recarpeteo en algunos sectores.<br \/>\nEl administrador de Buses Ahumada en San Felipe, Javier Navarro en conversaci\u00f3n con Eugenio Cornejo en radio Aconcagua, explic\u00f3 que la entrada a San Felipe mientras no intervengan el Puente El Rey ser\u00eda la misma, es decir Avenida Michimalongo, O\u2019Higgins Yungay , San Mart\u00edn Terminal como se hace actualmente.<br \/>\nMientras que la salida de los buses seguir\u00eda siendo por Avenida Yungay, pero doblar\u00edan a la derecha al llegar a calle Bernardo Cruz tambi\u00e9n conocida como Los Paltos, ah\u00ed llegar\u00edan hasta avenida Hermanos Carrera hasta Tocornal, doblan a la izquierda, Cherc\u00e1n Tapia y toman puente Monasterio, esa va a ser la salida de todos los buses que van a Vi\u00f1a del Mar, Valpara\u00edso, Santiago y rurales.<br \/>\nPara entrada s\u00f3lo en el caso que sea intervenido el Puente El Rey ser\u00eda por Avenida Michimalongo hasta el terminal.<br \/>\nSe supo tambi\u00e9n, que por trabajos de construcci\u00f3n de Ciclov\u00edas la avenida O\u2019Higgins se va a cerrar por tres meses. Entre calle Traslavi\u00f1a y la avenida Maip\u00fa por trabajos en el costado norte de la avenida O\u2019Higgins. Es decir del servicentro Copec hacia abajo.<br \/>\nSe hacen estos trabajos en este tiempo porque no escolares, furgones escolares.<br \/>\nJavier Navarro, aprovecho para hacer un llamado a los pasajeros, pasajeros frecuentes en este caso de buses Ahumada, a que se acerquen a las oficinas del terminal para informarles los cambios de paraderos \u201cpara atenderlos de la mejor forma y nadie tenga inconvenientes al viajar, todo lo contrario, hacer lo m\u00e1s r\u00e1pida posible la contenci\u00f3n, que la gente entienda que no es un tema nuestro, son proyectos que se van a desarrollar y no hay nada que hacerle\u201d dijo Navarro.<br \/>\nAl finalizar, confirm\u00f3 que paraderos van a haber en este nuevo trayecto de salida de San Felipe \u201cvan a haber algunos paraderos que es a la vuelta de Bernardo Cruz, en la esquina de Hermanos Carrera donde est\u00e1 Agrolub y otro en Tocornal antes de doblar por Cherc\u00e1n Tapia\u201d finaliz\u00f3 Navarro.<\/p>\n<figure id=\"attachment_75808\" aria-describedby=\"caption-attachment-75808\" style=\"width: 530px\" class=\"wp-caption alignleft\"><a href=\"http:\/\/www.eltrabajo.cl\/portal\/buses-a-santiago-y-valparaiso-cambian-su-recorrido-para-salir-de-san-felipe\/ahumada-2\/\" rel=\"attachment wp-att-75808\"><img data-recalc-dims=\"1\" loading=\"lazy\" decoding=\"async\" class=\"size-full wp-image-75808\" src=\"https:\/\/i0.wp.com\/www.eltrabajo.cl\/portal\/wp-content\/uploads\/2016\/12\/ahumada.jpg?resize=530%2C350\" alt=\"Empresa de Buses Ahumada, deber\u00e1 adaptarse a la nueva log\u00edstica de salida de la ciudad.\" width=\"530\" height=\"350\" srcset=\"https:\/\/i0.wp.com\/eltrabajo.cl\/portal\/wp-content\/uploads\/2016\/12\/ahumada.jpg?w=530&amp;ssl=1 530w, https:\/\/i0.wp.com\/eltrabajo.cl\/portal\/wp-content\/uploads\/2016\/12\/ahumada.jpg?resize=200%2C132&amp;ssl=1 200w, https:\/\/i0.wp.com\/eltrabajo.cl\/portal\/wp-content\/uploads\/2016\/12\/ahumada.jpg?resize=300%2C198&amp;ssl=1 300w, https:\/\/i0.wp.com\/eltrabajo.cl\/portal\/wp-content\/uploads\/2016\/12\/ahumada.jpg?resize=227%2C150&amp;ssl=1 227w, https:\/\/i0.wp.com\/eltrabajo.cl\/portal\/wp-content\/uploads\/2016\/12\/ahumada.jpg?resize=400%2C264&amp;ssl=1 400w\" sizes=\"auto, (max-width: 530px) 100vw, 530px\" \/><\/a><figcaption id=\"caption-attachment-75808\" class=\"wp-caption-text\">Empresa de Buses Ahumada, deber\u00e1 adaptarse a la nueva log\u00edstica de salida de la ciudad.<\/figcaption><\/figure>\n","protected":false},"excerpt":{"rendered":"<p>A contar de este lunes: A partir de este lunes 12 los buses del transporte p\u00fablico de San Felipe, cambiar\u00e1n el recorrido para salir de la ciudad, luego de que este lunes&#8230;<\/p>\n","protected":false},"author":1,"featured_media":75808,"comment_status":"open","ping_status":"open","sticky":false,"template":"","format":"standard","meta":{"advanced_seo_description":"","jetpack_seo_html_title":"","jetpack_seo_noindex":false,"_jetpack_memberships_contains_paid_content":false,"footnotes":""},"categories":[1],"tags":[],"class_list":["post-75807","post","type-post","status-publish","format-standard","has-post-thumbnail","hentry","category-cronica"],"jetpack_featured_media_url":"https:\/\/i0.wp.com\/eltrabajo.cl\/portal\/wp-content\/uploads\/2016\/12\/ahumada.jpg?fit=530%2C350&ssl=1","jetpack_sharing_enabled":true,"jetpack_likes_enabled":true,"jetpack-related-posts":[],"_links":{"self":[{"href":"https:\/\/eltrabajo.cl\/portal\/wp-json\/wp\/v2\/posts\/75807","targetHints":{"allow":["GET"]}}],"collection":[{"href":"https:\/\/eltrabajo.cl\/portal\/wp-json\/wp\/v2\/posts"}],"about":[{"href":"https:\/\/eltrabajo.cl\/portal\/wp-json\/wp\/v2\/types\/post"}],"author":[{"embeddable":true,"href":"https:\/\/eltrabajo.cl\/portal\/wp-json\/wp\/v2\/users\/1"}],"replies":[{"embeddable":true,"href":"https:\/\/eltrabajo.cl\/portal\/wp-json\/wp\/v2\/comments?post=75807"}],"version-history":[{"count":0,"href":"https:\/\/eltrabajo.cl\/portal\/wp-json\/wp\/v2\/posts\/75807\/revisions"}],"wp:featuredmedia":[{"embeddable":true,"href":"https:\/\/eltrabajo.cl\/portal\/wp-json\/wp\/v2\/media\/75808"}],"wp:attachment":[{"href":"https:\/\/eltrabajo.cl\/portal\/wp-json\/wp\/v2\/media?parent=75807"}],"wp:term":[{"taxonomy":"category","embeddable":true,"href":"https:\/\/eltrabajo.cl\/portal\/wp-json\/wp\/v2\/categories?post=75807"},{"taxonomy":"post_tag","embeddable":true,"href":"https:\/\/eltrabajo.cl\/portal\/wp-json\/wp\/v2\/tags?post=75807"}],"curies":[{"name":"wp","href":"https:\/\/api.w.org\/{rel}","templated":true}]}}