{"id":75811,"date":"2016-12-09T10:05:15","date_gmt":"2016-12-09T13:05:15","guid":{"rendered":"http:\/\/www.eltrabajo.cl\/portal\/?p=75811"},"modified":"2016-12-09T10:05:15","modified_gmt":"2016-12-09T13:05:15","slug":"con-mas-de-50-feriantes-inauguran-tradicional-feria-del-juguete-en-av-yungay","status":"publish","type":"post","link":"https:\/\/eltrabajo.cl\/portal\/con-mas-de-50-feriantes-inauguran-tradicional-feria-del-juguete-en-av-yungay\/","title":{"rendered":"Con m\u00e1s de 50 feriantes inauguran tradicional Feria del Juguete en Av. Yungay"},"content":{"rendered":"<p>Este mi\u00e9rcoles, en horas de la tarde se dio por inaugurada la tradicional Feria del Juguete 2016, proyecto comercial que naci\u00f3 hace 36 a\u00f1os en el centro de nuestra ciudad, pero que desde hace varios a\u00f1os se viene desarrollando en el bandej\u00f3n de Alameda Yungay.<br \/>\n\u00abSomos 53 socios los que conformamos esta feria del juguete, esta jornada navide\u00f1a finaliza el pr\u00f3ximo 25 de diciembre. Nuestra feria naci\u00f3 en 1980, creemos que es una tradici\u00f3n sanfelipe\u00f1a que no debe desaparecer, por el contrario, tenemos que potenciarla, invitamos a los aconcag\u00fcinos todos a visitarnos y comprar juguetes y adornos en nuestra feria\u00bb, coment\u00f3 Roberto Ar\u00e1nguiz, presidente ferial.<\/p>\n<p><strong>MI SEGUNDA FAMILIA<\/strong><br \/>\nDiario El Trabajo habl\u00f3 con uno de los fundadores de esta feria, don V\u00edctor Olave, de 74 a\u00f1os, \u00abyo empec\u00e9 en 1980 vendiendo perfumes y todo lo relacionado a la mujer, me he dedicado estos 36 a\u00f1os a vender todo lo que sea paqueter\u00eda, esta feria y sus socios son como mi segunda familia, espero que las autoridades nos sigan apoyando\u00bb, coment\u00f3 don V\u00edctor.<br \/>\n<strong>Roberto Gonz\u00e1lez Short<\/strong><\/p>\n<figure id=\"attachment_75812\" aria-describedby=\"caption-attachment-75812\" style=\"width: 530px\" class=\"wp-caption alignleft\"><a href=\"http:\/\/www.eltrabajo.cl\/portal\/con-mas-de-50-feriantes-inauguran-tradicional-feria-del-juguete-en-av-yungay\/juguete1-2\/\" rel=\"attachment wp-att-75812\"><img data-recalc-dims=\"1\" loading=\"lazy\" decoding=\"async\" class=\"size-full wp-image-75812\" src=\"https:\/\/i0.wp.com\/www.eltrabajo.cl\/portal\/wp-content\/uploads\/2016\/12\/Juguete1.jpg?resize=530%2C349\" alt=\"LLEG\u00d3 LA NAVIDAD.- Al acto de inauguraci\u00f3n, llegaron concejales sanfelipe\u00f1os y el alcalde Patricio Freire, quienes procedieron al corte tradicional de cinta.\" width=\"530\" height=\"349\" srcset=\"https:\/\/i0.wp.com\/eltrabajo.cl\/portal\/wp-content\/uploads\/2016\/12\/Juguete1.jpg?w=530&amp;ssl=1 530w, https:\/\/i0.wp.com\/eltrabajo.cl\/portal\/wp-content\/uploads\/2016\/12\/Juguete1.jpg?resize=200%2C132&amp;ssl=1 200w, https:\/\/i0.wp.com\/eltrabajo.cl\/portal\/wp-content\/uploads\/2016\/12\/Juguete1.jpg?resize=300%2C198&amp;ssl=1 300w, https:\/\/i0.wp.com\/eltrabajo.cl\/portal\/wp-content\/uploads\/2016\/12\/Juguete1.jpg?resize=228%2C150&amp;ssl=1 228w, https:\/\/i0.wp.com\/eltrabajo.cl\/portal\/wp-content\/uploads\/2016\/12\/Juguete1.jpg?resize=400%2C263&amp;ssl=1 400w\" sizes=\"auto, (max-width: 530px) 100vw, 530px\" \/><\/a><figcaption id=\"caption-attachment-75812\" class=\"wp-caption-text\">LLEG\u00d3 LA NAVIDAD.- Al acto de inauguraci\u00f3n, llegaron concejales sanfelipe\u00f1os y el alcalde Patricio Freire, quienes procedieron al corte tradicional de cinta.<\/figcaption><\/figure>\n<figure id=\"attachment_75813\" aria-describedby=\"caption-attachment-75813\" style=\"width: 530px\" class=\"wp-caption alignleft\"><a href=\"http:\/\/www.eltrabajo.cl\/portal\/con-mas-de-50-feriantes-inauguran-tradicional-feria-del-juguete-en-av-yungay\/juguetes2\/\" rel=\"attachment wp-att-75813\"><img data-recalc-dims=\"1\" loading=\"lazy\" decoding=\"async\" class=\"size-full wp-image-75813\" src=\"https:\/\/i0.wp.com\/www.eltrabajo.cl\/portal\/wp-content\/uploads\/2016\/12\/Juguetes2.jpg?resize=530%2C348\" alt=\"FERIA DEL JUGUETE.- Desde este mi\u00e9rcoles, decenas de sanfelipe\u00f1os se acercaron a la Feria del Juguete para hacer sus primeras compras de adornos, luego ser\u00e1n los juguetes.\" width=\"530\" height=\"348\" srcset=\"https:\/\/i0.wp.com\/eltrabajo.cl\/portal\/wp-content\/uploads\/2016\/12\/Juguetes2.jpg?w=530&amp;ssl=1 530w, https:\/\/i0.wp.com\/eltrabajo.cl\/portal\/wp-content\/uploads\/2016\/12\/Juguetes2.jpg?resize=200%2C131&amp;ssl=1 200w, https:\/\/i0.wp.com\/eltrabajo.cl\/portal\/wp-content\/uploads\/2016\/12\/Juguetes2.jpg?resize=300%2C197&amp;ssl=1 300w, https:\/\/i0.wp.com\/eltrabajo.cl\/portal\/wp-content\/uploads\/2016\/12\/Juguetes2.jpg?resize=228%2C150&amp;ssl=1 228w, https:\/\/i0.wp.com\/eltrabajo.cl\/portal\/wp-content\/uploads\/2016\/12\/Juguetes2.jpg?resize=400%2C263&amp;ssl=1 400w\" sizes=\"auto, (max-width: 530px) 100vw, 530px\" \/><\/a><figcaption id=\"caption-attachment-75813\" class=\"wp-caption-text\">FERIA DEL JUGUETE.- Desde este mi\u00e9rcoles, decenas de sanfelipe\u00f1os se acercaron a la Feria del Juguete para hacer sus primeras compras de adornos, luego ser\u00e1n los juguetes.<\/figcaption><\/figure>\n","protected":false},"excerpt":{"rendered":"<p>Este mi\u00e9rcoles, en horas de la tarde se dio por inaugurada la tradicional Feria del Juguete 2016, proyecto comercial que naci\u00f3 hace 36 a\u00f1os en el centro de nuestra ciudad, pero que&#8230;<\/p>\n","protected":false},"author":1,"featured_media":75813,"comment_status":"open","ping_status":"open","sticky":false,"template":"","format":"standard","meta":{"advanced_seo_description":"","jetpack_seo_html_title":"","jetpack_seo_noindex":false,"_jetpack_memberships_contains_paid_content":false,"footnotes":""},"categories":[1],"tags":[],"class_list":["post-75811","post","type-post","status-publish","format-standard","has-post-thumbnail","hentry","category-cronica"],"jetpack_featured_media_url":"https:\/\/i0.wp.com\/eltrabajo.cl\/portal\/wp-content\/uploads\/2016\/12\/Juguetes2.jpg?fit=530%2C348&ssl=1","jetpack_sharing_enabled":true,"jetpack_likes_enabled":true,"jetpack-related-posts":[],"_links":{"self":[{"href":"https:\/\/eltrabajo.cl\/portal\/wp-json\/wp\/v2\/posts\/75811","targetHints":{"allow":["GET"]}}],"collection":[{"href":"https:\/\/eltrabajo.cl\/portal\/wp-json\/wp\/v2\/posts"}],"about":[{"href":"https:\/\/eltrabajo.cl\/portal\/wp-json\/wp\/v2\/types\/post"}],"author":[{"embeddable":true,"href":"https:\/\/eltrabajo.cl\/portal\/wp-json\/wp\/v2\/users\/1"}],"replies":[{"embeddable":true,"href":"https:\/\/eltrabajo.cl\/portal\/wp-json\/wp\/v2\/comments?post=75811"}],"version-history":[{"count":0,"href":"https:\/\/eltrabajo.cl\/portal\/wp-json\/wp\/v2\/posts\/75811\/revisions"}],"wp:featuredmedia":[{"embeddable":true,"href":"https:\/\/eltrabajo.cl\/portal\/wp-json\/wp\/v2\/media\/75813"}],"wp:attachment":[{"href":"https:\/\/eltrabajo.cl\/portal\/wp-json\/wp\/v2\/media?parent=75811"}],"wp:term":[{"taxonomy":"category","embeddable":true,"href":"https:\/\/eltrabajo.cl\/portal\/wp-json\/wp\/v2\/categories?post=75811"},{"taxonomy":"post_tag","embeddable":true,"href":"https:\/\/eltrabajo.cl\/portal\/wp-json\/wp\/v2\/tags?post=75811"}],"curies":[{"name":"wp","href":"https:\/\/api.w.org\/{rel}","templated":true}]}}