{"id":75824,"date":"2016-12-09T10:13:44","date_gmt":"2016-12-09T13:13:44","guid":{"rendered":"http:\/\/www.eltrabajo.cl\/portal\/?p=75824"},"modified":"2016-12-09T10:13:44","modified_gmt":"2016-12-09T13:13:44","slug":"nachito-fue-entregado-en-adopcion-a-ariqueno-con-antecedentes-penales","status":"publish","type":"post","link":"https:\/\/eltrabajo.cl\/portal\/nachito-fue-entregado-en-adopcion-a-ariqueno-con-antecedentes-penales\/","title":{"rendered":"\u2018Nachito\u2019 fue entregado en adopci\u00f3n a arique\u00f1o con antecedentes penales"},"content":{"rendered":"<ul>\n<li><strong><span style=\"color: #ff0000;\">Hoy se expondr\u00e1n estos antecedentes en conocimiento de la Corte de Apelaciones de Valpara\u00edso:\u00a0<\/span>Abogado defensor de familia guardadora, cree que prim\u00f3 la situaci\u00f3n econ\u00f3mica acomodada del adoptante, por sobre la rigurosidad que el Sename debiera tener a la hora de filtrar a qui\u00e9n le entrega el cuidado de un ni\u00f1o.<\/strong><\/li>\n<\/ul>\n<p>Durante la ma\u00f1ana de hoy viernes, se desarrollar\u00e1 un nuevo alegato judicial en la Corte de Apelaciones de Valpara\u00edso referente al caso de \u2018Nachito\u2019, el peque\u00f1o de 6 a\u00f1os que en el mes de octubre fue separado de su familia guardadora de la comuna de Santa Mar\u00eda, y que seg\u00fan los \u00faltimos antecedentes recabados por los abogados que llevan la causa, fue entregado en adopci\u00f3n a un hombre de 41 a\u00f1os residente en la ciudad de Arica.<\/p>\n<figure id=\"attachment_75825\" aria-describedby=\"caption-attachment-75825\" style=\"width: 300px\" class=\"wp-caption alignleft\"><a href=\"http:\/\/www.eltrabajo.cl\/portal\/nachito-fue-entregado-en-adopcion-a-ariqueno-con-antecedentes-penales\/foto-1-hugo-pirtzl\/\" rel=\"attachment wp-att-75825\"><img data-recalc-dims=\"1\" loading=\"lazy\" decoding=\"async\" class=\"size-medium wp-image-75825\" src=\"https:\/\/i0.wp.com\/www.eltrabajo.cl\/portal\/wp-content\/uploads\/2016\/12\/FOTO-1-Hugo-Pirtzl-300x197.jpg?resize=300%2C197\" alt=\"Hugo Pirtzl, abogado.\" width=\"300\" height=\"197\" srcset=\"https:\/\/i0.wp.com\/eltrabajo.cl\/portal\/wp-content\/uploads\/2016\/12\/FOTO-1-Hugo-Pirtzl.jpg?resize=300%2C197&amp;ssl=1 300w, https:\/\/i0.wp.com\/eltrabajo.cl\/portal\/wp-content\/uploads\/2016\/12\/FOTO-1-Hugo-Pirtzl.jpg?resize=200%2C131&amp;ssl=1 200w, https:\/\/i0.wp.com\/eltrabajo.cl\/portal\/wp-content\/uploads\/2016\/12\/FOTO-1-Hugo-Pirtzl.jpg?resize=228%2C150&amp;ssl=1 228w, https:\/\/i0.wp.com\/eltrabajo.cl\/portal\/wp-content\/uploads\/2016\/12\/FOTO-1-Hugo-Pirtzl.jpg?resize=400%2C263&amp;ssl=1 400w, https:\/\/i0.wp.com\/eltrabajo.cl\/portal\/wp-content\/uploads\/2016\/12\/FOTO-1-Hugo-Pirtzl.jpg?w=530&amp;ssl=1 530w\" sizes=\"auto, (max-width: 300px) 100vw, 300px\" \/><\/a><figcaption id=\"caption-attachment-75825\" class=\"wp-caption-text\">Hugo Pirtzl, abogado.<\/figcaption><\/figure>\n<p>De acuerdo a lo se\u00f1alado por el abogado Hugo Pirtzl, en esta instancia se abordar\u00e1n los Recursos de Apelaci\u00f3n y Protecci\u00f3n interpuestos con anterioridad, pero adem\u00e1s se expondr\u00e1 nueva informaci\u00f3n referente al padre adoptivo de Nachito, un hombre de 41 a\u00f1os de edad, quien presenta antecedentes penales por Ocultaci\u00f3n de Identidad en el a\u00f1o 2011 y Conducci\u00f3n en Estado de Ebriedad con resultado de lesiones en el a\u00f1o 2014, ambas causas con sentencias cursadas y cumplidas.<br \/>\n\u201cLa informaci\u00f3n que nosotros manejamos, es la que la Corte mand\u00f3 a pedir al Sename y al Juez de Familia. Por otro lado, al concurrir hace un par de semanas a la Corte, en una oportunidad cuando ingresamos al alegato, la relatora comenz\u00f3 a exponer en qu\u00e9 consist\u00eda la causa y desliz\u00f3 alguna informaci\u00f3n que nosotros no ten\u00edamos conocimiento y en resumidas cuentas, es que se le entreg\u00f3 el cuidado personal con fines de adopci\u00f3n a esta persona de Arica, hombre soltero que criar\u00eda al menor de edad junto a su mam\u00e1\u201d, narr\u00f3 el jurista.<br \/>\nDel mismo modo, Pirtzl asegur\u00f3 que el padre adoptivo tendr\u00eda una situaci\u00f3n econ\u00f3mica bastante acomodada y que esto podr\u00eda haber primado, por sobre otros factores como por ejemplo, la situaci\u00f3n psicol\u00f3gica o sentimental de \u2018Nachito\u2019, as\u00ed como tambi\u00e9n la historia de vida del adoptante, quien presenta condenas judiciales, que no fueron consideradas a la hora de entregar al menor de edad.<br \/>\n\u201cA nuestro juicio, ac\u00e1 se realiz\u00f3 una vinculaci\u00f3n forzada, porque este caballero conoci\u00f3 al ni\u00f1o por ah\u00ed por el 2 \u00f3 3 de octubre y el 7 de ese mes lo sacan del hogar de sus guardadores, por lo que creemos que ac\u00e1 se encontr\u00f3 a alguien y no se efectu\u00f3 un mayor filtro (\u2026) todos saben que a nivel nacional, el Sename es una instituci\u00f3n que est\u00e1 cuestionada, ese es un hecho de la causa, hay muertes de ni\u00f1os que no se han investigado de forma acuciosa, por lo tanto, es esperable que ellos no tengan el filtro muy riguroso que requiere este tipo de materia, aqu\u00ed claramente se privilegi\u00f3 la situaci\u00f3n econ\u00f3mica m\u00e1s favorable que tiene este caballero de Arica\u201d, argument\u00f3 Pirtzl.<br \/>\nEn cuanto a si existe alguna posibilidad de revocar el proceso de adopci\u00f3n, el abogado fue tajante en manifestar que \u201cla situaci\u00f3n es un tanto compleja, nosotros la semana pasada presentamos con un escrito, las actas con las audiencias de formalizaci\u00f3n y de procedimiento abreviado y simplificado con que este joven fue procesado en Arica, para efectos de argumentar frente a la Corte, con antecedentes que ah\u00ed no se ten\u00edan\u201d, decret\u00f3 el profesional, a\u00f1adiendo que \u201cen funci\u00f3n de los informes que enviaron el Juez de Familia y el Sename a la Corte, tampoco se puede concluir que ellos ten\u00edan esa informaci\u00f3n al momento de seleccionar a esta persona como id\u00f3nea para adoptar, es decir, \u00e9l ocult\u00f3 esta informaci\u00f3n y pudo acceder a solicitar al menor para adoptarlo\u201d, decret\u00f3.<br \/>\nSeg\u00fan Pirtzl, la relatora de la Corte de Apelaciones de Valpara\u00edso, tambi\u00e9n indic\u00f3 que actualmente el ni\u00f1o ha tenido una muy buena adaptaci\u00f3n a su nueva familia, pr\u00f3ximamente ser\u00e1 inscrito en una Academia de F\u00fatbol de la zona y el a\u00f1o 2017 ser\u00e1 matriculado en un Colegio Particular de Arica, antecedentes que hacen pensar que su regreso a Santa Mar\u00eda es cada vez m\u00e1s dificultoso.<\/p>\n<p>&nbsp;<\/p>\n<p>&nbsp;<\/p>\n","protected":false},"excerpt":{"rendered":"<p>Hoy se expondr\u00e1n estos antecedentes en conocimiento de la Corte de Apelaciones de Valpara\u00edso:\u00a0Abogado defensor de familia guardadora, cree que prim\u00f3 la situaci\u00f3n econ\u00f3mica acomodada del adoptante, por sobre la rigurosidad que&#8230;<\/p>\n","protected":false},"author":1,"featured_media":75111,"comment_status":"open","ping_status":"open","sticky":false,"template":"","format":"standard","meta":{"advanced_seo_description":"","jetpack_seo_html_title":"","jetpack_seo_noindex":false,"_jetpack_memberships_contains_paid_content":false,"footnotes":""},"categories":[15],"tags":[],"class_list":["post-75824","post","type-post","status-publish","format-standard","has-post-thumbnail","hentry","category-comunidad"],"jetpack_featured_media_url":"https:\/\/i0.wp.com\/eltrabajo.cl\/portal\/wp-content\/uploads\/2016\/11\/NACHITO.jpg?fit=530%2C349&ssl=1","jetpack_sharing_enabled":true,"jetpack_likes_enabled":true,"jetpack-related-posts":[],"_links":{"self":[{"href":"https:\/\/eltrabajo.cl\/portal\/wp-json\/wp\/v2\/posts\/75824","targetHints":{"allow":["GET"]}}],"collection":[{"href":"https:\/\/eltrabajo.cl\/portal\/wp-json\/wp\/v2\/posts"}],"about":[{"href":"https:\/\/eltrabajo.cl\/portal\/wp-json\/wp\/v2\/types\/post"}],"author":[{"embeddable":true,"href":"https:\/\/eltrabajo.cl\/portal\/wp-json\/wp\/v2\/users\/1"}],"replies":[{"embeddable":true,"href":"https:\/\/eltrabajo.cl\/portal\/wp-json\/wp\/v2\/comments?post=75824"}],"version-history":[{"count":0,"href":"https:\/\/eltrabajo.cl\/portal\/wp-json\/wp\/v2\/posts\/75824\/revisions"}],"wp:featuredmedia":[{"embeddable":true,"href":"https:\/\/eltrabajo.cl\/portal\/wp-json\/wp\/v2\/media\/75111"}],"wp:attachment":[{"href":"https:\/\/eltrabajo.cl\/portal\/wp-json\/wp\/v2\/media?parent=75824"}],"wp:term":[{"taxonomy":"category","embeddable":true,"href":"https:\/\/eltrabajo.cl\/portal\/wp-json\/wp\/v2\/categories?post=75824"},{"taxonomy":"post_tag","embeddable":true,"href":"https:\/\/eltrabajo.cl\/portal\/wp-json\/wp\/v2\/tags?post=75824"}],"curies":[{"name":"wp","href":"https:\/\/api.w.org\/{rel}","templated":true}]}}