{"id":75835,"date":"2016-12-12T09:20:12","date_gmt":"2016-12-12T12:20:12","guid":{"rendered":"http:\/\/www.eltrabajo.cl\/portal\/?p=75835"},"modified":"2016-12-12T09:20:12","modified_gmt":"2016-12-12T12:20:12","slug":"chile-enfrenta-a-bolivia-hoy-en-su-primer-partido-por-sudamericano-sub-15","status":"publish","type":"post","link":"https:\/\/eltrabajo.cl\/portal\/chile-enfrenta-a-bolivia-hoy-en-su-primer-partido-por-sudamericano-sub-15\/","title":{"rendered":"Chile enfrenta a Bolivia hoy en su primer partido por Sudamericano Sub 15"},"content":{"rendered":"<ul>\n<li><strong>Voleibol Femenino del Colegio Cordillera:<\/strong><\/li>\n<\/ul>\n<p>Este s\u00e1bado, minutos antes del medio d\u00eda la Selecci\u00f3n Sub 15 Femenina de Voleibol del Liceo Bicentenario Cordillera y campeona nacional de la categor\u00eda emprendi\u00f3 vuelo hacia Medell\u00edn, Colombia, a participar del sudamericano de ese deporte.<br \/>\nAl partir, el DT Eduardo Ch\u00e1vez, dijo que ir a representar a un pa\u00eds no es menor para una comuna como San Felipe \u201csobre todo cuando vas con ni\u00f1as de la educaci\u00f3n municipal que es un plus aparte, y esto pasa porque hay harto trabajo (\u2026) de todo, hay mucho sacrificio de las familias, estas ni\u00f1itas juntos a los pap\u00e1s han entregado mucho, el hecho de competir todas las semanas significa esfuerzo desde todo punto de vista econ\u00f3mico tiempo y todo y estas familias han puesto mucho de su parte, me acuerdo cuando partimos las ni\u00f1as eran desconocidas en Chile, nadie nos conoc\u00eda y en lo que ya estamos es lo m\u00e1ximo, no creo que se puede aspirar a algo m\u00e1s, ahora esperar que deportivamente nos vaya bien \u201d sostuvo.<br \/>\nPor su parte, la esposa del entrenador la profesora, Tatiana Vargas, dijo que van con un solo prop\u00f3sito \u201cDios quiera que nos acompa\u00f1e en este desaf\u00edo, vamos con las metas s\u00faper claras, esperamos traerle muy buenos triunfos o una muy buena ubicaci\u00f3n a nuestra ciudad\u201d, destac\u00f3.<br \/>\nA\u00f1adi\u00f3 que su funci\u00f3n principal, es apoyar a las ni\u00f1as en todo lo que sea, aspecto emocional, ver que no tengan ninguna necesidad, atenderlas en alg\u00fan problema de salud y cooperar tambi\u00e9n durante los encuentros.<br \/>\nOtro que estaba feliz y orgulloso, era el director del Liceo Bicentenario Cordillera, profesor Jorge Sep\u00falveda, quien indic\u00f3 que para ellos era una tremenda satisfacci\u00f3n \u201cun orgullo muy grande poder haber logrado esto que estaba planificado desde el 2013 y pens\u00e1bamos lograrlo el pr\u00f3ximo a\u00f1o, pero fue ahora donde han demostrado un talento extraordinario, los profesores Ch\u00e1vez, Tatiana, Gabriel, ha sido extraordinario lo que han logrado, superar todos los obst\u00e1culos para estar hoy en d\u00eda en la posici\u00f3n en que se encuentran noveno equipo en Sudam\u00e9rica, es el \u00fanico equipo que va de la Quinta Regi\u00f3n de todas las disciplinas a representar a nuestro pa\u00eds, estamos muy satisfechos porque ellas encarnan lo que es el proyecto educativo del Liceo Bicentenario Cordillera en cuanto al esfuerzo y desarrollo de sus talentos en lo acad\u00e9mico, son extraordinarias tienen promedios alt\u00edsimo, son muy completas y el desarrollo que han logrado es maravilloso\u201d sostuvo.<br \/>\nEl alcalde Patricio Freire Canto, tambi\u00e9n estuvo presente en la despedida para desearles el mayor de los \u00e9xitos \u201cpero m\u00e1s que eso es la experiencia que ellos ganan en estas ligas internacionales, donde se relacionan con equipos de nivel y bueno traer la experiencia eso es lo m\u00e1s importante\u201d, se\u00f1al\u00f3.<br \/>\nMientras tanto las jugadoras Emilia Gallardo y Cony S\u00e1nchez expresaron sentirse muy nerviosas \u201cporque es nuestro primer viaje fuera del pa\u00eds en equipo aparte un sudamericano, nos hemos preparado bien, est\u00e1bamos participando en un torneo en Santiago lo hab\u00edamos ganado todo pero por este viaje no pudimos seguir jugando era la final pero no pudimos porque nos vamos ahora a Colombia, estamos muy emocionadas\u201d, dijeron ambas jugadoras.<br \/>\nA la despedida, concurrieron padres, amigos, familiares y profe Pepe Ib\u00e1\u00f1ez y esposa que andaban con sus globos rojos, sinti\u00e9ndose tambi\u00e9n muy emocionados por esta aventura que emprendieron las ni\u00f1itas del Cordillera.<br \/>\nSe\u00f1alar que en el primer partido Chile enfrenta a su similar de Bolivia a las 12:00 horas de hoy, para continuar el martes 13 de Diciembre a la misma hora frente a Paraguay. El mi\u00e9rcoles 14 a las 11:00 horas frente Colombia.<br \/>\nChile est\u00e1 en el grupo A que est\u00e1 conformado por Colombia, Chile, Bolivia, Paraguay, mientras que el Grupo B lo integran Brasil, Argentina, Uruguay, Per\u00fa y Suriname.<\/p>\n<figure id=\"attachment_75836\" aria-describedby=\"caption-attachment-75836\" style=\"width: 530px\" class=\"wp-caption alignleft\"><a href=\"http:\/\/www.eltrabajo.cl\/portal\/chile-enfrenta-a-bolivia-hoy-en-su-primer-partido-por-sudamericano-sub-15\/voleibol-sub15-cordillera\/\" rel=\"attachment wp-att-75836\"><img data-recalc-dims=\"1\" loading=\"lazy\" decoding=\"async\" class=\"size-full wp-image-75836\" src=\"https:\/\/i0.wp.com\/www.eltrabajo.cl\/portal\/wp-content\/uploads\/2016\/12\/voleibol-sub15-Cordillera.jpg?resize=530%2C349\" alt=\"La Selecci\u00f3n de Voleibol al momento de ser despedida antes de partir a Colombia. Las chicas enfrentan hoy al medio d\u00eda su primer partido, cuando deber\u00e1n medirse frente a sus similares representantes de Bolivia.\" width=\"530\" height=\"349\" srcset=\"https:\/\/i0.wp.com\/eltrabajo.cl\/portal\/wp-content\/uploads\/2016\/12\/voleibol-sub15-Cordillera.jpg?w=530&amp;ssl=1 530w, https:\/\/i0.wp.com\/eltrabajo.cl\/portal\/wp-content\/uploads\/2016\/12\/voleibol-sub15-Cordillera.jpg?resize=200%2C132&amp;ssl=1 200w, https:\/\/i0.wp.com\/eltrabajo.cl\/portal\/wp-content\/uploads\/2016\/12\/voleibol-sub15-Cordillera.jpg?resize=300%2C198&amp;ssl=1 300w, https:\/\/i0.wp.com\/eltrabajo.cl\/portal\/wp-content\/uploads\/2016\/12\/voleibol-sub15-Cordillera.jpg?resize=228%2C150&amp;ssl=1 228w, https:\/\/i0.wp.com\/eltrabajo.cl\/portal\/wp-content\/uploads\/2016\/12\/voleibol-sub15-Cordillera.jpg?resize=400%2C263&amp;ssl=1 400w\" sizes=\"auto, (max-width: 530px) 100vw, 530px\" \/><\/a><figcaption id=\"caption-attachment-75836\" class=\"wp-caption-text\">La Selecci\u00f3n de Voleibol al momento de ser despedida antes de partir a Colombia. Las chicas enfrentan hoy al medio d\u00eda su primer partido, cuando deber\u00e1n medirse frente a sus similares representantes de Bolivia.<\/figcaption><\/figure>\n","protected":false},"excerpt":{"rendered":"<p>Voleibol Femenino del Colegio Cordillera: Este s\u00e1bado, minutos antes del medio d\u00eda la Selecci\u00f3n Sub 15 Femenina de Voleibol del Liceo Bicentenario Cordillera y campeona nacional de la categor\u00eda emprendi\u00f3 vuelo hacia&#8230;<\/p>\n","protected":false},"author":1,"featured_media":75836,"comment_status":"open","ping_status":"open","sticky":false,"template":"","format":"standard","meta":{"advanced_seo_description":"","jetpack_seo_html_title":"","jetpack_seo_noindex":false,"_jetpack_memberships_contains_paid_content":false,"footnotes":""},"categories":[1],"tags":[],"class_list":["post-75835","post","type-post","status-publish","format-standard","has-post-thumbnail","hentry","category-cronica"],"jetpack_featured_media_url":"https:\/\/i0.wp.com\/eltrabajo.cl\/portal\/wp-content\/uploads\/2016\/12\/voleibol-sub15-Cordillera.jpg?fit=530%2C349&ssl=1","jetpack_sharing_enabled":true,"jetpack_likes_enabled":true,"jetpack-related-posts":[],"_links":{"self":[{"href":"https:\/\/eltrabajo.cl\/portal\/wp-json\/wp\/v2\/posts\/75835","targetHints":{"allow":["GET"]}}],"collection":[{"href":"https:\/\/eltrabajo.cl\/portal\/wp-json\/wp\/v2\/posts"}],"about":[{"href":"https:\/\/eltrabajo.cl\/portal\/wp-json\/wp\/v2\/types\/post"}],"author":[{"embeddable":true,"href":"https:\/\/eltrabajo.cl\/portal\/wp-json\/wp\/v2\/users\/1"}],"replies":[{"embeddable":true,"href":"https:\/\/eltrabajo.cl\/portal\/wp-json\/wp\/v2\/comments?post=75835"}],"version-history":[{"count":0,"href":"https:\/\/eltrabajo.cl\/portal\/wp-json\/wp\/v2\/posts\/75835\/revisions"}],"wp:featuredmedia":[{"embeddable":true,"href":"https:\/\/eltrabajo.cl\/portal\/wp-json\/wp\/v2\/media\/75836"}],"wp:attachment":[{"href":"https:\/\/eltrabajo.cl\/portal\/wp-json\/wp\/v2\/media?parent=75835"}],"wp:term":[{"taxonomy":"category","embeddable":true,"href":"https:\/\/eltrabajo.cl\/portal\/wp-json\/wp\/v2\/categories?post=75835"},{"taxonomy":"post_tag","embeddable":true,"href":"https:\/\/eltrabajo.cl\/portal\/wp-json\/wp\/v2\/tags?post=75835"}],"curies":[{"name":"wp","href":"https:\/\/api.w.org\/{rel}","templated":true}]}}