{"id":75839,"date":"2016-12-12T09:21:46","date_gmt":"2016-12-12T12:21:46","guid":{"rendered":"http:\/\/www.eltrabajo.cl\/portal\/?p=75839"},"modified":"2016-12-12T09:21:47","modified_gmt":"2016-12-12T12:21:47","slug":"tradicional-puesto-de-mote-con-huesillos-en-ohiggins-cambia-de-lugar","status":"publish","type":"post","link":"https:\/\/eltrabajo.cl\/portal\/tradicional-puesto-de-mote-con-huesillos-en-ohiggins-cambia-de-lugar\/","title":{"rendered":"Tradicional puesto de mote con huesillos en O&#8217;Higgins cambia de lugar"},"content":{"rendered":"<ul>\n<li><strong>Por construcci\u00f3n de ciclo v\u00edas:<\/strong><\/li>\n<\/ul>\n<p>\u00abS\u00ed, tenemos que sacarlo, ya no hay nada que hacer, se buscaron todas las instancias, hay que ir acorde con el progreso con la ciudad como se dice guste o no guste, pero s\u00ed el negocio puesto de mote con huesillos se saca y ya la municipalidad por intermedio de la se\u00f1ora Margarita Guerra, ya me reubicaron a Dios Gracias, cerquita de donde estamos en este momento y ya en unos d\u00edas m\u00e1s tendr\u00e9 que salir de ac\u00e1 para darle paso a las ciclo v\u00edas\u00bb as\u00ed nos comenta Inelda Montenegro Montenegro, due\u00f1a en la actualidad del tradicional puesto de mote con huesillos ubicado en la Avenida O\u00b4Higgins esquina Salinas, luego que fuera notificada por la Municipalidad de San Felipe con el motivo de quitar el puesto, ya que por el lugar pasar\u00e1n dos ciclos v\u00edas.<br \/>\n<strong>&#8211; \u00bfSe encuentra con mucha pena se\u00f1ora Inelda?<\/strong><br \/>\n&#8211; S\u00ed, mucha pena porque es toda una vida son casi cincuenta a\u00f1os en esta esquina, mi padre toda una vida trabaj\u00f3 ac\u00e1 (\u2026) han pasado varias generaciones, as\u00ed es que un poquito de nostalgia pero a la vez muy agradecida porque el municipio me permiti\u00f3 seguir trabajando, seguir atendiendo a nuestra clientela.<br \/>\nAprovecha este medio para agradecer a tanta gente que tanto por las redes sociales como personalmente, le han brindado una palabra de \u00e1nimo \u00abhan luchado porque quedara las cosas as\u00ed pero bueno (\u2026) no se pudo nom\u00e1s (sic) pero como le digo agradecida de todos, de todos, dando eso s\u00ed la seguridad de que daremos el 100 % como lo hemos hecho hasta ahora, para seguir atendiendo a nuestro p\u00fablico y esforz\u00e1ndonos como ha sido hasta el d\u00eda de hoy con todo el cari\u00f1o, respeto y dedicaci\u00f3n sobre todo al trabajo que fue lo que nos ense\u00f1aron nuestros padres as\u00ed es que seguir atendiendo a toda nuestra clientela\u00bb sostuvo Inelda.<br \/>\nComenta que en este momento, se encuentra muy delicada de salud producto de dolores que le aquejan en su columna.<br \/>\n\u00abEn este momento estoy enferma un poco delicada de mi columna, estamos ah\u00ed avanzando d\u00eda a d\u00eda, la familia me est\u00e1 apoyando de una forma u otra\u00bb.<br \/>\n<strong>&#8211; \u00bfCree usted que deber\u00e1 incurrir en muchos gastos?<\/strong><br \/>\n&#8211; Si en hartos gastos, porque el negocio como usted ve est\u00e1 anclado a ac\u00e1 hace muchos a\u00f1os, al sacarlo se puede descuadrar, tengo una hielera adentro que uso para mantener el juguito helado, entonces al sacarlo va a sufrir da\u00f1os, as\u00ed es que para ir a la segura voy a ser uno nuevo.<br \/>\n<strong>&#8211; La inversi\u00f3n que deber\u00e1 hacer para cambiar el carrito, \u00bfEs muy elevada?<\/strong><br \/>\n&#8211; Si porque tengo que ver lo que es luz, agua, la empresa en s\u00ed me ofrece hacer el radier, es ayuda poquita pero igual.<br \/>\n<strong>&#8211; Seg\u00fan lo que usted conoce se\u00f1ora Imelda, \u00bfcu\u00e1ndo deben sacar su negocio ya de ac\u00e1?<\/strong><br \/>\n&#8211; El se\u00f1or Paredes me hab\u00eda dicho seis d\u00edas, pero estamos viendo porque yo hice una solicitud para terminar la temporada y eso termina en marzo-abril 2017, pero no es posible porque la ciclos v\u00eda tienen que seguir avanzando, as\u00ed es que en este momento, estoy corriendo para all\u00e1 para ac\u00e1 viendo los medios consiguiendo por un lado u otro para poder hacerme mi kiosquito donde me reubic\u00f3 la municipalidad por intermedio de la se\u00f1ora Margarita Guerra.<br \/>\nComenta que todos sus permisos est\u00e1n al d\u00eda y que en unos diez a quince d\u00edas m\u00e1s, tendr\u00eda que estar funcionando en su nueva ubicaci\u00f3n que queda a unos metros de donde se encuentra hoy al centro del bandej\u00f3n.<\/p>\n<figure id=\"attachment_75840\" aria-describedby=\"caption-attachment-75840\" style=\"width: 530px\" class=\"wp-caption alignleft\"><a href=\"http:\/\/www.eltrabajo.cl\/portal\/tradicional-puesto-de-mote-con-huesillos-en-ohiggins-cambia-de-lugar\/inelda-montenegro-mote-huesillo\/\" rel=\"attachment wp-att-75840\"><img data-recalc-dims=\"1\" loading=\"lazy\" decoding=\"async\" class=\"size-full wp-image-75840\" src=\"https:\/\/i0.wp.com\/www.eltrabajo.cl\/portal\/wp-content\/uploads\/2016\/12\/Inelda-montenegro-mote-huesillo.jpg?resize=530%2C350\" alt=\"La due\u00f1a Inelda Montenegro Montenegro, en lo que puede ser una de las \u00faltimas im\u00e1genes del tradicional puesto de mote con huesillos ubicado en Avenida O\u00b4Higgins con Salinas.\" width=\"530\" height=\"350\" srcset=\"https:\/\/i0.wp.com\/eltrabajo.cl\/portal\/wp-content\/uploads\/2016\/12\/Inelda-montenegro-mote-huesillo.jpg?w=530&amp;ssl=1 530w, https:\/\/i0.wp.com\/eltrabajo.cl\/portal\/wp-content\/uploads\/2016\/12\/Inelda-montenegro-mote-huesillo.jpg?resize=200%2C132&amp;ssl=1 200w, https:\/\/i0.wp.com\/eltrabajo.cl\/portal\/wp-content\/uploads\/2016\/12\/Inelda-montenegro-mote-huesillo.jpg?resize=300%2C198&amp;ssl=1 300w, https:\/\/i0.wp.com\/eltrabajo.cl\/portal\/wp-content\/uploads\/2016\/12\/Inelda-montenegro-mote-huesillo.jpg?resize=227%2C150&amp;ssl=1 227w, https:\/\/i0.wp.com\/eltrabajo.cl\/portal\/wp-content\/uploads\/2016\/12\/Inelda-montenegro-mote-huesillo.jpg?resize=400%2C264&amp;ssl=1 400w\" sizes=\"auto, (max-width: 530px) 100vw, 530px\" \/><\/a><figcaption id=\"caption-attachment-75840\" class=\"wp-caption-text\">La due\u00f1a Inelda Montenegro Montenegro, en lo que puede ser una de las \u00faltimas im\u00e1genes del tradicional puesto de mote con huesillos ubicado en Avenida O\u00b4Higgins con Salinas.<\/figcaption><\/figure>\n","protected":false},"excerpt":{"rendered":"<p>Por construcci\u00f3n de ciclo v\u00edas: \u00abS\u00ed, tenemos que sacarlo, ya no hay nada que hacer, se buscaron todas las instancias, hay que ir acorde con el progreso con la ciudad como se&#8230;<\/p>\n","protected":false},"author":1,"featured_media":75840,"comment_status":"open","ping_status":"open","sticky":false,"template":"","format":"standard","meta":{"advanced_seo_description":"","jetpack_seo_html_title":"","jetpack_seo_noindex":false,"_jetpack_memberships_contains_paid_content":false,"footnotes":""},"categories":[15],"tags":[],"class_list":["post-75839","post","type-post","status-publish","format-standard","has-post-thumbnail","hentry","category-comunidad"],"jetpack_featured_media_url":"https:\/\/i0.wp.com\/eltrabajo.cl\/portal\/wp-content\/uploads\/2016\/12\/Inelda-montenegro-mote-huesillo.jpg?fit=530%2C350&ssl=1","jetpack_sharing_enabled":true,"jetpack_likes_enabled":true,"jetpack-related-posts":[],"_links":{"self":[{"href":"https:\/\/eltrabajo.cl\/portal\/wp-json\/wp\/v2\/posts\/75839","targetHints":{"allow":["GET"]}}],"collection":[{"href":"https:\/\/eltrabajo.cl\/portal\/wp-json\/wp\/v2\/posts"}],"about":[{"href":"https:\/\/eltrabajo.cl\/portal\/wp-json\/wp\/v2\/types\/post"}],"author":[{"embeddable":true,"href":"https:\/\/eltrabajo.cl\/portal\/wp-json\/wp\/v2\/users\/1"}],"replies":[{"embeddable":true,"href":"https:\/\/eltrabajo.cl\/portal\/wp-json\/wp\/v2\/comments?post=75839"}],"version-history":[{"count":0,"href":"https:\/\/eltrabajo.cl\/portal\/wp-json\/wp\/v2\/posts\/75839\/revisions"}],"wp:featuredmedia":[{"embeddable":true,"href":"https:\/\/eltrabajo.cl\/portal\/wp-json\/wp\/v2\/media\/75840"}],"wp:attachment":[{"href":"https:\/\/eltrabajo.cl\/portal\/wp-json\/wp\/v2\/media?parent=75839"}],"wp:term":[{"taxonomy":"category","embeddable":true,"href":"https:\/\/eltrabajo.cl\/portal\/wp-json\/wp\/v2\/categories?post=75839"},{"taxonomy":"post_tag","embeddable":true,"href":"https:\/\/eltrabajo.cl\/portal\/wp-json\/wp\/v2\/tags?post=75839"}],"curies":[{"name":"wp","href":"https:\/\/api.w.org\/{rel}","templated":true}]}}