{"id":75852,"date":"2016-12-13T08:47:01","date_gmt":"2016-12-13T11:47:01","guid":{"rendered":"http:\/\/www.eltrabajo.cl\/portal\/?p=75852"},"modified":"2016-12-13T08:47:01","modified_gmt":"2016-12-13T11:47:01","slug":"ministra-de-salud-dialoga-con-sanfelipenas-proyecto-que-despenaliza-aborto","status":"publish","type":"post","link":"https:\/\/eltrabajo.cl\/portal\/ministra-de-salud-dialoga-con-sanfelipenas-proyecto-que-despenaliza-aborto\/","title":{"rendered":"Ministra de Salud dialoga con sanfelipe\u00f1as proyecto que despenaliza aborto"},"content":{"rendered":"<ul>\n<li><strong>M\u00e1s de 60 vecinas compartieron con Dra. Carmen Castillo y participaron de este encuentro, que permiti\u00f3 conocer sus visiones con respecto a este tema que se circunscribe a tres causales.<\/strong><\/li>\n<\/ul>\n<p>La ministra de Salud, Carmen Castillo, encabez\u00f3 un encuentro con mujeres de la comuna de San Felipe en el cual se convers\u00f3 sobre los alcances del proyecto que despenaliza la interrupci\u00f3n del embarazo en tres causales.<br \/>\nEn la actividad participaron m\u00e1s de 60 vecinas junto a autoridades del \u00e1mbito de la salud y del gobierno local \u201clo que resulta muy importante para nosotros, porque as\u00ed, en conjunto, logramos avanzar en informar\u201d, dijo la secretaria de estado.<br \/>\nAgreg\u00f3 que se debe destacar \u201cel trabajo interpersonalizado de dar a conocer la despenalizaci\u00f3n de la interrupci\u00f3n del embarazo en tres causales, dejando en claro que es una decisi\u00f3n de la mujer libre, soberana, sin imponer las decisiones para tres causales espec\u00edficas que es la inviabilidad fetal, la violaci\u00f3n o el riesgo de vida de la mujer\u201d.<br \/>\nLa secretaria de Estado inform\u00f3 que la conversaci\u00f3n que se dio en este encuentro, mostr\u00f3 que las tres causales est\u00e1n bien especificadas y \u201choy las hemos trabajado en mesas en las cuales pudimos aclarar muchas inquietudes. El di\u00e1logo directo es la mejor forma para acercar esta informaci\u00f3n a la comunidad, porque muchas veces a trav\u00e9s de la prensa, a trav\u00e9s de los medios, se dificulta esta mirada m\u00e1s personalizada, de trabajar las comunicaciones cara acara\u201d.<br \/>\nPor su parte, el gobernador Eduardo Le\u00f3n se\u00f1al\u00f3 que \u201cfue una importante conversaci\u00f3n y comprobamos el alto porcentaje de apoyo que tiene esta ley tramitada por la presidenta. Estamos muy contentos por la convocatoria. Agradecemos a la ministra y a las jefas de servicios que participaron y nosotros seguiremos generando estos espacios de di\u00e1logo, ya que es un mandato del Gobierno, porque los temas importantes hay que hablarlos y de fondo\u201d dijo la m\u00e1xima autoridad de la Provincia.<br \/>\nEn tanto, para Fabiola Maldonado, una de las participantes, realiz\u00f3 una positiva evaluaci\u00f3n de la actividad. \u201cEstoy muy contenta de que haya podido venir la ministra para conversar un tema tan delicado y sensible como lo es esta ley de las 3 causales. Es muy necesaria para nosotras abordar estas tem\u00e1ticas, ya que a\u00fan no podemos decidir sobre nuestro propio cuerpo y creo que estas instancias de di\u00e1logo son fundamentales para construir una mejor sociedad\u201d sostuvo.<br \/>\nEste di\u00e1logo, que estuvo organizado por la Fundaci\u00f3n Prodemu en apoyo de la Gobernaci\u00f3n de San Felipe, permiti\u00f3 a las autoridades conocer la visi\u00f3n de las participantes con respecto a este interesante tema.<\/p>\n<figure id=\"attachment_75853\" aria-describedby=\"caption-attachment-75853\" style=\"width: 530px\" class=\"wp-caption alignleft\"><a href=\"http:\/\/www.eltrabajo.cl\/portal\/ministra-de-salud-dialoga-con-sanfelipenas-proyecto-que-despenaliza-aborto\/ministra-salud-en-sanfelipe\/\" rel=\"attachment wp-att-75853\"><img data-recalc-dims=\"1\" loading=\"lazy\" decoding=\"async\" class=\"size-full wp-image-75853\" src=\"https:\/\/i0.wp.com\/www.eltrabajo.cl\/portal\/wp-content\/uploads\/2016\/12\/ministra-salud-en-Sanfelipe.jpg?resize=530%2C349\" alt=\"M\u00e1s de 60 vecinas compartieron con autoridades y participaron de este encuentro, que permiti\u00f3 conocer sus visiones con respecto a este tema.\" width=\"530\" height=\"349\" srcset=\"https:\/\/i0.wp.com\/eltrabajo.cl\/portal\/wp-content\/uploads\/2016\/12\/ministra-salud-en-Sanfelipe.jpg?w=530&amp;ssl=1 530w, https:\/\/i0.wp.com\/eltrabajo.cl\/portal\/wp-content\/uploads\/2016\/12\/ministra-salud-en-Sanfelipe.jpg?resize=200%2C132&amp;ssl=1 200w, https:\/\/i0.wp.com\/eltrabajo.cl\/portal\/wp-content\/uploads\/2016\/12\/ministra-salud-en-Sanfelipe.jpg?resize=300%2C198&amp;ssl=1 300w, https:\/\/i0.wp.com\/eltrabajo.cl\/portal\/wp-content\/uploads\/2016\/12\/ministra-salud-en-Sanfelipe.jpg?resize=228%2C150&amp;ssl=1 228w, https:\/\/i0.wp.com\/eltrabajo.cl\/portal\/wp-content\/uploads\/2016\/12\/ministra-salud-en-Sanfelipe.jpg?resize=400%2C263&amp;ssl=1 400w\" sizes=\"auto, (max-width: 530px) 100vw, 530px\" \/><\/a><figcaption id=\"caption-attachment-75853\" class=\"wp-caption-text\">M\u00e1s de 60 vecinas compartieron con autoridades y participaron de este encuentro, que permiti\u00f3 conocer sus visiones con respecto a este tema.<\/figcaption><\/figure>\n","protected":false},"excerpt":{"rendered":"<p>M\u00e1s de 60 vecinas compartieron con Dra. Carmen Castillo y participaron de este encuentro, que permiti\u00f3 conocer sus visiones con respecto a este tema que se circunscribe a tres causales. La ministra&#8230;<\/p>\n","protected":false},"author":1,"featured_media":75853,"comment_status":"open","ping_status":"open","sticky":false,"template":"","format":"standard","meta":{"advanced_seo_description":"","jetpack_seo_html_title":"","jetpack_seo_noindex":false,"_jetpack_memberships_contains_paid_content":false,"footnotes":""},"categories":[1],"tags":[],"class_list":["post-75852","post","type-post","status-publish","format-standard","has-post-thumbnail","hentry","category-cronica"],"jetpack_featured_media_url":"https:\/\/i0.wp.com\/eltrabajo.cl\/portal\/wp-content\/uploads\/2016\/12\/ministra-salud-en-Sanfelipe.jpg?fit=530%2C349&ssl=1","jetpack_sharing_enabled":true,"jetpack_likes_enabled":true,"jetpack-related-posts":[],"_links":{"self":[{"href":"https:\/\/eltrabajo.cl\/portal\/wp-json\/wp\/v2\/posts\/75852","targetHints":{"allow":["GET"]}}],"collection":[{"href":"https:\/\/eltrabajo.cl\/portal\/wp-json\/wp\/v2\/posts"}],"about":[{"href":"https:\/\/eltrabajo.cl\/portal\/wp-json\/wp\/v2\/types\/post"}],"author":[{"embeddable":true,"href":"https:\/\/eltrabajo.cl\/portal\/wp-json\/wp\/v2\/users\/1"}],"replies":[{"embeddable":true,"href":"https:\/\/eltrabajo.cl\/portal\/wp-json\/wp\/v2\/comments?post=75852"}],"version-history":[{"count":0,"href":"https:\/\/eltrabajo.cl\/portal\/wp-json\/wp\/v2\/posts\/75852\/revisions"}],"wp:featuredmedia":[{"embeddable":true,"href":"https:\/\/eltrabajo.cl\/portal\/wp-json\/wp\/v2\/media\/75853"}],"wp:attachment":[{"href":"https:\/\/eltrabajo.cl\/portal\/wp-json\/wp\/v2\/media?parent=75852"}],"wp:term":[{"taxonomy":"category","embeddable":true,"href":"https:\/\/eltrabajo.cl\/portal\/wp-json\/wp\/v2\/categories?post=75852"},{"taxonomy":"post_tag","embeddable":true,"href":"https:\/\/eltrabajo.cl\/portal\/wp-json\/wp\/v2\/tags?post=75852"}],"curies":[{"name":"wp","href":"https:\/\/api.w.org\/{rel}","templated":true}]}}