{"id":75862,"date":"2016-12-13T08:53:03","date_gmt":"2016-12-13T11:53:03","guid":{"rendered":"http:\/\/www.eltrabajo.cl\/portal\/?p=75862"},"modified":"2016-12-13T08:53:03","modified_gmt":"2016-12-13T11:53:03","slug":"diez-internos-del-ccp-san-felipe-se-graduan-de-octavo-basico","status":"publish","type":"post","link":"https:\/\/eltrabajo.cl\/portal\/diez-internos-del-ccp-san-felipe-se-graduan-de-octavo-basico\/","title":{"rendered":"Diez internos del CCP San Felipe se grad\u00faan de Octavo B\u00e1sico"},"content":{"rendered":"<ul>\n<li><strong>Anhelan seguir estudiando en la educaci\u00f3n media:<\/strong><\/li>\n<\/ul>\n<p>Fueron diez los internos del CCP San Felipe los que ayer lunes, concluyeron su educaci\u00f3n b\u00e1sica en la Escuela Pedro Nolasco Molina, los internos se mostraron satisfechos de haber logrado este importante paso, ya que s\u00f3lo si saben leer podr\u00e1n postular a los beneficios que Gendarmer\u00eda y Justicia ofrecen a esta poblaci\u00f3n.<br \/>\nDiario El Trabajo, estuvo en esta unidad penitenciaria, tomando registro de la gala de graduaci\u00f3n de los j\u00f3venes, a esta jornada acudieron personeros de la Direcci\u00f3n Provincial de Educaci\u00f3n; el dideco Pablo Silva; el jefe Daem Iv\u00e1n Silva y algunos concejales.<br \/>\n\u00abSon diez alumnos los que se licencian hoy d\u00eda, ellos seguir\u00e1n con su educaci\u00f3n media en este mismo centro penitenciario. A ellos, la educaci\u00f3n les ayuda a recibir beneficios, si no tienen la B\u00e1sica completa, dif\u00edcilmente podr\u00e1n recibir beneficios. En total son unos 50 estudiantes de b\u00e1sica los que tiene la Escuela Pedro Nolasco, espero que ellos logren seguir motivados y aprovechen las herramientas que el sistema les ofrece\u00bb, coment\u00f3 a Diario El Trabajo el director de la escuela, don Luis Silva Estay.<\/p>\n<p><strong>\u00abSEGUIR\u00c9 ESTUDIANDO\u00bb<\/strong><br \/>\nAlgunos familiares de los internos, ingresaron al centro penal con tortas, las que disfrutaron los presentes tras la ceremonia. Nuestro medio habl\u00f3 con uno de los internos, \u00abestoy motivado con este logro personal, no fue f\u00e1cil, pues con regularidad sufrimos cambios de \u00e1nimo, yo espero continuar estudiando la Media, espero tambi\u00e9n superarme al m\u00e1ximo para llegar a ser de beneficio a la sociedad\u00bb, coment\u00f3 a nuestro medio el interno Juan Pablo P\u00e9rez.<br \/>\nPor su parte Iv\u00e1n Silva, director del Daem, fue claro al se\u00f1alar que \u00abpara nosotros es gratificante saber que ellos, los internos, quieren seguir estudiando y buscar sacar una carrera acad\u00e9mica, agradecemos esa actitud, la Daem les ha ayudado a confeccionar su biblioteca y salas de clases, para que se estimulen a seguir estudiando, pues el t\u00edtulo que reciben es reconocido por todas las autoridades de educaci\u00f3n\u00bb, dijo Silva.<br \/>\nSeg\u00fan lo explic\u00f3 el director de la escuela, don Luis Silva, el pr\u00f3ximo 23 de diciembre se estar\u00edan graduando unos 20 internos en Educaci\u00f3n Media, lo que denota seguimiento y esfuerzo de todas las partes por superarse acad\u00e9micamente.<br \/>\n<strong>Roberto Gonz\u00e1lez Short<\/strong><\/p>\n<figure id=\"attachment_75866\" aria-describedby=\"caption-attachment-75866\" style=\"width: 530px\" class=\"wp-caption alignleft\"><a href=\"http:\/\/www.eltrabajo.cl\/portal\/diez-internos-del-ccp-san-felipe-se-graduan-de-octavo-basico\/grupal1-38\/\" rel=\"attachment wp-att-75866\"><img data-recalc-dims=\"1\" loading=\"lazy\" decoding=\"async\" class=\"size-full wp-image-75866\" src=\"https:\/\/i0.wp.com\/www.eltrabajo.cl\/portal\/wp-content\/uploads\/2016\/12\/Grupal1.jpg?resize=530%2C349\" alt=\"IMPARABLES.- Acompa\u00f1ados de las autoridades, vemos al frente a siete de los diez internos que ayer lunes, se titularon de Octavo b\u00e1sico en la Escuela Pedro Nolasco del CCP San Felipe. Ellos aseguran que continuar\u00e1n estudiando en la Media. \u00a1Suerte muchachos!\" width=\"530\" height=\"349\" srcset=\"https:\/\/i0.wp.com\/eltrabajo.cl\/portal\/wp-content\/uploads\/2016\/12\/Grupal1.jpg?w=530&amp;ssl=1 530w, https:\/\/i0.wp.com\/eltrabajo.cl\/portal\/wp-content\/uploads\/2016\/12\/Grupal1.jpg?resize=200%2C132&amp;ssl=1 200w, https:\/\/i0.wp.com\/eltrabajo.cl\/portal\/wp-content\/uploads\/2016\/12\/Grupal1.jpg?resize=300%2C198&amp;ssl=1 300w, https:\/\/i0.wp.com\/eltrabajo.cl\/portal\/wp-content\/uploads\/2016\/12\/Grupal1.jpg?resize=228%2C150&amp;ssl=1 228w, https:\/\/i0.wp.com\/eltrabajo.cl\/portal\/wp-content\/uploads\/2016\/12\/Grupal1.jpg?resize=400%2C263&amp;ssl=1 400w\" sizes=\"auto, (max-width: 530px) 100vw, 530px\" \/><\/a><figcaption id=\"caption-attachment-75866\" class=\"wp-caption-text\">IMPARABLES.- Acompa\u00f1ados de las autoridades, vemos al frente a siete de los diez internos que ayer lunes, se titularon de Octavo b\u00e1sico en la Escuela Pedro Nolasco del CCP San Felipe. Ellos aseguran que continuar\u00e1n estudiando en la Media. \u00a1Suerte muchachos!<\/figcaption><\/figure>\n<figure id=\"attachment_75863\" aria-describedby=\"caption-attachment-75863\" style=\"width: 300px\" class=\"wp-caption alignleft\"><a href=\"http:\/\/www.eltrabajo.cl\/portal\/diez-internos-del-ccp-san-felipe-se-graduan-de-octavo-basico\/ivan-silva-7\/\" rel=\"attachment wp-att-75863\"><img data-recalc-dims=\"1\" loading=\"lazy\" decoding=\"async\" class=\"size-medium wp-image-75863\" src=\"https:\/\/i0.wp.com\/www.eltrabajo.cl\/portal\/wp-content\/uploads\/2016\/12\/Ivan-Silva-300x197.jpg?resize=300%2C197\" alt=\"Iv\u00e1n Silva, director del Daem.\" width=\"300\" height=\"197\" srcset=\"https:\/\/i0.wp.com\/eltrabajo.cl\/portal\/wp-content\/uploads\/2016\/12\/Ivan-Silva.jpg?resize=300%2C197&amp;ssl=1 300w, https:\/\/i0.wp.com\/eltrabajo.cl\/portal\/wp-content\/uploads\/2016\/12\/Ivan-Silva.jpg?resize=200%2C131&amp;ssl=1 200w, https:\/\/i0.wp.com\/eltrabajo.cl\/portal\/wp-content\/uploads\/2016\/12\/Ivan-Silva.jpg?resize=228%2C150&amp;ssl=1 228w, https:\/\/i0.wp.com\/eltrabajo.cl\/portal\/wp-content\/uploads\/2016\/12\/Ivan-Silva.jpg?resize=400%2C263&amp;ssl=1 400w, https:\/\/i0.wp.com\/eltrabajo.cl\/portal\/wp-content\/uploads\/2016\/12\/Ivan-Silva.jpg?w=530&amp;ssl=1 530w\" sizes=\"auto, (max-width: 300px) 100vw, 300px\" \/><\/a><figcaption id=\"caption-attachment-75863\" class=\"wp-caption-text\">Iv\u00e1n Silva, director del Daem.<\/figcaption><\/figure>\n<figure id=\"attachment_75864\" aria-describedby=\"caption-attachment-75864\" style=\"width: 300px\" class=\"wp-caption alignleft\"><a href=\"http:\/\/www.eltrabajo.cl\/portal\/diez-internos-del-ccp-san-felipe-se-graduan-de-octavo-basico\/juan-pablo-perez\/\" rel=\"attachment wp-att-75864\"><img data-recalc-dims=\"1\" loading=\"lazy\" decoding=\"async\" class=\"size-medium wp-image-75864\" src=\"https:\/\/i0.wp.com\/www.eltrabajo.cl\/portal\/wp-content\/uploads\/2016\/12\/Juan-Pablo-Perez-300x197.jpg?resize=300%2C197\" alt=\"Juan Pablo P\u00e9rez, interno del CCP San Felipe.\" width=\"300\" height=\"197\" srcset=\"https:\/\/i0.wp.com\/eltrabajo.cl\/portal\/wp-content\/uploads\/2016\/12\/Juan-Pablo-Perez.jpg?resize=300%2C197&amp;ssl=1 300w, https:\/\/i0.wp.com\/eltrabajo.cl\/portal\/wp-content\/uploads\/2016\/12\/Juan-Pablo-Perez.jpg?resize=200%2C131&amp;ssl=1 200w, https:\/\/i0.wp.com\/eltrabajo.cl\/portal\/wp-content\/uploads\/2016\/12\/Juan-Pablo-Perez.jpg?resize=228%2C150&amp;ssl=1 228w, https:\/\/i0.wp.com\/eltrabajo.cl\/portal\/wp-content\/uploads\/2016\/12\/Juan-Pablo-Perez.jpg?resize=400%2C263&amp;ssl=1 400w, https:\/\/i0.wp.com\/eltrabajo.cl\/portal\/wp-content\/uploads\/2016\/12\/Juan-Pablo-Perez.jpg?w=530&amp;ssl=1 530w\" sizes=\"auto, (max-width: 300px) 100vw, 300px\" \/><\/a><figcaption id=\"caption-attachment-75864\" class=\"wp-caption-text\">Juan Pablo P\u00e9rez, interno del CCP San Felipe.<\/figcaption><\/figure>\n<figure id=\"attachment_75865\" aria-describedby=\"caption-attachment-75865\" style=\"width: 300px\" class=\"wp-caption alignleft\"><a href=\"http:\/\/www.eltrabajo.cl\/portal\/diez-internos-del-ccp-san-felipe-se-graduan-de-octavo-basico\/luis-silva-6\/\" rel=\"attachment wp-att-75865\"><img data-recalc-dims=\"1\" loading=\"lazy\" decoding=\"async\" class=\"size-medium wp-image-75865\" src=\"https:\/\/i0.wp.com\/www.eltrabajo.cl\/portal\/wp-content\/uploads\/2016\/12\/Luis-Silva-300x197.jpg?resize=300%2C197\" alt=\"Luis Silva, director de la Pedro Nolasco del CCP San Felipe.\" width=\"300\" height=\"197\" srcset=\"https:\/\/i0.wp.com\/eltrabajo.cl\/portal\/wp-content\/uploads\/2016\/12\/Luis-Silva.jpg?resize=300%2C197&amp;ssl=1 300w, https:\/\/i0.wp.com\/eltrabajo.cl\/portal\/wp-content\/uploads\/2016\/12\/Luis-Silva.jpg?resize=200%2C131&amp;ssl=1 200w, https:\/\/i0.wp.com\/eltrabajo.cl\/portal\/wp-content\/uploads\/2016\/12\/Luis-Silva.jpg?resize=228%2C150&amp;ssl=1 228w, https:\/\/i0.wp.com\/eltrabajo.cl\/portal\/wp-content\/uploads\/2016\/12\/Luis-Silva.jpg?resize=400%2C263&amp;ssl=1 400w, https:\/\/i0.wp.com\/eltrabajo.cl\/portal\/wp-content\/uploads\/2016\/12\/Luis-Silva.jpg?w=530&amp;ssl=1 530w\" sizes=\"auto, (max-width: 300px) 100vw, 300px\" \/><\/a><figcaption id=\"caption-attachment-75865\" class=\"wp-caption-text\">Luis Silva, director de la Pedro Nolasco del CCP San Felipe.<\/figcaption><\/figure>\n","protected":false},"excerpt":{"rendered":"<p>Anhelan seguir estudiando en la educaci\u00f3n media: Fueron diez los internos del CCP San Felipe los que ayer lunes, concluyeron su educaci\u00f3n b\u00e1sica en la Escuela Pedro Nolasco Molina, los internos se&#8230;<\/p>\n","protected":false},"author":1,"featured_media":75866,"comment_status":"open","ping_status":"open","sticky":false,"template":"","format":"standard","meta":{"advanced_seo_description":"","jetpack_seo_html_title":"","jetpack_seo_noindex":false,"_jetpack_memberships_contains_paid_content":false,"footnotes":""},"categories":[15],"tags":[],"class_list":["post-75862","post","type-post","status-publish","format-standard","has-post-thumbnail","hentry","category-comunidad"],"jetpack_featured_media_url":"https:\/\/i0.wp.com\/eltrabajo.cl\/portal\/wp-content\/uploads\/2016\/12\/Grupal1.jpg?fit=530%2C349&ssl=1","jetpack_sharing_enabled":true,"jetpack_likes_enabled":true,"jetpack-related-posts":[],"_links":{"self":[{"href":"https:\/\/eltrabajo.cl\/portal\/wp-json\/wp\/v2\/posts\/75862","targetHints":{"allow":["GET"]}}],"collection":[{"href":"https:\/\/eltrabajo.cl\/portal\/wp-json\/wp\/v2\/posts"}],"about":[{"href":"https:\/\/eltrabajo.cl\/portal\/wp-json\/wp\/v2\/types\/post"}],"author":[{"embeddable":true,"href":"https:\/\/eltrabajo.cl\/portal\/wp-json\/wp\/v2\/users\/1"}],"replies":[{"embeddable":true,"href":"https:\/\/eltrabajo.cl\/portal\/wp-json\/wp\/v2\/comments?post=75862"}],"version-history":[{"count":0,"href":"https:\/\/eltrabajo.cl\/portal\/wp-json\/wp\/v2\/posts\/75862\/revisions"}],"wp:featuredmedia":[{"embeddable":true,"href":"https:\/\/eltrabajo.cl\/portal\/wp-json\/wp\/v2\/media\/75866"}],"wp:attachment":[{"href":"https:\/\/eltrabajo.cl\/portal\/wp-json\/wp\/v2\/media?parent=75862"}],"wp:term":[{"taxonomy":"category","embeddable":true,"href":"https:\/\/eltrabajo.cl\/portal\/wp-json\/wp\/v2\/categories?post=75862"},{"taxonomy":"post_tag","embeddable":true,"href":"https:\/\/eltrabajo.cl\/portal\/wp-json\/wp\/v2\/tags?post=75862"}],"curies":[{"name":"wp","href":"https:\/\/api.w.org\/{rel}","templated":true}]}}