{"id":75869,"date":"2016-12-13T08:54:48","date_gmt":"2016-12-13T11:54:48","guid":{"rendered":"http:\/\/www.eltrabajo.cl\/portal\/?p=75869"},"modified":"2016-12-13T08:54:48","modified_gmt":"2016-12-13T11:54:48","slug":"condenan-a-conductor-ebrio-que-causo-lesiones-graves-a-cinco-personas","status":"publish","type":"post","link":"https:\/\/eltrabajo.cl\/portal\/condenan-a-conductor-ebrio-que-causo-lesiones-graves-a-cinco-personas\/","title":{"rendered":"Condenan a conductor ebrio que caus\u00f3 lesiones graves a cinco personas"},"content":{"rendered":"<ul>\n<li><strong><span style=\"color: #ff0000;\">A\u00f1o y medio de c\u00e1rcel sin beneficios:<\/span>\u00a0El actual condenado, estrell\u00f3 su autom\u00f3vil contra una reja peatonal en camino Enc\u00f3n de San Felipe el 10 de mayo de 2014. A ra\u00edz de este accidente, los ocupantes del m\u00f3vil que acompa\u00f1aban al enjuiciado resultaron heridos leves y otros de gravedad.<\/strong><\/li>\n<\/ul>\n<p>El resultado de la alcoholemia de 1,60 gramos de alcohol por mil de sangre, fue categ\u00f3rico para el Tribunal Oral en Lo Penal de San Felipe al momento de condenar en forma un\u00e1nime a la pena de 541 d\u00edas de presidio efectivo a V\u00edctor Manuel Vera Garc\u00eda, por conducir su veh\u00edculo en estado de ebriedad con resultado de lesiones graves y otras leves que afectaron a cinco personas que tripulaban este mismo m\u00f3vil que se estrell\u00f3 contra una reja en esta comuna.<br \/>\nLa Fiscal\u00eda en su investigaci\u00f3n, acus\u00f3 los hechos ocurridos el 10 de mayo de 2014, cuando a eso de las 05:00 de la madrugada, Vera Garc\u00eda conduc\u00eda ebrio su veh\u00edculo marca Chevrolet, placa patente PE-2613, circulando por avenida Enc\u00f3n de San Felipe, en direcci\u00f3n al oriente y al llegar a la altura del colegio Manso de Velasco, perdi\u00f3 el control del m\u00f3vil impactando violentamente contra una reja de cruce peatonal.<br \/>\nA ra\u00edz de este accidente, los ocupantes del veh\u00edculo que acompa\u00f1aban al condenado, identificados como, Juan Ignacio Fuenzalida Olgu\u00edn result\u00f3 policontuso y fractura de ol\u00e9cranon de car\u00e1cter grave; Cristofer Francisco Orrego Mu\u00f1oz result\u00f3 con un esguince cervical leve; Maicol Brayan Lobos Ferrada herido de gravedad, tras un traumatismo enc\u00e9falo craneal y otras heridas; Dominique Jarella Carter Pulgar, policontusa y esguince cervical leve; Constanza Romanette Lineros Herrera, result\u00f3 herida cortante facial y cuero cabelludo de car\u00e1cter leve.<br \/>\nLa semana pasada se llev\u00f3 a cabo un juicio oral en contra de este conductor donde debieron participar todos los involucrados en este accidente, adem\u00e1s de la intervenci\u00f3n de peritos de la Siat de Carabineros para determinar las causas basales del accidente.<br \/>\nVera Garc\u00eda, quien se manten\u00eda en libertad, permanece en prisi\u00f3n preventiva para asegurar los actos de este procedimiento judicial. El pasado viernes el Tribunal Oral reconoci\u00f3 la atenuante de colaboraci\u00f3n sustancial del actual condenado en el esclarecimiento de los hechos.<br \/>\nNo obstante la pena de 541 d\u00edas de presidio, es de manera efectiva y sin ning\u00fan tipo de beneficios. Adem\u00e1s el Tribunal le impuso la suspensi\u00f3n de su licencia de conducir por 5 a\u00f1os m\u00e1s una multa en unidades tributarias mensuales.<br \/>\nA\u00fan la sentencia no est\u00e1 firme y ejecutoriada, y la Defensa del condenado mantiene diez d\u00edas como plazo para elevar eventualmente un recurso de nulidad ante la Corte de Apelaciones de Valpara\u00edso.<br \/>\n<strong>Pablo Salinas Sald\u00edas<\/strong><\/p>\n<figure id=\"attachment_75870\" aria-describedby=\"caption-attachment-75870\" style=\"width: 530px\" class=\"wp-caption alignleft\"><a href=\"http:\/\/www.eltrabajo.cl\/portal\/condenan-a-conductor-ebrio-que-causo-lesiones-graves-a-cinco-personas\/tribunal-oral\/\" rel=\"attachment wp-att-75870\"><img data-recalc-dims=\"1\" loading=\"lazy\" decoding=\"async\" class=\"size-full wp-image-75870\" src=\"https:\/\/i0.wp.com\/www.eltrabajo.cl\/portal\/wp-content\/uploads\/2016\/12\/TRIBUNAL-ORAL.jpg?resize=530%2C349\" alt=\"El Tribunal Oral en Lo Penal de San Felipe, conden\u00f3 al acusado a una pena de 541 d\u00edas de presidio de manera efectiva y sin goce de beneficios por conducci\u00f3n de veh\u00edculo motorizado en estado de ebriedad con resultado de lesiones graves. (Foto Archivo).\" width=\"530\" height=\"349\" srcset=\"https:\/\/i0.wp.com\/eltrabajo.cl\/portal\/wp-content\/uploads\/2016\/12\/TRIBUNAL-ORAL.jpg?w=530&amp;ssl=1 530w, https:\/\/i0.wp.com\/eltrabajo.cl\/portal\/wp-content\/uploads\/2016\/12\/TRIBUNAL-ORAL.jpg?resize=200%2C132&amp;ssl=1 200w, https:\/\/i0.wp.com\/eltrabajo.cl\/portal\/wp-content\/uploads\/2016\/12\/TRIBUNAL-ORAL.jpg?resize=300%2C198&amp;ssl=1 300w, https:\/\/i0.wp.com\/eltrabajo.cl\/portal\/wp-content\/uploads\/2016\/12\/TRIBUNAL-ORAL.jpg?resize=228%2C150&amp;ssl=1 228w, https:\/\/i0.wp.com\/eltrabajo.cl\/portal\/wp-content\/uploads\/2016\/12\/TRIBUNAL-ORAL.jpg?resize=400%2C263&amp;ssl=1 400w\" sizes=\"auto, (max-width: 530px) 100vw, 530px\" \/><\/a><figcaption id=\"caption-attachment-75870\" class=\"wp-caption-text\">El Tribunal Oral en Lo Penal de San Felipe, conden\u00f3 al acusado a una pena de 541 d\u00edas de presidio de manera efectiva y sin goce de beneficios por conducci\u00f3n de veh\u00edculo motorizado en estado de ebriedad con resultado de lesiones graves. (Foto Archivo).<\/figcaption><\/figure>\n","protected":false},"excerpt":{"rendered":"<p>A\u00f1o y medio de c\u00e1rcel sin beneficios:\u00a0El actual condenado, estrell\u00f3 su autom\u00f3vil contra una reja peatonal en camino Enc\u00f3n de San Felipe el 10 de mayo de 2014. A ra\u00edz de este&#8230;<\/p>\n","protected":false},"author":1,"featured_media":75870,"comment_status":"open","ping_status":"open","sticky":false,"template":"","format":"standard","meta":{"advanced_seo_description":"","jetpack_seo_html_title":"","jetpack_seo_noindex":false,"_jetpack_memberships_contains_paid_content":false,"footnotes":""},"categories":[21],"tags":[],"class_list":["post-75869","post","type-post","status-publish","format-standard","has-post-thumbnail","hentry","category-policial"],"jetpack_featured_media_url":"https:\/\/i0.wp.com\/eltrabajo.cl\/portal\/wp-content\/uploads\/2016\/12\/TRIBUNAL-ORAL.jpg?fit=530%2C349&ssl=1","jetpack_sharing_enabled":true,"jetpack_likes_enabled":true,"jetpack-related-posts":[],"_links":{"self":[{"href":"https:\/\/eltrabajo.cl\/portal\/wp-json\/wp\/v2\/posts\/75869","targetHints":{"allow":["GET"]}}],"collection":[{"href":"https:\/\/eltrabajo.cl\/portal\/wp-json\/wp\/v2\/posts"}],"about":[{"href":"https:\/\/eltrabajo.cl\/portal\/wp-json\/wp\/v2\/types\/post"}],"author":[{"embeddable":true,"href":"https:\/\/eltrabajo.cl\/portal\/wp-json\/wp\/v2\/users\/1"}],"replies":[{"embeddable":true,"href":"https:\/\/eltrabajo.cl\/portal\/wp-json\/wp\/v2\/comments?post=75869"}],"version-history":[{"count":0,"href":"https:\/\/eltrabajo.cl\/portal\/wp-json\/wp\/v2\/posts\/75869\/revisions"}],"wp:featuredmedia":[{"embeddable":true,"href":"https:\/\/eltrabajo.cl\/portal\/wp-json\/wp\/v2\/media\/75870"}],"wp:attachment":[{"href":"https:\/\/eltrabajo.cl\/portal\/wp-json\/wp\/v2\/media?parent=75869"}],"wp:term":[{"taxonomy":"category","embeddable":true,"href":"https:\/\/eltrabajo.cl\/portal\/wp-json\/wp\/v2\/categories?post=75869"},{"taxonomy":"post_tag","embeddable":true,"href":"https:\/\/eltrabajo.cl\/portal\/wp-json\/wp\/v2\/tags?post=75869"}],"curies":[{"name":"wp","href":"https:\/\/api.w.org\/{rel}","templated":true}]}}