{"id":75873,"date":"2016-12-13T08:59:30","date_gmt":"2016-12-13T11:59:30","guid":{"rendered":"http:\/\/www.eltrabajo.cl\/portal\/?p=75873"},"modified":"2016-12-13T08:59:30","modified_gmt":"2016-12-13T11:59:30","slug":"ultima-semana-para-vivir-la-ciencia-entretenida-del-mim-en-la-quinta-region","status":"publish","type":"post","link":"https:\/\/eltrabajo.cl\/portal\/ultima-semana-para-vivir-la-ciencia-entretenida-del-mim-en-la-quinta-region\/","title":{"rendered":"\u00daltima semana para vivir la ciencia entretenida del MIM en la Quinta Regi\u00f3n"},"content":{"rendered":"<ul>\n<li><strong><span style=\"color: #ff0000;\">Hasta este s\u00e1bado 17 de diciembre:<\/span>\u00a0La exhibici\u00f3n interactiva \u2018El Despertar de los Sentidos\u2019 del Museo Interactivo Mirador (MIM) es gratuita y funcionar\u00e1 hasta este s\u00e1bado.<\/strong><\/li>\n<\/ul>\n<p>Hasta este s\u00e1bado 17 de diciembre, los habitantes de las provincias de Aconcagua podr\u00e1n conocer \u2018El Despertar de los Sentidos\u2019, una de las muestras viajeras m\u00e1s emblem\u00e1ticas del MIM, que est\u00e1 alojada en la Escuela Manuel Rodr\u00edguez Erdo\u00edza (Buin #77), San Felipe, desde el 15 de noviembre, para ser visitada en forma totalmente gratuita.<br \/>\nLa exhibici\u00f3n, que visita por primera vez esta ciudad, contiene m\u00e1s de 20 m\u00f3dulos interactivos que permiten, entre otras cosas, experimentar con la magia y la ciencia de burbujas gigantes e incluso planas, indagando de forma l\u00fadica en conceptos cient\u00edficos como la tensi\u00f3n superficial del agua o el fen\u00f3meno de la reflexi\u00f3n de algunos fluidos.<br \/>\nLa muestra est\u00e1 constituida de manera que los y las visitantes pongan a prueba sus sentidos para as\u00ed acercar la ciencia a ni\u00f1os y estudiantes de una manera diferente, donde ser\u00e1 necesario tocar, olfatear y escuchar para interactuar con los fen\u00f3menos que encierra el mundo que nos rodea.<br \/>\nEn \u2018El Despertar de los Sentidos\u2019 explorar\u00e1n en aspectos de la ciencia que involucran los sentidos y la percepci\u00f3n, experimentado por ejemplo con una lupa gigante que deforma la imagen, o una serie de ilusiones visuales que desaf\u00edan al cerebro, y que pondr\u00e1n a prueba a los habitantes de San Felipe y comunas cercanas como Llay Llay, Putaendo, Santa Mar\u00eda, Catemu y Panquehue.<br \/>\nEsta es una muestra integral, que re\u00fane m\u00f3dulos asociados a fen\u00f3menos de salas emblem\u00e1ticas del MIM, que conforma un entretenido panorama educativo y familiar donde cada persona vivir\u00e1 su propia experiencia a trav\u00e9s del juego, el asombro y la emoci\u00f3n.<br \/>\nDesde el a\u00f1o 2000, casi 2 millones de personas en 224 movimientos a lo largo de Chile han recibido la visita del MIM, que es parte de la Red de Fundaciones de la Presidencia, llegando a capitales regionales y ciudades peque\u00f1as de todas las regiones, incluidos lugares tan emblem\u00e1ticos como Isla de Pascua, Tierra del Fuego y el archipi\u00e9lago de Juan Fern\u00e1ndez.<\/p>\n<figure id=\"attachment_75874\" aria-describedby=\"caption-attachment-75874\" style=\"width: 530px\" class=\"wp-caption alignleft\"><a href=\"http:\/\/www.eltrabajo.cl\/portal\/ultima-semana-para-vivir-la-ciencia-entretenida-del-mim-en-la-quinta-region\/despertar_san_felipe_1-_baja\/\" rel=\"attachment wp-att-75874\"><img data-recalc-dims=\"1\" loading=\"lazy\" decoding=\"async\" class=\"size-full wp-image-75874\" src=\"https:\/\/i0.wp.com\/www.eltrabajo.cl\/portal\/wp-content\/uploads\/2016\/12\/Despertar_San_Felipe_1-_Baja.jpg?resize=530%2C348\" alt=\"\u2018El Despertar de los Sentidos\u2019, una de las muestras viajeras m\u00e1s emblem\u00e1ticas del MIM, que est\u00e1 alojada en la Escuela Manuel Rodr\u00edguez Erdo\u00edza (Buin #77), San Felipe, desde el 15 de noviembre, para ser visitada en forma totalmente gratuita. \" width=\"530\" height=\"348\" srcset=\"https:\/\/i0.wp.com\/eltrabajo.cl\/portal\/wp-content\/uploads\/2016\/12\/Despertar_San_Felipe_1-_Baja.jpg?w=530&amp;ssl=1 530w, https:\/\/i0.wp.com\/eltrabajo.cl\/portal\/wp-content\/uploads\/2016\/12\/Despertar_San_Felipe_1-_Baja.jpg?resize=200%2C131&amp;ssl=1 200w, https:\/\/i0.wp.com\/eltrabajo.cl\/portal\/wp-content\/uploads\/2016\/12\/Despertar_San_Felipe_1-_Baja.jpg?resize=300%2C197&amp;ssl=1 300w, https:\/\/i0.wp.com\/eltrabajo.cl\/portal\/wp-content\/uploads\/2016\/12\/Despertar_San_Felipe_1-_Baja.jpg?resize=228%2C150&amp;ssl=1 228w, https:\/\/i0.wp.com\/eltrabajo.cl\/portal\/wp-content\/uploads\/2016\/12\/Despertar_San_Felipe_1-_Baja.jpg?resize=400%2C263&amp;ssl=1 400w\" sizes=\"auto, (max-width: 530px) 100vw, 530px\" \/><\/a><figcaption id=\"caption-attachment-75874\" class=\"wp-caption-text\">\u2018El Despertar de los Sentidos\u2019, una de las muestras viajeras m\u00e1s emblem\u00e1ticas del MIM, que est\u00e1 alojada en la Escuela Manuel Rodr\u00edguez Erdo\u00edza (Buin #77), San Felipe, desde el 15 de noviembre, para ser visitada en forma totalmente gratuita.<\/figcaption><\/figure>\n<figure id=\"attachment_75875\" aria-describedby=\"caption-attachment-75875\" style=\"width: 530px\" class=\"wp-caption alignleft\"><a href=\"http:\/\/www.eltrabajo.cl\/portal\/ultima-semana-para-vivir-la-ciencia-entretenida-del-mim-en-la-quinta-region\/despertar_san_felipe_2_-_baja\/\" rel=\"attachment wp-att-75875\"><img data-recalc-dims=\"1\" loading=\"lazy\" decoding=\"async\" class=\"size-full wp-image-75875\" src=\"https:\/\/i0.wp.com\/www.eltrabajo.cl\/portal\/wp-content\/uploads\/2016\/12\/Despertar_San_Felipe_2_-_Baja.jpg?resize=530%2C348\" alt=\"La exhibici\u00f3n contiene m\u00e1s de 20 m\u00f3dulos interactivos que permiten, experimentar con la magia y la ciencia de burbujas gigantes e incluso planas, indagando de forma l\u00fadica en conceptos cient\u00edficos como la tensi\u00f3n superficial del agua.\" width=\"530\" height=\"348\" srcset=\"https:\/\/i0.wp.com\/eltrabajo.cl\/portal\/wp-content\/uploads\/2016\/12\/Despertar_San_Felipe_2_-_Baja.jpg?w=530&amp;ssl=1 530w, https:\/\/i0.wp.com\/eltrabajo.cl\/portal\/wp-content\/uploads\/2016\/12\/Despertar_San_Felipe_2_-_Baja.jpg?resize=200%2C131&amp;ssl=1 200w, https:\/\/i0.wp.com\/eltrabajo.cl\/portal\/wp-content\/uploads\/2016\/12\/Despertar_San_Felipe_2_-_Baja.jpg?resize=300%2C197&amp;ssl=1 300w, https:\/\/i0.wp.com\/eltrabajo.cl\/portal\/wp-content\/uploads\/2016\/12\/Despertar_San_Felipe_2_-_Baja.jpg?resize=228%2C150&amp;ssl=1 228w, https:\/\/i0.wp.com\/eltrabajo.cl\/portal\/wp-content\/uploads\/2016\/12\/Despertar_San_Felipe_2_-_Baja.jpg?resize=400%2C263&amp;ssl=1 400w\" sizes=\"auto, (max-width: 530px) 100vw, 530px\" \/><\/a><figcaption id=\"caption-attachment-75875\" class=\"wp-caption-text\">La exhibici\u00f3n contiene m\u00e1s de 20 m\u00f3dulos interactivos que permiten, experimentar con la magia y la ciencia de burbujas gigantes e incluso planas, indagando de forma l\u00fadica en conceptos cient\u00edficos como la tensi\u00f3n superficial del agua.<\/figcaption><\/figure>\n","protected":false},"excerpt":{"rendered":"<p>Hasta este s\u00e1bado 17 de diciembre:\u00a0La exhibici\u00f3n interactiva \u2018El Despertar de los Sentidos\u2019 del Museo Interactivo Mirador (MIM) es gratuita y funcionar\u00e1 hasta este s\u00e1bado. Hasta este s\u00e1bado 17 de diciembre, los&#8230;<\/p>\n","protected":false},"author":1,"featured_media":75874,"comment_status":"open","ping_status":"open","sticky":false,"template":"","format":"standard","meta":{"advanced_seo_description":"","jetpack_seo_html_title":"","jetpack_seo_noindex":false,"_jetpack_memberships_contains_paid_content":false,"footnotes":""},"categories":[1],"tags":[],"class_list":["post-75873","post","type-post","status-publish","format-standard","has-post-thumbnail","hentry","category-cronica"],"jetpack_featured_media_url":"https:\/\/i0.wp.com\/eltrabajo.cl\/portal\/wp-content\/uploads\/2016\/12\/Despertar_San_Felipe_1-_Baja.jpg?fit=530%2C348&ssl=1","jetpack_sharing_enabled":true,"jetpack_likes_enabled":true,"jetpack-related-posts":[],"_links":{"self":[{"href":"https:\/\/eltrabajo.cl\/portal\/wp-json\/wp\/v2\/posts\/75873","targetHints":{"allow":["GET"]}}],"collection":[{"href":"https:\/\/eltrabajo.cl\/portal\/wp-json\/wp\/v2\/posts"}],"about":[{"href":"https:\/\/eltrabajo.cl\/portal\/wp-json\/wp\/v2\/types\/post"}],"author":[{"embeddable":true,"href":"https:\/\/eltrabajo.cl\/portal\/wp-json\/wp\/v2\/users\/1"}],"replies":[{"embeddable":true,"href":"https:\/\/eltrabajo.cl\/portal\/wp-json\/wp\/v2\/comments?post=75873"}],"version-history":[{"count":0,"href":"https:\/\/eltrabajo.cl\/portal\/wp-json\/wp\/v2\/posts\/75873\/revisions"}],"wp:featuredmedia":[{"embeddable":true,"href":"https:\/\/eltrabajo.cl\/portal\/wp-json\/wp\/v2\/media\/75874"}],"wp:attachment":[{"href":"https:\/\/eltrabajo.cl\/portal\/wp-json\/wp\/v2\/media?parent=75873"}],"wp:term":[{"taxonomy":"category","embeddable":true,"href":"https:\/\/eltrabajo.cl\/portal\/wp-json\/wp\/v2\/categories?post=75873"},{"taxonomy":"post_tag","embeddable":true,"href":"https:\/\/eltrabajo.cl\/portal\/wp-json\/wp\/v2\/tags?post=75873"}],"curies":[{"name":"wp","href":"https:\/\/api.w.org\/{rel}","templated":true}]}}