{"id":75887,"date":"2016-12-13T09:04:10","date_gmt":"2016-12-13T12:04:10","guid":{"rendered":"http:\/\/www.eltrabajo.cl\/portal\/?p=75887"},"modified":"2016-12-13T09:09:30","modified_gmt":"2016-12-13T12:09:30","slug":"joven-en-silla-de-ruedas-debe-pedir-dinero-en-la-calle-porque-pension-no-le-alcanza","status":"publish","type":"post","link":"https:\/\/eltrabajo.cl\/portal\/joven-en-silla-de-ruedas-debe-pedir-dinero-en-la-calle-porque-pension-no-le-alcanza\/","title":{"rendered":"Joven en silla de ruedas debe pedir dinero en la calle porque pensi\u00f3n no le alcanza"},"content":{"rendered":"<p>Mientras algunos reciben suculentos sueldos, en San Felipe hay una mujer de unos treinta a\u00f1os que por ser minusv\u00e1lida y recibir una miserable pensi\u00f3n de m\u00e1s de 80 mil pesos, simplemente debe salir a la calle a pedir plata para poder vivir.<br \/>\nSe trata de Estela de Lourdes Munizaga Clavel, proveniente de Rinconada de Los Andes.<br \/>\nLa encontramos en calle Salinas llegando a Merced, sentada en su silla de ruedas, apoyada al costado de la cafeter\u00eda que existe en ese lugar.<br \/>\nConsultamos por su enfermedad, indic\u00e1ndonos que le afecta a los huesos, lo que le impide caminar: \u00ablos huesos no se pueden el peso de mi cuerpo para pararme, por eso tengo que salir a la calle a pedir, porque trabajo no me dan por mi enfermedad o discapacidad pese a tener estudios y todo\u00bb.<br \/>\n<strong>&#8211; \u00bfQu\u00e9 estudiaste Estela?<\/strong><br \/>\n&#8211; Tengo cuarto medio, estudi\u00e9 en una escuela especial, pero por no tener problemas mentales me hicieron clases normales, despu\u00e9s hice un curso de Aduanas, pero no pas\u00f3 nada.<br \/>\nCuenta que el curso consist\u00eda en administraci\u00f3n, atenci\u00f3n de p\u00fablico, todo lo que tiene que ver con atender personas, pero no ha tenido trabajo en lo que estudi\u00f3.<br \/>\nDebido a eso tiene que salir a la calle a pedir dinero porque realmente no le alcanza.<br \/>\nDice que a veces la gente no la toma en cuenta porque piensan que lo hace por deporte y no piensan que lo hace porque simplemente no hay plata.<br \/>\n<strong>&#8211; \u00bfT\u00fa recibes alguna pensi\u00f3n?<\/strong><br \/>\n&#8211; S\u00ed, pero la recibo y se va porque hay que pagar las cuentas.<br \/>\n<strong>&#8211; \u00bfCu\u00e1nto recibes?<\/strong><br \/>\n&#8211; Ochenta y algo, pero no se hace nada.<br \/>\n<strong>&#8211; \u00bfTienes que salir obligadamente a la calle a pedir dinero?<\/strong><br \/>\n&#8211; Claro, tengo que salir sino no tengo nada.<br \/>\n<strong>&#8211; \u00bfQu\u00e9 te dice la gente? \u00bfTe coopera?<\/strong><br \/>\n&#8211; La mayor\u00eda se r\u00ede, la mayor\u00eda te da, la mayor\u00eda no te da (sic).<br \/>\nNos cuenta, que antes de pedir dinero, vend\u00eda dulces, \u00ablo que pasa y debido a que andaba para all\u00e1 para ac\u00e1 en la silla que tengo, se me triz\u00f3 un huesito en los hombros y no pude seguir como antes, puedo andar en la silla pero no puedo hacer el mismo esfuerzo que antes y tendr\u00edan que haberme cambiado mi silla y todav\u00eda no lo hacen\u00bb.<br \/>\n<strong>&#8211; \u00bfPor qu\u00e9 debes hacer tanto esfuerzo con tu silla? <\/strong><br \/>\n&#8211; Porque yo soy de Rinconada de Los Andes y la silla vale un mill\u00f3n ochocientos mil pesos, que es igual a esta, pero tiene motor esa es la diferencia (\u2026) y no me la han cambiado.<br \/>\n<strong>&#8211; \u00bfHas hecho alguna campa\u00f1a? \u00bfHas solicitado ayuda social?<\/strong><br \/>\n&#8211; He pedido ayuda por todos lados y no ha pasado nada, a parte que tengo que hacer todo sola, no tengo apoyo de familia, no tengo nada; mi pap\u00e1 falleci\u00f3 hace dos a\u00f1os, entonces que de ah\u00ed se ha puesto m\u00e1s dif\u00edcil la cosa por lo menos para m\u00ed.<br \/>\n<strong>&#8211; Nos contabas que tu madre tambi\u00e9n es minusv\u00e1lida.<\/strong><br \/>\n&#8211; S\u00ed, tambi\u00e9n ella anda en silla de ruedas.<br \/>\nSe\u00f1ala que la silla le fue recetada y mostrada por un neur\u00f3logo que hay en el Consultorio de Rinconada de Los Andes.<br \/>\n\u00abEl valor de la silla es inalcanzable para m\u00ed, yo vivo el d\u00eda a d\u00eda\u00bb.<br \/>\nHay veces, en las cuales las personas son m\u00e1s emp\u00e1ticas y conceden que Estela se lleve unos 20 mil pesos, eso no es todos los d\u00edas. En promedio, pueden ser tres a cinco mil pesos un d\u00eda. Antes de la entrevista por ejemplo, estuvo en Los Andes donde se hizo cinco mil pesos.<br \/>\nSe moviliza en colectivo, donde ya la conocen.<br \/>\n<strong>&#8211; \u00bfQu\u00e9 se siente con todo esto?<\/strong><br \/>\n&#8211; Rabia, hay gente que vive haciendo protesta, gente que est\u00e1 sana, no trabaja pucha yo qu\u00e9 no dar\u00eda porque me dieran un trabajo, es como todo al rev\u00e9s.<br \/>\n<strong>&#8211; Se dice que estamos en un pa\u00eds inclusivo, acaba de terminar la Telet\u00f3n. \u00bfT\u00fa qu\u00e9 piensas?<\/strong><br \/>\n&#8211; Claro, pero no es la realidad que pintan ah\u00ed, porque si fuera as\u00ed yo estar\u00eda trabajando como corresponde, si yo no camino, pero estoy sana. Podr\u00eda atender p\u00fablico tengo mi cart\u00f3n, me titularon, entonces merezco trabajar, estudi\u00e9 para eso, pero faltan oportunidades.<br \/>\nDel mismo lugar donde le hicieron el curso, hab\u00eda m\u00e1s ni\u00f1os con discapacidad, quienes comenzaron a dejar Curriculum en diferentes lugares, incluso en una oportunidad la llamaron a ella, pero por un problema de enfermedad de ese momento no pudo presentarse y no la llamaron nunca m\u00e1s.<br \/>\n<strong>&#8211; \u00bfQu\u00e9 le dices a la sociedad?<\/strong><br \/>\n&#8211; Que miren a todos por igual, aunque digan todo lo que es, la Telet\u00f3n no es as\u00ed, s\u00ed hay mucha discriminaci\u00f3n en esta pa\u00eds.<br \/>\n<strong>&#8211; \u00bfTe gustar\u00eda trabajar?<\/strong><br \/>\n&#8211; S\u00ed, porque estoy preparada, estudi\u00e9 como tres meses en un curso, eran como seis horas diarias de lunes a s\u00e1bado, no creo que ese esfuerzo haya sido por nada alg\u00fan d\u00eda me tendr\u00e1 que servir.<br \/>\nLe damos las gracias y Estela se queda en la esquina, esperando poder encontrar alg\u00fan lugar donde trabajar.<\/p>\n<figure id=\"attachment_75888\" aria-describedby=\"caption-attachment-75888\" style=\"width: 530px\" class=\"wp-caption alignleft\"><a href=\"http:\/\/www.eltrabajo.cl\/portal\/joven-en-silla-de-ruedas-debe-pedir-dinero-en-la-calle-porque-pension-no-le-alcanza\/foto-estela\/\" rel=\"attachment wp-att-75888\"><img data-recalc-dims=\"1\" loading=\"lazy\" decoding=\"async\" class=\"size-full wp-image-75888\" src=\"https:\/\/i0.wp.com\/www.eltrabajo.cl\/portal\/wp-content\/uploads\/2016\/12\/Foto-Estela.jpg?resize=530%2C348\" alt=\"Estela De Lourdes Munizaga Clavel, debe salir a la calle a pedir dinero para poder vivir.\" width=\"530\" height=\"348\" srcset=\"https:\/\/i0.wp.com\/eltrabajo.cl\/portal\/wp-content\/uploads\/2016\/12\/Foto-Estela.jpg?w=530&amp;ssl=1 530w, https:\/\/i0.wp.com\/eltrabajo.cl\/portal\/wp-content\/uploads\/2016\/12\/Foto-Estela.jpg?resize=200%2C131&amp;ssl=1 200w, https:\/\/i0.wp.com\/eltrabajo.cl\/portal\/wp-content\/uploads\/2016\/12\/Foto-Estela.jpg?resize=300%2C197&amp;ssl=1 300w, https:\/\/i0.wp.com\/eltrabajo.cl\/portal\/wp-content\/uploads\/2016\/12\/Foto-Estela.jpg?resize=228%2C150&amp;ssl=1 228w, https:\/\/i0.wp.com\/eltrabajo.cl\/portal\/wp-content\/uploads\/2016\/12\/Foto-Estela.jpg?resize=400%2C263&amp;ssl=1 400w\" sizes=\"auto, (max-width: 530px) 100vw, 530px\" \/><\/a><figcaption id=\"caption-attachment-75888\" class=\"wp-caption-text\">Estela De Lourdes Munizaga Clavel, debe salir a la calle a pedir dinero para poder vivir.<\/figcaption><\/figure>\n","protected":false},"excerpt":{"rendered":"<p>Mientras algunos reciben suculentos sueldos, en San Felipe hay una mujer de unos treinta a\u00f1os que por ser minusv\u00e1lida y recibir una miserable pensi\u00f3n de m\u00e1s de 80 mil pesos, simplemente debe&#8230;<\/p>\n","protected":false},"author":1,"featured_media":75888,"comment_status":"open","ping_status":"open","sticky":false,"template":"","format":"standard","meta":{"advanced_seo_description":"","jetpack_seo_html_title":"","jetpack_seo_noindex":false,"_jetpack_memberships_contains_paid_content":false,"footnotes":""},"categories":[15],"tags":[],"class_list":["post-75887","post","type-post","status-publish","format-standard","has-post-thumbnail","hentry","category-comunidad"],"jetpack_featured_media_url":"https:\/\/i0.wp.com\/eltrabajo.cl\/portal\/wp-content\/uploads\/2016\/12\/Foto-Estela.jpg?fit=530%2C348&ssl=1","jetpack_sharing_enabled":true,"jetpack_likes_enabled":true,"jetpack-related-posts":[],"_links":{"self":[{"href":"https:\/\/eltrabajo.cl\/portal\/wp-json\/wp\/v2\/posts\/75887","targetHints":{"allow":["GET"]}}],"collection":[{"href":"https:\/\/eltrabajo.cl\/portal\/wp-json\/wp\/v2\/posts"}],"about":[{"href":"https:\/\/eltrabajo.cl\/portal\/wp-json\/wp\/v2\/types\/post"}],"author":[{"embeddable":true,"href":"https:\/\/eltrabajo.cl\/portal\/wp-json\/wp\/v2\/users\/1"}],"replies":[{"embeddable":true,"href":"https:\/\/eltrabajo.cl\/portal\/wp-json\/wp\/v2\/comments?post=75887"}],"version-history":[{"count":0,"href":"https:\/\/eltrabajo.cl\/portal\/wp-json\/wp\/v2\/posts\/75887\/revisions"}],"wp:featuredmedia":[{"embeddable":true,"href":"https:\/\/eltrabajo.cl\/portal\/wp-json\/wp\/v2\/media\/75888"}],"wp:attachment":[{"href":"https:\/\/eltrabajo.cl\/portal\/wp-json\/wp\/v2\/media?parent=75887"}],"wp:term":[{"taxonomy":"category","embeddable":true,"href":"https:\/\/eltrabajo.cl\/portal\/wp-json\/wp\/v2\/categories?post=75887"},{"taxonomy":"post_tag","embeddable":true,"href":"https:\/\/eltrabajo.cl\/portal\/wp-json\/wp\/v2\/tags?post=75887"}],"curies":[{"name":"wp","href":"https:\/\/api.w.org\/{rel}","templated":true}]}}