{"id":75891,"date":"2016-12-14T08:43:43","date_gmt":"2016-12-14T11:43:43","guid":{"rendered":"http:\/\/www.eltrabajo.cl\/portal\/?p=75891"},"modified":"2016-12-14T08:43:44","modified_gmt":"2016-12-14T11:43:44","slug":"pronto-llega-el-regreso-del-chivato-al-teatro-municipal-de-san-felipe","status":"publish","type":"post","link":"https:\/\/eltrabajo.cl\/portal\/pronto-llega-el-regreso-del-chivato-al-teatro-municipal-de-san-felipe\/","title":{"rendered":"Pronto llega \u2018El regreso del Chivato\u2019 al Teatro Municipal de San Felipe"},"content":{"rendered":"<ul>\n<li><strong>Arte y tecnolog\u00eda el martes 21 de diciembre:<\/strong><\/li>\n<\/ul>\n<p>Este mi\u00e9rcoles 21 de diciembre a las 21:00 horas se estar\u00e1 presentando en el teatro municipal, \u2018El regreso del Chivato\u2019, un cuentacuentos con visuales interactivas, no una obra de teatro. Esta propuesta, es desarrollada por la Compa\u00f1\u00eda Lum\u00edfera, una productora de arte y tecnolog\u00eda, no es una compa\u00f1\u00eda de teatro. Este trabajo art\u00edstico, llega a nuestra ciudad gracias a la gesti\u00f3n del departamento de Cultura de nuestro municipio y financiada por Fondart Regional de Circulaci\u00f3n 2016.<\/p>\n<p><strong>EL ARGUMENTO<\/strong><br \/>\nEl argumento del montaje, est\u00e1 basado en la novela fant\u00e1stica \u2018Don Guillermo\u2019, de Jos\u00e9 Victorino Lastarria, obra que es dibujada y animada a tiempo real con nuevas tecnolog\u00edas y adem\u00e1s cuenta con un gui\u00f3n que se adapta seg\u00fan la localidad donde se presente.<br \/>\nLuego de su exitoso estreno a finales del 2015, \u2018El regreso del Chivato\u2019 volvi\u00f3 a los escenarios, asumiendo el prop\u00f3sito de llegar a nuevas audiencias a nivel regional. Este cuentacuentos ilustrado, el que utiliza por primera vez en Chile la innovadora aplicaci\u00f3n Tagtool, permite al p\u00fablico interactuar con los monitos animados en una novedosa puesta en escena. Una hermosa creaci\u00f3n colaborativa en la que la m\u00fasica, la palabra y la ilustraci\u00f3n animada se entrelazan en una narraci\u00f3n en vivo y a tiempo real.<\/p>\n<p><strong>BREVE SIN\u00d3PSIS<\/strong><br \/>\nBasada en la novela fant\u00e1stica \u201cDon Guillermo\u201d de Jos\u00e9 Victorino Lastarria y ambientada en la emblem\u00e1tica \u2018Cueva del Chivato\u2019, en Valpara\u00edso, el cuento narra la historia de una ni\u00f1a de ocho a\u00f1os, que es raptada por dos p\u00e1jaros chonchones, quienes la llevan muy lejos y le encargan la dif\u00edcil misi\u00f3n de encontrar a un ni\u00f1o que hace muchos a\u00f1os, atr\u00e1s fue raptado y vuelto imbunche por el Chivato. All\u00ed comienza una aventura que la conduce a la temida cueva, donde debe vencer diversos obst\u00e1culos que intentan impedir que ella cumpla su cometido. Para su fortuna, amables personajes acuden a su encuentro para guiarla y acompa\u00f1arla.<br \/>\nLa misi\u00f3n de la protagonista, es liberar al imbunche y para ello debe luchar contra cuatro monstruos, los que representan la mentira, la ignorancia, el fanatismo y la ambici\u00f3n. Ellos a su vez, se manifiestan como los aspectos m\u00e1s temibles del ser humano, los cuales pueden mantener a los individuos cegados, censurados y privados de libertad.<\/p>\n<p><strong>FICHA T\u00c9CNICA<\/strong><br \/>\nNombre: El Regreso del Chivato.<br \/>\nDirecci\u00f3n: Cynthia Conrads.<br \/>\nCuentacuentos: Denis Abarca.<br \/>\nIlustraciones y Animaci\u00f3n: Shantal Andrada y Cynthia Conrads.<br \/>\nM\u00fasico: Pablo L\u00f3pez.<br \/>\nProducci\u00f3n: Camila Garrido.<br \/>\nProducci\u00f3n T\u00e9cnica: Alejandro Da Silva.<br \/>\nOrigen: Chile.<br \/>\nDuraci\u00f3n: 60 Minutos aprox.<br \/>\nG\u00e9nero: Historia Real. Aventura. Cuentacuentos. Visuales Interactivas<br \/>\nClasificaci\u00f3n: Apto para todo p\u00fablico. Recomendado para ni\u00f1os sobre los 7 a\u00f1os.<\/p>\n<figure id=\"attachment_75892\" aria-describedby=\"caption-attachment-75892\" style=\"width: 530px\" class=\"wp-caption alignleft\"><a href=\"http:\/\/www.eltrabajo.cl\/portal\/pronto-llega-el-regreso-del-chivato-al-teatro-municipal-de-san-felipe\/chivato33\/\" rel=\"attachment wp-att-75892\"><img data-recalc-dims=\"1\" loading=\"lazy\" decoding=\"async\" class=\"size-full wp-image-75892\" src=\"https:\/\/i0.wp.com\/www.eltrabajo.cl\/portal\/wp-content\/uploads\/2016\/12\/Chivato33.jpg?resize=530%2C348\" alt=\"FALTAN POCOS D\u00cdAS.- Este mi\u00e9rcoles 21 de diciembre a las 21:00 horas, se estar\u00e1 presentando en el teatro municipal, \u2018El regreso del Chivato\u2019, un cuentacuentos con visuales interactivas.\" width=\"530\" height=\"348\" srcset=\"https:\/\/i0.wp.com\/eltrabajo.cl\/portal\/wp-content\/uploads\/2016\/12\/Chivato33.jpg?w=530&amp;ssl=1 530w, https:\/\/i0.wp.com\/eltrabajo.cl\/portal\/wp-content\/uploads\/2016\/12\/Chivato33.jpg?resize=200%2C131&amp;ssl=1 200w, https:\/\/i0.wp.com\/eltrabajo.cl\/portal\/wp-content\/uploads\/2016\/12\/Chivato33.jpg?resize=300%2C197&amp;ssl=1 300w, https:\/\/i0.wp.com\/eltrabajo.cl\/portal\/wp-content\/uploads\/2016\/12\/Chivato33.jpg?resize=228%2C150&amp;ssl=1 228w, https:\/\/i0.wp.com\/eltrabajo.cl\/portal\/wp-content\/uploads\/2016\/12\/Chivato33.jpg?resize=400%2C263&amp;ssl=1 400w\" sizes=\"auto, (max-width: 530px) 100vw, 530px\" \/><\/a><figcaption id=\"caption-attachment-75892\" class=\"wp-caption-text\">FALTAN POCOS D\u00cdAS.- Este mi\u00e9rcoles 21 de diciembre a las 21:00 horas, se estar\u00e1 presentando en el teatro municipal, \u2018El regreso del Chivato\u2019, un cuentacuentos con visuales interactivas.<\/figcaption><\/figure>\n","protected":false},"excerpt":{"rendered":"<p>Arte y tecnolog\u00eda el martes 21 de diciembre: Este mi\u00e9rcoles 21 de diciembre a las 21:00 horas se estar\u00e1 presentando en el teatro municipal, \u2018El regreso del Chivato\u2019, un cuentacuentos con visuales&#8230;<\/p>\n","protected":false},"author":1,"featured_media":75892,"comment_status":"open","ping_status":"open","sticky":false,"template":"","format":"standard","meta":{"advanced_seo_description":"","jetpack_seo_html_title":"","jetpack_seo_noindex":false,"_jetpack_memberships_contains_paid_content":false,"footnotes":""},"categories":[20],"tags":[],"class_list":["post-75891","post","type-post","status-publish","format-standard","has-post-thumbnail","hentry","category-arte-y-cultura"],"jetpack_featured_media_url":"https:\/\/i0.wp.com\/eltrabajo.cl\/portal\/wp-content\/uploads\/2016\/12\/Chivato33.jpg?fit=530%2C348&ssl=1","jetpack_sharing_enabled":true,"jetpack_likes_enabled":true,"jetpack-related-posts":[],"_links":{"self":[{"href":"https:\/\/eltrabajo.cl\/portal\/wp-json\/wp\/v2\/posts\/75891","targetHints":{"allow":["GET"]}}],"collection":[{"href":"https:\/\/eltrabajo.cl\/portal\/wp-json\/wp\/v2\/posts"}],"about":[{"href":"https:\/\/eltrabajo.cl\/portal\/wp-json\/wp\/v2\/types\/post"}],"author":[{"embeddable":true,"href":"https:\/\/eltrabajo.cl\/portal\/wp-json\/wp\/v2\/users\/1"}],"replies":[{"embeddable":true,"href":"https:\/\/eltrabajo.cl\/portal\/wp-json\/wp\/v2\/comments?post=75891"}],"version-history":[{"count":0,"href":"https:\/\/eltrabajo.cl\/portal\/wp-json\/wp\/v2\/posts\/75891\/revisions"}],"wp:featuredmedia":[{"embeddable":true,"href":"https:\/\/eltrabajo.cl\/portal\/wp-json\/wp\/v2\/media\/75892"}],"wp:attachment":[{"href":"https:\/\/eltrabajo.cl\/portal\/wp-json\/wp\/v2\/media?parent=75891"}],"wp:term":[{"taxonomy":"category","embeddable":true,"href":"https:\/\/eltrabajo.cl\/portal\/wp-json\/wp\/v2\/categories?post=75891"},{"taxonomy":"post_tag","embeddable":true,"href":"https:\/\/eltrabajo.cl\/portal\/wp-json\/wp\/v2\/tags?post=75891"}],"curies":[{"name":"wp","href":"https:\/\/api.w.org\/{rel}","templated":true}]}}