{"id":75895,"date":"2016-12-14T08:47:55","date_gmt":"2016-12-14T11:47:55","guid":{"rendered":"http:\/\/www.eltrabajo.cl\/portal\/?p=75895"},"modified":"2016-12-14T08:47:55","modified_gmt":"2016-12-14T11:47:55","slug":"con-focus-group-abordan-tematica-de-creacion-de-la-region-de-aconcagua","status":"publish","type":"post","link":"https:\/\/eltrabajo.cl\/portal\/con-focus-group-abordan-tematica-de-creacion-de-la-region-de-aconcagua\/","title":{"rendered":"Con Focus Group abordan tem\u00e1tica de\u00a0creaci\u00f3n de la Regi\u00f3n de Aconcagua"},"content":{"rendered":"<ul>\n<li><strong><span style=\"color: #ff0000;\">Estudio de pre-factibilidad debe ser entregado en el mes de Marzo de 2017:<\/span>\u00a0Proyecto de creaci\u00f3n de la Regi\u00f3n de Aconcagua convoc\u00f3 a distintos actores sociales de la Provincia de San Felipe<\/strong><\/li>\n<\/ul>\n<p>V\u00edctor Leiva Romero, jefe del Departamento de Estudios y Evaluaci\u00f3n de la Subsecretar\u00eda de Desarrollo Regional, Subdere, se refiri\u00f3 al FocusGroup, realizado este martes en el Sal\u00f3n Subterr\u00e1neo de la Municipalidad de San Felipe, el cual, forma parte del Estudio de Factibilidad para la creaci\u00f3n de la Regi\u00f3n de Aconcagua y en el cual participaron distintos representantes de la ciudadan\u00eda.<br \/>\n\u00abLa idea del Gobierno es que la participaci\u00f3n ciudadana es muy importante, nosotros podr\u00edamos hacer una raya y crear una nueva comuna como ocurri\u00f3 hace algunos a\u00f1os, entonces aqu\u00ed la idea es conocer desde el punto de vista de los habitantes de la posible Regi\u00f3n de Aconcagua, por qu\u00e9 ellos creen que podr\u00edan constituirse en una regi\u00f3n distinta, separada de Valpara\u00edso\u00bb, argument\u00f3 el personero del organismo representante del Ministerio del Interior.<br \/>\nDel mismo modo, Leiva calific\u00f3 la actividad y manifest\u00f3 que \u00abesta es una actividad muy importante para el estudio que, nosotros como Subdere, que somos el organismo encargado de asesorar a la Presidencia de la Rep\u00fablica desde el punto de vista t\u00e9cnico, para cualquier modificaci\u00f3n en la Divisi\u00f3n pol\u00edtico-administrativa del Pa\u00eds, esto significa creaci\u00f3n de Comunas, Provincias y Regiones\u00bb, enfatiz\u00f3.<br \/>\n\u00abNosotros solicitamos en los t\u00e9rminos de referencia del estudio, que se hicieran estas consultas ciudadanas, porque es evidente que desde el punto de vista del desarrollo no podr\u00eda hacerse de otra manera, est\u00e1 contemplado realizar tambi\u00e9n algo que se llama paneles de expertos, as\u00ed tenemos la visi\u00f3n de los representantes del territorio y consultamos tambi\u00e9n a especialistas en ordenamiento territorial, urbanismo, econom\u00eda, etc. lo que constituye otro elemento para tener dentro de este estudio de pre-factibilidad de la creaci\u00f3n de la Regi\u00f3n de Aconcagua\u00bb, agreg\u00f3 el representante de la Subdere Valpara\u00edso.<br \/>\nEn t\u00e9rminos de cu\u00e1nto influyen este tipo de instancias y qu\u00e9 relevancia tiene el estudio de factibilidad en la decisi\u00f3n de crear o no finalmente una nueva regi\u00f3n en territorio nacional, Leiva explic\u00f3 que \u00aben el caso de que el estudio t\u00e9cnico, que es el que efectuamos nosotros, fuera positivo y determinara que el territorio que se est\u00e1 proponiendo tiene las condiciones t\u00e9cnicas para ser sustentable como regi\u00f3n, va a ser un elemento importante para la toma de decisi\u00f3n del presidente de la Rep\u00fablica\u00bb, expuso el profesional, arguyendo que la potestad final la tiene actualmente la presidenta Bachelet o posteriormente su sucesor y que, finalmente, la decisi\u00f3n de crear una nueva regi\u00f3n, tambi\u00e9n estar\u00e1 determinada por la situaci\u00f3n econ\u00f3mica por la cual est\u00e9 atravesando el pa\u00eds.<br \/>\nEn la cita, participaron alcaldes de distintas comunas del Valle de Aconcagua, dirigentes de Juntas de Vecinos y representantes de diversas instituciones p\u00fablicas y privadas de la Provincia de San Felipe.<\/p>\n<figure id=\"attachment_75896\" aria-describedby=\"caption-attachment-75896\" style=\"width: 530px\" class=\"wp-caption alignleft\"><a href=\"http:\/\/www.eltrabajo.cl\/portal\/con-focus-group-abordan-tematica-de-creacion-de-la-region-de-aconcagua\/foto-1-victor-leiva-romero\/\" rel=\"attachment wp-att-75896\"><img data-recalc-dims=\"1\" loading=\"lazy\" decoding=\"async\" class=\"size-full wp-image-75896\" src=\"https:\/\/i0.wp.com\/www.eltrabajo.cl\/portal\/wp-content\/uploads\/2016\/12\/FOTO-1-V%C3%ADctor-Leiva-Romero.jpg?resize=530%2C350\" alt=\"V\u00edctor Leiva Romero,  jefe del Departamento de Estudios y Evaluaci\u00f3n de la Subsecretar\u00eda de Desarrollo Regional, Subdere Valpara\u00edso.\" width=\"530\" height=\"350\" srcset=\"https:\/\/i0.wp.com\/eltrabajo.cl\/portal\/wp-content\/uploads\/2016\/12\/FOTO-1-V%C3%ADctor-Leiva-Romero.jpg?w=530&amp;ssl=1 530w, https:\/\/i0.wp.com\/eltrabajo.cl\/portal\/wp-content\/uploads\/2016\/12\/FOTO-1-V%C3%ADctor-Leiva-Romero.jpg?resize=200%2C132&amp;ssl=1 200w, https:\/\/i0.wp.com\/eltrabajo.cl\/portal\/wp-content\/uploads\/2016\/12\/FOTO-1-V%C3%ADctor-Leiva-Romero.jpg?resize=300%2C198&amp;ssl=1 300w, https:\/\/i0.wp.com\/eltrabajo.cl\/portal\/wp-content\/uploads\/2016\/12\/FOTO-1-V%C3%ADctor-Leiva-Romero.jpg?resize=227%2C150&amp;ssl=1 227w, https:\/\/i0.wp.com\/eltrabajo.cl\/portal\/wp-content\/uploads\/2016\/12\/FOTO-1-V%C3%ADctor-Leiva-Romero.jpg?resize=400%2C264&amp;ssl=1 400w\" sizes=\"auto, (max-width: 530px) 100vw, 530px\" \/><\/a><figcaption id=\"caption-attachment-75896\" class=\"wp-caption-text\">V\u00edctor Leiva Romero, jefe del Departamento de Estudios y Evaluaci\u00f3n de la Subsecretar\u00eda de Desarrollo Regional, Subdere Valpara\u00edso.<\/figcaption><\/figure>\n<p>&nbsp;<\/p>\n","protected":false},"excerpt":{"rendered":"<p>Estudio de pre-factibilidad debe ser entregado en el mes de Marzo de 2017:\u00a0Proyecto de creaci\u00f3n de la Regi\u00f3n de Aconcagua convoc\u00f3 a distintos actores sociales de la Provincia de San Felipe V\u00edctor&#8230;<\/p>\n","protected":false},"author":1,"featured_media":75896,"comment_status":"open","ping_status":"open","sticky":false,"template":"","format":"standard","meta":{"advanced_seo_description":"","jetpack_seo_html_title":"","jetpack_seo_noindex":false,"_jetpack_memberships_contains_paid_content":false,"footnotes":""},"categories":[1],"tags":[],"class_list":["post-75895","post","type-post","status-publish","format-standard","has-post-thumbnail","hentry","category-cronica"],"jetpack_featured_media_url":"https:\/\/i0.wp.com\/eltrabajo.cl\/portal\/wp-content\/uploads\/2016\/12\/FOTO-1-V%C3%ADctor-Leiva-Romero.jpg?fit=530%2C350&ssl=1","jetpack_sharing_enabled":true,"jetpack_likes_enabled":true,"jetpack-related-posts":[],"_links":{"self":[{"href":"https:\/\/eltrabajo.cl\/portal\/wp-json\/wp\/v2\/posts\/75895","targetHints":{"allow":["GET"]}}],"collection":[{"href":"https:\/\/eltrabajo.cl\/portal\/wp-json\/wp\/v2\/posts"}],"about":[{"href":"https:\/\/eltrabajo.cl\/portal\/wp-json\/wp\/v2\/types\/post"}],"author":[{"embeddable":true,"href":"https:\/\/eltrabajo.cl\/portal\/wp-json\/wp\/v2\/users\/1"}],"replies":[{"embeddable":true,"href":"https:\/\/eltrabajo.cl\/portal\/wp-json\/wp\/v2\/comments?post=75895"}],"version-history":[{"count":0,"href":"https:\/\/eltrabajo.cl\/portal\/wp-json\/wp\/v2\/posts\/75895\/revisions"}],"wp:featuredmedia":[{"embeddable":true,"href":"https:\/\/eltrabajo.cl\/portal\/wp-json\/wp\/v2\/media\/75896"}],"wp:attachment":[{"href":"https:\/\/eltrabajo.cl\/portal\/wp-json\/wp\/v2\/media?parent=75895"}],"wp:term":[{"taxonomy":"category","embeddable":true,"href":"https:\/\/eltrabajo.cl\/portal\/wp-json\/wp\/v2\/categories?post=75895"},{"taxonomy":"post_tag","embeddable":true,"href":"https:\/\/eltrabajo.cl\/portal\/wp-json\/wp\/v2\/tags?post=75895"}],"curies":[{"name":"wp","href":"https:\/\/api.w.org\/{rel}","templated":true}]}}