{"id":75899,"date":"2016-12-14T09:02:45","date_gmt":"2016-12-14T12:02:45","guid":{"rendered":"http:\/\/www.eltrabajo.cl\/portal\/?p=75899"},"modified":"2016-12-14T09:02:45","modified_gmt":"2016-12-14T12:02:45","slug":"con-fiesta-ranchera-el-charro-sagredo-celebra-15-anos-de-programa-radial","status":"publish","type":"post","link":"https:\/\/eltrabajo.cl\/portal\/con-fiesta-ranchera-el-charro-sagredo-celebra-15-anos-de-programa-radial\/","title":{"rendered":"Con fiesta ranchera el \u2018Charro\u2019 Sagredo celebra 15 a\u00f1os de programa radial"},"content":{"rendered":"<ul>\n<li><strong>Este domingo en la Plaza C\u00edvica:<\/strong><\/li>\n<\/ul>\n<p>Luego que Nelson \u2018Papudano\u2019 Sagredo lograra sobreponerse a la leucemia mieloide cr\u00f3nica (LMC) que se le declar\u00f3 y que lo tuvo hospitalizado por varias semanas durante septiembre y octubre de 2013, hoy, a tres a\u00f1os despu\u00e9s, \u00e9l anunci\u00f3 a Diario El Trabajo que este domingo estar\u00e1 celebrando dos importantes aniversarios: los 30 a\u00f1os que cumple de ser locutor, y los 15 a\u00f1os de su programa radial Latido Ranchero, que se transmite por Radio Carnaval.<br \/>\n\u00abEsta fiesta ranchera de aniversario se realizar\u00e1 en la Plaza C\u00edvica este domingo a las 19:00 horas, ser\u00e1 un encuentro ranchero de primer nivel, los mejores artistas de m\u00fasica mexicana como Charro El Real, La Morenita del Valle; El Cuyano y otros m\u00e1s\u00bb, dijo Sagredo a Diario El Trabajo.<\/p>\n<p><strong>S\u00d3LIDO REFERENTE<\/strong><br \/>\nNelson figura en nuestro valle como el principal promotor de la m\u00fasica ranchera, \u00e9l ha \u2018bautizado\u2019 a decenas de artistas locales, impuls\u00e1ndolos tambi\u00e9n para que cumplan sus sue\u00f1os personales a nivel art\u00edstico por medio de sus programas en televisi\u00f3n y radio.<br \/>\n\u00abEste domingo ofreceremos a los presentes m\u00fasica \u2018enlatada\u2019 y tambi\u00e9n grandes \u00e9xitos en vivo, la idea es que toda la familia sanfelipe\u00f1a disfruten de este gran festival ranchero preparado para ella\u00bb, agreg\u00f3 el artista.<br \/>\nSobre el tema de su enfermedad, Nelson Sagredo inform\u00f3 que \u00abyo sigo teniendo leucemia, lo que pasa es que esta enfermedad ya est\u00e1 controlada; mis gl\u00f3bulos blancos y rojos ya est\u00e1n parejos; mis defensas est\u00e1n subiendo y las plaquetas tampoco han disminuido, inclusive aunque yo me llegara a resfriar, podr\u00eda tomar eventualmente antibi\u00f3ticos, pr\u00e1cticamente estoy viviendo una segunda oportunidad y vivo con relativa normalidad gracias a un estricto tratamiento al que me someto\u00bb.<br \/>\n<strong>Roberto Gonz\u00e1lez Short<\/strong><\/p>\n<figure id=\"attachment_75900\" aria-describedby=\"caption-attachment-75900\" style=\"width: 530px\" class=\"wp-caption alignleft\"><a href=\"http:\/\/www.eltrabajo.cl\/portal\/con-fiesta-ranchera-el-charro-sagredo-celebra-15-anos-de-programa-radial\/charro-sagredo\/\" rel=\"attachment wp-att-75900\"><img data-recalc-dims=\"1\" loading=\"lazy\" decoding=\"async\" class=\"size-full wp-image-75900\" src=\"https:\/\/i0.wp.com\/www.eltrabajo.cl\/portal\/wp-content\/uploads\/2016\/12\/Charro-Sagredo.jpg?resize=530%2C348\" alt=\"Nelson \u2018Papudano\u2019 Sagredo, ofrecer\u00e1 una fiesta de aniversario este domingo a las 19:00 horas en la Plaza C\u00edvica.\" width=\"530\" height=\"348\" srcset=\"https:\/\/i0.wp.com\/eltrabajo.cl\/portal\/wp-content\/uploads\/2016\/12\/Charro-Sagredo.jpg?w=530&amp;ssl=1 530w, https:\/\/i0.wp.com\/eltrabajo.cl\/portal\/wp-content\/uploads\/2016\/12\/Charro-Sagredo.jpg?resize=200%2C131&amp;ssl=1 200w, https:\/\/i0.wp.com\/eltrabajo.cl\/portal\/wp-content\/uploads\/2016\/12\/Charro-Sagredo.jpg?resize=300%2C197&amp;ssl=1 300w, https:\/\/i0.wp.com\/eltrabajo.cl\/portal\/wp-content\/uploads\/2016\/12\/Charro-Sagredo.jpg?resize=228%2C150&amp;ssl=1 228w, https:\/\/i0.wp.com\/eltrabajo.cl\/portal\/wp-content\/uploads\/2016\/12\/Charro-Sagredo.jpg?resize=400%2C263&amp;ssl=1 400w\" sizes=\"auto, (max-width: 530px) 100vw, 530px\" \/><\/a><figcaption id=\"caption-attachment-75900\" class=\"wp-caption-text\">Nelson \u2018Papudano\u2019 Sagredo, ofrecer\u00e1 una fiesta de aniversario este domingo a las 19:00 horas en la Plaza C\u00edvica.<\/figcaption><\/figure>\n","protected":false},"excerpt":{"rendered":"<p>Este domingo en la Plaza C\u00edvica: Luego que Nelson \u2018Papudano\u2019 Sagredo lograra sobreponerse a la leucemia mieloide cr\u00f3nica (LMC) que se le declar\u00f3 y que lo tuvo hospitalizado por varias semanas durante&#8230;<\/p>\n","protected":false},"author":1,"featured_media":75900,"comment_status":"open","ping_status":"open","sticky":false,"template":"","format":"standard","meta":{"advanced_seo_description":"","jetpack_seo_html_title":"","jetpack_seo_noindex":false,"_jetpack_memberships_contains_paid_content":false,"footnotes":""},"categories":[15],"tags":[],"class_list":["post-75899","post","type-post","status-publish","format-standard","has-post-thumbnail","hentry","category-comunidad"],"jetpack_featured_media_url":"https:\/\/i0.wp.com\/eltrabajo.cl\/portal\/wp-content\/uploads\/2016\/12\/Charro-Sagredo.jpg?fit=530%2C348&ssl=1","jetpack_sharing_enabled":true,"jetpack_likes_enabled":true,"jetpack-related-posts":[],"_links":{"self":[{"href":"https:\/\/eltrabajo.cl\/portal\/wp-json\/wp\/v2\/posts\/75899","targetHints":{"allow":["GET"]}}],"collection":[{"href":"https:\/\/eltrabajo.cl\/portal\/wp-json\/wp\/v2\/posts"}],"about":[{"href":"https:\/\/eltrabajo.cl\/portal\/wp-json\/wp\/v2\/types\/post"}],"author":[{"embeddable":true,"href":"https:\/\/eltrabajo.cl\/portal\/wp-json\/wp\/v2\/users\/1"}],"replies":[{"embeddable":true,"href":"https:\/\/eltrabajo.cl\/portal\/wp-json\/wp\/v2\/comments?post=75899"}],"version-history":[{"count":0,"href":"https:\/\/eltrabajo.cl\/portal\/wp-json\/wp\/v2\/posts\/75899\/revisions"}],"wp:featuredmedia":[{"embeddable":true,"href":"https:\/\/eltrabajo.cl\/portal\/wp-json\/wp\/v2\/media\/75900"}],"wp:attachment":[{"href":"https:\/\/eltrabajo.cl\/portal\/wp-json\/wp\/v2\/media?parent=75899"}],"wp:term":[{"taxonomy":"category","embeddable":true,"href":"https:\/\/eltrabajo.cl\/portal\/wp-json\/wp\/v2\/categories?post=75899"},{"taxonomy":"post_tag","embeddable":true,"href":"https:\/\/eltrabajo.cl\/portal\/wp-json\/wp\/v2\/tags?post=75899"}],"curies":[{"name":"wp","href":"https:\/\/api.w.org\/{rel}","templated":true}]}}