{"id":75917,"date":"2016-12-15T09:10:51","date_gmt":"2016-12-15T12:10:51","guid":{"rendered":"http:\/\/www.eltrabajo.cl\/portal\/?p=75917"},"modified":"2016-12-15T09:10:51","modified_gmt":"2016-12-15T12:10:51","slug":"realizan-espectacular-primer-festival-de-la-voz-sanfest-2016","status":"publish","type":"post","link":"https:\/\/eltrabajo.cl\/portal\/realizan-espectacular-primer-festival-de-la-voz-sanfest-2016\/","title":{"rendered":"Realizan espectacular primer Festival de la Voz Sanfest 2016"},"content":{"rendered":"<p>Una multitudinaria cascada de aplausos, es la que se escuch\u00f3 en el teatro del Liceo Roberto Humeres, durante el desarrollo del primer Festival de la Voz Sanfest 2016, concurso art\u00edstico desarrollado por el taller de canto de la Escuela Jos\u00e9 de San Mart\u00edn. En esta jornada participaron ni\u00f1os de Educaci\u00f3n B\u00e1sica y Media, de distintos colegios del pa\u00eds. Es importante rescatar que para todas las interpretaciones musicales se cont\u00f3 con el brillante trabajo del Taller de Danza de la Escuela Jos\u00e9 de San Mart\u00edn.<\/p>\n<p><strong>PRIMERA VERSI\u00d3N<\/strong><br \/>\nVarias empresas patrocinaron la premiaci\u00f3n, aportando guitarras, dispositivos electr\u00f3nicos y hasta un trofeo principal a cada ganador, el que estaba representado por una miniatura de un cantante, presentado en una mediana urna de madera y cristal.<br \/>\n\u00abEducar no es s\u00f3lo impartir materias acad\u00e9micas, matem\u00e1ticas y lenguaje, tambi\u00e9n lo es el promocionar los talentos y fortalezas art\u00edsticas de nuestros estudiantes, por eso estamos hoy iniciando con este festival, sabemos que tendremos que mejorar mucho, pero s\u00f3lo as\u00ed lograremos una educaci\u00f3n integral y participativa para nuestros ni\u00f1os y j\u00f3venes\u00bb, coment\u00f3 la directora de la Escuela Jos\u00e9 de San Mart\u00edn, Ximena Baquedano.<br \/>\nFinalmente los ganadores resultaron ser en la categor\u00eda B\u00e1sica: Celeste Pulgar; en la categor\u00eda Media: Franco Cossio, quien tuvo que emplearse a fondo para superar a sus contrincantes, quienes de manera excelente hicieron vibrar al p\u00fablico con sus canciones.<\/p>\n<p><strong>EL GRAN JURADO<\/strong><br \/>\nEl Jurado Calificador estuvo conformado por la ganadora del programa de TV The Voice 2016, la joven Javiera Flores, as\u00ed como por los cantantes Carolina Rosinelli, Roberto Adasme y Angie Jorquera, quienes calificaron interpretaci\u00f3n, dominio esc\u00e9nico, afinaci\u00f3n, vestuario y otros aspectos propios de esta clase de competencias.<\/p>\n<figure id=\"attachment_75918\" aria-describedby=\"caption-attachment-75918\" style=\"width: 530px\" class=\"wp-caption alignleft\"><a href=\"http:\/\/www.eltrabajo.cl\/portal\/realizan-espectacular-primer-festival-de-la-voz-sanfest-2016\/ximena-baquedano-4\/\" rel=\"attachment wp-att-75918\"><img data-recalc-dims=\"1\" loading=\"lazy\" decoding=\"async\" class=\"size-full wp-image-75918\" src=\"https:\/\/i0.wp.com\/www.eltrabajo.cl\/portal\/wp-content\/uploads\/2016\/12\/Ximena-Baquedano.jpg?resize=530%2C348\" alt=\"Directora de la Escuela Jos\u00e9 de San Mart\u00edn, Ximena Baquedano.                 \" width=\"530\" height=\"348\" srcset=\"https:\/\/i0.wp.com\/eltrabajo.cl\/portal\/wp-content\/uploads\/2016\/12\/Ximena-Baquedano.jpg?w=530&amp;ssl=1 530w, https:\/\/i0.wp.com\/eltrabajo.cl\/portal\/wp-content\/uploads\/2016\/12\/Ximena-Baquedano.jpg?resize=200%2C131&amp;ssl=1 200w, https:\/\/i0.wp.com\/eltrabajo.cl\/portal\/wp-content\/uploads\/2016\/12\/Ximena-Baquedano.jpg?resize=300%2C197&amp;ssl=1 300w, https:\/\/i0.wp.com\/eltrabajo.cl\/portal\/wp-content\/uploads\/2016\/12\/Ximena-Baquedano.jpg?resize=228%2C150&amp;ssl=1 228w, https:\/\/i0.wp.com\/eltrabajo.cl\/portal\/wp-content\/uploads\/2016\/12\/Ximena-Baquedano.jpg?resize=400%2C263&amp;ssl=1 400w\" sizes=\"auto, (max-width: 530px) 100vw, 530px\" \/><\/a><figcaption id=\"caption-attachment-75918\" class=\"wp-caption-text\">Directora de la Escuela Jos\u00e9 de San Mart\u00edn, Ximena Baquedano.<\/figcaption><\/figure>\n<figure id=\"attachment_75919\" aria-describedby=\"caption-attachment-75919\" style=\"width: 530px\" class=\"wp-caption alignleft\"><a href=\"http:\/\/www.eltrabajo.cl\/portal\/realizan-espectacular-primer-festival-de-la-voz-sanfest-2016\/celeste-pulgar\/\" rel=\"attachment wp-att-75919\"><img data-recalc-dims=\"1\" loading=\"lazy\" decoding=\"async\" class=\"size-full wp-image-75919\" src=\"https:\/\/i0.wp.com\/www.eltrabajo.cl\/portal\/wp-content\/uploads\/2016\/12\/Celeste-Pulgar.jpg?resize=530%2C348\" alt=\"SIEMPRE CELESTE.- Celeste Pulgar, ganadora del festival en la categor\u00eda B\u00e1sica.\" width=\"530\" height=\"348\" srcset=\"https:\/\/i0.wp.com\/eltrabajo.cl\/portal\/wp-content\/uploads\/2016\/12\/Celeste-Pulgar.jpg?w=530&amp;ssl=1 530w, https:\/\/i0.wp.com\/eltrabajo.cl\/portal\/wp-content\/uploads\/2016\/12\/Celeste-Pulgar.jpg?resize=200%2C131&amp;ssl=1 200w, https:\/\/i0.wp.com\/eltrabajo.cl\/portal\/wp-content\/uploads\/2016\/12\/Celeste-Pulgar.jpg?resize=300%2C197&amp;ssl=1 300w, https:\/\/i0.wp.com\/eltrabajo.cl\/portal\/wp-content\/uploads\/2016\/12\/Celeste-Pulgar.jpg?resize=228%2C150&amp;ssl=1 228w, https:\/\/i0.wp.com\/eltrabajo.cl\/portal\/wp-content\/uploads\/2016\/12\/Celeste-Pulgar.jpg?resize=400%2C263&amp;ssl=1 400w\" sizes=\"auto, (max-width: 530px) 100vw, 530px\" \/><\/a><figcaption id=\"caption-attachment-75919\" class=\"wp-caption-text\">SIEMPRE CELESTE.- Celeste Pulgar, ganadora del festival en la categor\u00eda B\u00e1sica.<\/figcaption><\/figure>\n<figure id=\"attachment_75920\" aria-describedby=\"caption-attachment-75920\" style=\"width: 530px\" class=\"wp-caption alignleft\"><a href=\"http:\/\/www.eltrabajo.cl\/portal\/realizan-espectacular-primer-festival-de-la-voz-sanfest-2016\/franco-cossio\/\" rel=\"attachment wp-att-75920\"><img data-recalc-dims=\"1\" loading=\"lazy\" decoding=\"async\" class=\"size-full wp-image-75920\" src=\"https:\/\/i0.wp.com\/www.eltrabajo.cl\/portal\/wp-content\/uploads\/2016\/12\/Franco-Cossio.jpg?resize=530%2C349\" alt=\"JOVEN GANADOR.- Franco Cossio, gan\u00f3 el festival en la categor\u00eda Media, aunque le cost\u00f3 bastante vencer a sus rivales del concurso.\" width=\"530\" height=\"349\" srcset=\"https:\/\/i0.wp.com\/eltrabajo.cl\/portal\/wp-content\/uploads\/2016\/12\/Franco-Cossio.jpg?w=530&amp;ssl=1 530w, https:\/\/i0.wp.com\/eltrabajo.cl\/portal\/wp-content\/uploads\/2016\/12\/Franco-Cossio.jpg?resize=200%2C132&amp;ssl=1 200w, https:\/\/i0.wp.com\/eltrabajo.cl\/portal\/wp-content\/uploads\/2016\/12\/Franco-Cossio.jpg?resize=300%2C198&amp;ssl=1 300w, https:\/\/i0.wp.com\/eltrabajo.cl\/portal\/wp-content\/uploads\/2016\/12\/Franco-Cossio.jpg?resize=228%2C150&amp;ssl=1 228w, https:\/\/i0.wp.com\/eltrabajo.cl\/portal\/wp-content\/uploads\/2016\/12\/Franco-Cossio.jpg?resize=400%2C263&amp;ssl=1 400w\" sizes=\"auto, (max-width: 530px) 100vw, 530px\" \/><\/a><figcaption id=\"caption-attachment-75920\" class=\"wp-caption-text\">JOVEN GANADOR.- Franco Cossio, gan\u00f3 el festival en la categor\u00eda Media, aunque le cost\u00f3 bastante vencer a sus rivales del concurso.<\/figcaption><\/figure>\n<figure id=\"attachment_75921\" aria-describedby=\"caption-attachment-75921\" style=\"width: 530px\" class=\"wp-caption alignleft\"><a href=\"http:\/\/www.eltrabajo.cl\/portal\/realizan-espectacular-primer-festival-de-la-voz-sanfest-2016\/jurado33\/\" rel=\"attachment wp-att-75921\"><img data-recalc-dims=\"1\" loading=\"lazy\" decoding=\"async\" class=\"size-full wp-image-75921\" src=\"https:\/\/i0.wp.com\/www.eltrabajo.cl\/portal\/wp-content\/uploads\/2016\/12\/Jurado33.jpg?resize=530%2C349\" alt=\"JURADO DE LUJO.- Ellos son la ganadora del programa de TV The Voice 2016, la joven Javiera Flores, as\u00ed como por los cantantes Carolina Rosinelli, Roberto Adasme y Angie Jorquera.\" width=\"530\" height=\"349\" srcset=\"https:\/\/i0.wp.com\/eltrabajo.cl\/portal\/wp-content\/uploads\/2016\/12\/Jurado33.jpg?w=530&amp;ssl=1 530w, https:\/\/i0.wp.com\/eltrabajo.cl\/portal\/wp-content\/uploads\/2016\/12\/Jurado33.jpg?resize=200%2C132&amp;ssl=1 200w, https:\/\/i0.wp.com\/eltrabajo.cl\/portal\/wp-content\/uploads\/2016\/12\/Jurado33.jpg?resize=300%2C198&amp;ssl=1 300w, https:\/\/i0.wp.com\/eltrabajo.cl\/portal\/wp-content\/uploads\/2016\/12\/Jurado33.jpg?resize=228%2C150&amp;ssl=1 228w, https:\/\/i0.wp.com\/eltrabajo.cl\/portal\/wp-content\/uploads\/2016\/12\/Jurado33.jpg?resize=400%2C263&amp;ssl=1 400w\" sizes=\"auto, (max-width: 530px) 100vw, 530px\" \/><\/a><figcaption id=\"caption-attachment-75921\" class=\"wp-caption-text\">JURADO DE LUJO.- Ellos son la ganadora del programa de TV The Voice 2016, la joven Javiera Flores, as\u00ed como por los cantantes Carolina Rosinelli, Roberto Adasme y Angie Jorquera.<\/figcaption><\/figure>\n<figure id=\"attachment_75922\" aria-describedby=\"caption-attachment-75922\" style=\"width: 530px\" class=\"wp-caption alignleft\"><a href=\"http:\/\/www.eltrabajo.cl\/portal\/realizan-espectacular-primer-festival-de-la-voz-sanfest-2016\/publico1-16\/\" rel=\"attachment wp-att-75922\"><img data-recalc-dims=\"1\" loading=\"lazy\" decoding=\"async\" class=\"size-full wp-image-75922\" src=\"https:\/\/i0.wp.com\/www.eltrabajo.cl\/portal\/wp-content\/uploads\/2016\/12\/Publico1.jpg?resize=530%2C350\" alt=\"LOCURA TOTAL.- El p\u00fablico apoy\u00f3 con alegr\u00eda a sus cantantes favoritos. El ambiente era electrizante.\" width=\"530\" height=\"350\" srcset=\"https:\/\/i0.wp.com\/eltrabajo.cl\/portal\/wp-content\/uploads\/2016\/12\/Publico1.jpg?w=530&amp;ssl=1 530w, https:\/\/i0.wp.com\/eltrabajo.cl\/portal\/wp-content\/uploads\/2016\/12\/Publico1.jpg?resize=200%2C132&amp;ssl=1 200w, https:\/\/i0.wp.com\/eltrabajo.cl\/portal\/wp-content\/uploads\/2016\/12\/Publico1.jpg?resize=300%2C198&amp;ssl=1 300w, https:\/\/i0.wp.com\/eltrabajo.cl\/portal\/wp-content\/uploads\/2016\/12\/Publico1.jpg?resize=227%2C150&amp;ssl=1 227w, https:\/\/i0.wp.com\/eltrabajo.cl\/portal\/wp-content\/uploads\/2016\/12\/Publico1.jpg?resize=400%2C264&amp;ssl=1 400w\" sizes=\"auto, (max-width: 530px) 100vw, 530px\" \/><\/a><figcaption id=\"caption-attachment-75922\" class=\"wp-caption-text\">LOCURA TOTAL.- El p\u00fablico apoy\u00f3 con alegr\u00eda a sus cantantes favoritos. El ambiente era electrizante.<\/figcaption><\/figure>\n<figure id=\"attachment_75923\" aria-describedby=\"caption-attachment-75923\" style=\"width: 530px\" class=\"wp-caption alignleft\"><a href=\"http:\/\/www.eltrabajo.cl\/portal\/realizan-espectacular-primer-festival-de-la-voz-sanfest-2016\/todos33-2\/\" rel=\"attachment wp-att-75923\"><img data-recalc-dims=\"1\" loading=\"lazy\" decoding=\"async\" class=\"size-full wp-image-75923\" src=\"https:\/\/i0.wp.com\/www.eltrabajo.cl\/portal\/wp-content\/uploads\/2016\/12\/Todos33.jpg?resize=530%2C350\" alt=\"J\u00d3VENES TALENTOS.- Aqu\u00ed tenemos a los participantes de B\u00e1sica, quienes sorprendieron a muchos con su brillante actuaci\u00f3n.\" width=\"530\" height=\"350\" srcset=\"https:\/\/i0.wp.com\/eltrabajo.cl\/portal\/wp-content\/uploads\/2016\/12\/Todos33.jpg?w=530&amp;ssl=1 530w, https:\/\/i0.wp.com\/eltrabajo.cl\/portal\/wp-content\/uploads\/2016\/12\/Todos33.jpg?resize=200%2C132&amp;ssl=1 200w, https:\/\/i0.wp.com\/eltrabajo.cl\/portal\/wp-content\/uploads\/2016\/12\/Todos33.jpg?resize=300%2C198&amp;ssl=1 300w, https:\/\/i0.wp.com\/eltrabajo.cl\/portal\/wp-content\/uploads\/2016\/12\/Todos33.jpg?resize=227%2C150&amp;ssl=1 227w, https:\/\/i0.wp.com\/eltrabajo.cl\/portal\/wp-content\/uploads\/2016\/12\/Todos33.jpg?resize=400%2C264&amp;ssl=1 400w\" sizes=\"auto, (max-width: 530px) 100vw, 530px\" \/><\/a><figcaption id=\"caption-attachment-75923\" class=\"wp-caption-text\">J\u00d3VENES TALENTOS.- Aqu\u00ed tenemos a los participantes de B\u00e1sica, quienes sorprendieron a muchos con su brillante actuaci\u00f3n.<\/figcaption><\/figure>\n","protected":false},"excerpt":{"rendered":"<p>Una multitudinaria cascada de aplausos, es la que se escuch\u00f3 en el teatro del Liceo Roberto Humeres, durante el desarrollo del primer Festival de la Voz Sanfest 2016, concurso art\u00edstico desarrollado por&#8230;<\/p>\n","protected":false},"author":1,"featured_media":75923,"comment_status":"open","ping_status":"open","sticky":false,"template":"","format":"standard","meta":{"advanced_seo_description":"","jetpack_seo_html_title":"","jetpack_seo_noindex":false,"_jetpack_memberships_contains_paid_content":false,"footnotes":""},"categories":[15],"tags":[],"class_list":["post-75917","post","type-post","status-publish","format-standard","has-post-thumbnail","hentry","category-comunidad"],"jetpack_featured_media_url":"https:\/\/i0.wp.com\/eltrabajo.cl\/portal\/wp-content\/uploads\/2016\/12\/Todos33.jpg?fit=530%2C350&ssl=1","jetpack_sharing_enabled":true,"jetpack_likes_enabled":true,"jetpack-related-posts":[],"_links":{"self":[{"href":"https:\/\/eltrabajo.cl\/portal\/wp-json\/wp\/v2\/posts\/75917","targetHints":{"allow":["GET"]}}],"collection":[{"href":"https:\/\/eltrabajo.cl\/portal\/wp-json\/wp\/v2\/posts"}],"about":[{"href":"https:\/\/eltrabajo.cl\/portal\/wp-json\/wp\/v2\/types\/post"}],"author":[{"embeddable":true,"href":"https:\/\/eltrabajo.cl\/portal\/wp-json\/wp\/v2\/users\/1"}],"replies":[{"embeddable":true,"href":"https:\/\/eltrabajo.cl\/portal\/wp-json\/wp\/v2\/comments?post=75917"}],"version-history":[{"count":0,"href":"https:\/\/eltrabajo.cl\/portal\/wp-json\/wp\/v2\/posts\/75917\/revisions"}],"wp:featuredmedia":[{"embeddable":true,"href":"https:\/\/eltrabajo.cl\/portal\/wp-json\/wp\/v2\/media\/75923"}],"wp:attachment":[{"href":"https:\/\/eltrabajo.cl\/portal\/wp-json\/wp\/v2\/media?parent=75917"}],"wp:term":[{"taxonomy":"category","embeddable":true,"href":"https:\/\/eltrabajo.cl\/portal\/wp-json\/wp\/v2\/categories?post=75917"},{"taxonomy":"post_tag","embeddable":true,"href":"https:\/\/eltrabajo.cl\/portal\/wp-json\/wp\/v2\/tags?post=75917"}],"curies":[{"name":"wp","href":"https:\/\/api.w.org\/{rel}","templated":true}]}}