{"id":75926,"date":"2016-12-15T09:12:43","date_gmt":"2016-12-15T12:12:43","guid":{"rendered":"http:\/\/www.eltrabajo.cl\/portal\/?p=75926"},"modified":"2016-12-15T09:12:43","modified_gmt":"2016-12-15T12:12:43","slug":"joven-emprendedor-creo-la-primera-agenda-aconcagua-2017","status":"publish","type":"post","link":"https:\/\/eltrabajo.cl\/portal\/joven-emprendedor-creo-la-primera-agenda-aconcagua-2017\/","title":{"rendered":"Joven emprendedor cre\u00f3 la primera Agenda Aconcagua 2017"},"content":{"rendered":"<ul>\n<li><strong>Se autofinancia, hace trabajos en serigraf\u00eda y edici\u00f3n de libros:<\/strong><\/li>\n<\/ul>\n<p>Un ingenioso sanfelipe\u00f1o, tuvo la idea en 2015 de dise\u00f1ar y fabricar la primera Agenda Aconcagua, un proyecto personal, que para este a\u00f1o 2017, ya est\u00e1 en boca de todos, pues el dise\u00f1o y los contenidos son completamente originales, ya que en cada una de las 88 p\u00e1ginas vienen datos importantes, culturales, hist\u00f3ricos y anecd\u00f3ticos de nuestro Valle.<br \/>\nSe trata de Nelson Ba\u00f1ados Lara, quien de manera autodidacta ha aprendido el oficio de la serigraf\u00eda y edici\u00f3n de libros, revistas y encuadernaci\u00f3n.<\/p>\n<p><strong>JOVEN EMPRENDEDOR<\/strong><br \/>\n\u00abYo me autofinancio. Las agendas que estoy ofreciendo en Aconcagua son \u00fanicas, pues aparte del espacio para hacer los correspondientes durante el a\u00f1o en esta agenda, en cada p\u00e1gina incluyo datos interesantes como la altura de los cerros de nuestro Valle; datos hist\u00f3ricos de nuestras comunas; curiosidades como la fecha del primer sepultado en cementerios del Valle; cantidad de abogados y enfermeras que hab\u00edan en determinados a\u00f1os, as\u00ed como trinacrios (sello identitario de la cultura Aconcagua) en muchas p\u00e1ginas de la agenda. Todas las agendas de 2016 se vendieron muy r\u00e1pido, espero que ahora estas de 2017 tambi\u00e9n se terminen pronto\u00bb, explic\u00f3 a Diario El Trabajo el emprendedor editor.<\/p>\n<p><strong>QUEDAN POCAS<\/strong><br \/>\nLos datos recopilados que est\u00e1n en esta agenda, no est\u00e1n en Internet, el creador pas\u00f3 meses investigando y buscando en bibliotecas de la comuna para poder documentarse en diarios de la \u00e9poca. Los interesados en publicar libros y trabajos de serigraf\u00eda, pueden llamar a este joven tambi\u00e9n para adquirir su Agenda Aconcagua 2017 al 993039245.<\/p>\n<figure id=\"attachment_75927\" aria-describedby=\"caption-attachment-75927\" style=\"width: 530px\" class=\"wp-caption alignleft\"><a href=\"http:\/\/www.eltrabajo.cl\/portal\/joven-emprendedor-creo-la-primera-agenda-aconcagua-2017\/detalles33\/\" rel=\"attachment wp-att-75927\"><img data-recalc-dims=\"1\" loading=\"lazy\" decoding=\"async\" class=\"size-full wp-image-75927\" src=\"https:\/\/i0.wp.com\/www.eltrabajo.cl\/portal\/wp-content\/uploads\/2016\/12\/Detalles33.jpg?resize=530%2C348\" alt=\"DETALLES VALIOSOS.- En esta p\u00e1gina por ejemplo, se informa de la cantidad de abogados, carnicer\u00edas y profesores de piano exist\u00edan en el a\u00f1o 1873 en nuestra ciudad.\" width=\"530\" height=\"348\" srcset=\"https:\/\/i0.wp.com\/eltrabajo.cl\/portal\/wp-content\/uploads\/2016\/12\/Detalles33.jpg?w=530&amp;ssl=1 530w, https:\/\/i0.wp.com\/eltrabajo.cl\/portal\/wp-content\/uploads\/2016\/12\/Detalles33.jpg?resize=200%2C131&amp;ssl=1 200w, https:\/\/i0.wp.com\/eltrabajo.cl\/portal\/wp-content\/uploads\/2016\/12\/Detalles33.jpg?resize=300%2C197&amp;ssl=1 300w, https:\/\/i0.wp.com\/eltrabajo.cl\/portal\/wp-content\/uploads\/2016\/12\/Detalles33.jpg?resize=228%2C150&amp;ssl=1 228w, https:\/\/i0.wp.com\/eltrabajo.cl\/portal\/wp-content\/uploads\/2016\/12\/Detalles33.jpg?resize=400%2C263&amp;ssl=1 400w\" sizes=\"auto, (max-width: 530px) 100vw, 530px\" \/><\/a><figcaption id=\"caption-attachment-75927\" class=\"wp-caption-text\">DETALLES VALIOSOS.- En esta p\u00e1gina por ejemplo, se informa de la cantidad de abogados, carnicer\u00edas y profesores de piano exist\u00edan en el a\u00f1o 1873 en nuestra ciudad.<\/figcaption><\/figure>\n<figure id=\"attachment_75928\" aria-describedby=\"caption-attachment-75928\" style=\"width: 530px\" class=\"wp-caption alignleft\"><a href=\"http:\/\/www.eltrabajo.cl\/portal\/joven-emprendedor-creo-la-primera-agenda-aconcagua-2017\/nelson-banados\/\" rel=\"attachment wp-att-75928\"><img data-recalc-dims=\"1\" loading=\"lazy\" decoding=\"async\" class=\"size-full wp-image-75928\" src=\"https:\/\/i0.wp.com\/www.eltrabajo.cl\/portal\/wp-content\/uploads\/2016\/12\/Nelson-Banados.jpg?resize=530%2C349\" alt=\"IDEA ORIGINAL.- Nelson Ba\u00f1ados, sanfelipe\u00f1o que dise\u00f1\u00f3 y cre\u00f3 la primera Agenda Aconcagua 2017.\" width=\"530\" height=\"349\" srcset=\"https:\/\/i0.wp.com\/eltrabajo.cl\/portal\/wp-content\/uploads\/2016\/12\/Nelson-Banados.jpg?w=530&amp;ssl=1 530w, https:\/\/i0.wp.com\/eltrabajo.cl\/portal\/wp-content\/uploads\/2016\/12\/Nelson-Banados.jpg?resize=200%2C132&amp;ssl=1 200w, https:\/\/i0.wp.com\/eltrabajo.cl\/portal\/wp-content\/uploads\/2016\/12\/Nelson-Banados.jpg?resize=300%2C198&amp;ssl=1 300w, https:\/\/i0.wp.com\/eltrabajo.cl\/portal\/wp-content\/uploads\/2016\/12\/Nelson-Banados.jpg?resize=228%2C150&amp;ssl=1 228w, https:\/\/i0.wp.com\/eltrabajo.cl\/portal\/wp-content\/uploads\/2016\/12\/Nelson-Banados.jpg?resize=400%2C263&amp;ssl=1 400w\" sizes=\"auto, (max-width: 530px) 100vw, 530px\" \/><\/a><figcaption id=\"caption-attachment-75928\" class=\"wp-caption-text\">IDEA ORIGINAL.- Nelson Ba\u00f1ados, sanfelipe\u00f1o que dise\u00f1\u00f3 y cre\u00f3 la primera Agenda Aconcagua 2017.<\/figcaption><\/figure>\n","protected":false},"excerpt":{"rendered":"<p>Se autofinancia, hace trabajos en serigraf\u00eda y edici\u00f3n de libros: Un ingenioso sanfelipe\u00f1o, tuvo la idea en 2015 de dise\u00f1ar y fabricar la primera Agenda Aconcagua, un proyecto personal, que para este&#8230;<\/p>\n","protected":false},"author":1,"featured_media":75928,"comment_status":"open","ping_status":"open","sticky":false,"template":"","format":"standard","meta":{"advanced_seo_description":"","jetpack_seo_html_title":"","jetpack_seo_noindex":false,"_jetpack_memberships_contains_paid_content":false,"footnotes":""},"categories":[15],"tags":[],"class_list":["post-75926","post","type-post","status-publish","format-standard","has-post-thumbnail","hentry","category-comunidad"],"jetpack_featured_media_url":"https:\/\/i0.wp.com\/eltrabajo.cl\/portal\/wp-content\/uploads\/2016\/12\/Nelson-Banados.jpg?fit=530%2C349&ssl=1","jetpack_sharing_enabled":true,"jetpack_likes_enabled":true,"jetpack-related-posts":[],"_links":{"self":[{"href":"https:\/\/eltrabajo.cl\/portal\/wp-json\/wp\/v2\/posts\/75926","targetHints":{"allow":["GET"]}}],"collection":[{"href":"https:\/\/eltrabajo.cl\/portal\/wp-json\/wp\/v2\/posts"}],"about":[{"href":"https:\/\/eltrabajo.cl\/portal\/wp-json\/wp\/v2\/types\/post"}],"author":[{"embeddable":true,"href":"https:\/\/eltrabajo.cl\/portal\/wp-json\/wp\/v2\/users\/1"}],"replies":[{"embeddable":true,"href":"https:\/\/eltrabajo.cl\/portal\/wp-json\/wp\/v2\/comments?post=75926"}],"version-history":[{"count":0,"href":"https:\/\/eltrabajo.cl\/portal\/wp-json\/wp\/v2\/posts\/75926\/revisions"}],"wp:featuredmedia":[{"embeddable":true,"href":"https:\/\/eltrabajo.cl\/portal\/wp-json\/wp\/v2\/media\/75928"}],"wp:attachment":[{"href":"https:\/\/eltrabajo.cl\/portal\/wp-json\/wp\/v2\/media?parent=75926"}],"wp:term":[{"taxonomy":"category","embeddable":true,"href":"https:\/\/eltrabajo.cl\/portal\/wp-json\/wp\/v2\/categories?post=75926"},{"taxonomy":"post_tag","embeddable":true,"href":"https:\/\/eltrabajo.cl\/portal\/wp-json\/wp\/v2\/tags?post=75926"}],"curies":[{"name":"wp","href":"https:\/\/api.w.org\/{rel}","templated":true}]}}