{"id":75945,"date":"2016-12-15T09:23:48","date_gmt":"2016-12-15T12:23:48","guid":{"rendered":"http:\/\/www.eltrabajo.cl\/portal\/?p=75945"},"modified":"2016-12-15T09:23:48","modified_gmt":"2016-12-15T12:23:48","slug":"casi-cuarenta-grados-soporto-el-valle-en-el-dia-mas-caluroso-en-chile","status":"publish","type":"post","link":"https:\/\/eltrabajo.cl\/portal\/casi-cuarenta-grados-soporto-el-valle-en-el-dia-mas-caluroso-en-chile\/","title":{"rendered":"Casi cuarenta grados soport\u00f3 el valle en el d\u00eda m\u00e1s caluroso en Chile"},"content":{"rendered":"<p>Casi cuarenta grados a la sombra se registraron ayer en el valle de Aconcagua, especialmente en Llay Llay donde la m\u00e1xima lleg\u00f3 a los 39.9 grados en horas de la tarde.<br \/>\nEn general el tema de conversaci\u00f3n obligado y la opini\u00f3n un\u00e1nime de las personas sobre la sensaci\u00f3n t\u00e9rmica que hab\u00eda en el centro de San Felipe, era de m\u00e1s de 40 grados, sin embargo los instrumentos alcanzaron a medir solo 37.7 grados, seg\u00fan informaba ayer en su cuenta de Twitter @aconcaguaclima, confirmando as\u00ed que somos de las comunas m\u00e1s calurosas de Chile, tanto es as\u00ed que somos visitados por canales de TV de Santiago para conocer y saber c\u00f3mo vivimos con estas altas temperaturas.<br \/>\nAyer tuvimos la visita de un canal que estuvo captando opiniones de sanfelipe\u00f1os, que en la hora de m\u00e1s calor, tres de tarde, disfrutaban de un helado para capearlo. Fue as\u00ed como hasta la tradicional helader\u00eda Olgu\u00edn lleg\u00f3 Megavisi\u00f3n para hacer una nota relativa a este fen\u00f3meno que rompi\u00f3 r\u00e9cord de los \u00faltimos 101 a\u00f1os al menos en la Regi\u00f3n Metropolitana.<br \/>\nManuel Vicencio, hombre que siempre est\u00e1 atento al clima y que maneja precisamente la cuenta de twitter @aconcaguaclima, dice que hace mucho tiempo no se registraban temperaturas tan altas en el Valle de Aconcagua en general, pese a que los term\u00f3metros no marcaron m\u00e1s de cuarenta grados, la mayoria de las personas tuvieron la sensaci\u00f3n t\u00e9rmica que se superaba esa marca.<br \/>\nVicencio dice que a los indicadores hay que agregarles uno o dos grados m\u00e1s.<br \/>\n\u00abEra impresionante la sensaci\u00f3n t\u00e9rmica en el centro de la ciudad de San Felipe, yo me di una vuelta por la ciudad y el calor era espantoso\u00bb, dice un sanfelipe\u00f1o que prefiere mantener el anonimato.<br \/>\nOtro nos cuenta que para capear consume harta agua nada m\u00e1s o se va a sentar un rato a la plaza.<br \/>\n\u00abMucho calor hoy d\u00eda (ayer), parece que ten\u00edan harta raz\u00f3n los meteor\u00f3logos, cuando dijeron que este d\u00eda iba a ser el m\u00e1s caluroso, aunque en San Felipe estamos acostumbrados, si los que vienen de afuera se extra\u00f1an\u2026 se asustan; yo con mi heladito para qu\u00e9 quiero m\u00e1s\u00bb , dice Julio.<br \/>\n\u00abUff\u2026 estoy pa\u2019 la c\u2026realmente mucho calor hoy d\u00eda, insoportable, ha sido demasiado, no pens\u00e9 que fuera tanto, ando con el cuerpo cortado jajajaja\u00bb, nos se\u00f1al\u00f3 otro vecino llamado Ra\u00fal.<br \/>\n\u00abQu\u00e9 manera de hacer calor hoy d\u00eda, mucho calor, deben haber hecho m\u00e1s de cuarenta grados\u00bb, agrega el Charro Papudano.<br \/>\n\u00abMucho calor, realmente mucho calor, insoportable, lo tuve que capear a la sombra debajo de un palto\u00bb, nos dice V\u00edctor.<br \/>\nEn definitiva, si pudi\u00e9ramos hacer un podio con las comunas que registraron altas temperaturas en este d\u00eda mi\u00e9rcoles 14 de diciembre, el primer lugar lo sigue teniendo Llay-Llay con casi 40 grados a la sombra, seguido de cerca por Santa Mar\u00eda que en un fallo fotogr\u00e1fico le gana por s\u00f3lo tres d\u00e9cimas a San Felipe, eso es lo que marcaron los term\u00f3metros.<br \/>\nSeg\u00fan @aconcaguaclima, las temperaturas m\u00e1ximas que se registraron en el Valle de Aconcagua fueron las siguientes: Calle Larga 37.0; Curimon 36.8; Llay Llay 39.8; Panquehue 34.9; Putaendo 35.4; Rinconada de Los Andes 37.3; San Esteban 36.6; San Felipe 37.7 y Santa Mar\u00eda 38 grados.<\/p>\n<figure id=\"attachment_75946\" aria-describedby=\"caption-attachment-75946\" style=\"width: 530px\" class=\"wp-caption alignleft\"><a href=\"http:\/\/www.eltrabajo.cl\/portal\/casi-cuarenta-grados-soporto-el-valle-en-el-dia-mas-caluroso-en-chile\/hugo-olguin\/\" rel=\"attachment wp-att-75946\"><img data-recalc-dims=\"1\" loading=\"lazy\" decoding=\"async\" class=\"size-full wp-image-75946\" src=\"https:\/\/i0.wp.com\/www.eltrabajo.cl\/portal\/wp-content\/uploads\/2016\/12\/hugo-olguin.jpg?resize=530%2C350\" alt=\"El conocido empresario Hugo Olgu\u00edn, de Helados Olgu\u00edn, recibi\u00f3 la visita de un equipo de Ahora Noticias de Mega para una nota informativa por las altas temperaturas registradas en la zona.\" width=\"530\" height=\"350\" srcset=\"https:\/\/i0.wp.com\/eltrabajo.cl\/portal\/wp-content\/uploads\/2016\/12\/hugo-olguin.jpg?w=530&amp;ssl=1 530w, https:\/\/i0.wp.com\/eltrabajo.cl\/portal\/wp-content\/uploads\/2016\/12\/hugo-olguin.jpg?resize=200%2C132&amp;ssl=1 200w, https:\/\/i0.wp.com\/eltrabajo.cl\/portal\/wp-content\/uploads\/2016\/12\/hugo-olguin.jpg?resize=300%2C198&amp;ssl=1 300w, https:\/\/i0.wp.com\/eltrabajo.cl\/portal\/wp-content\/uploads\/2016\/12\/hugo-olguin.jpg?resize=227%2C150&amp;ssl=1 227w, https:\/\/i0.wp.com\/eltrabajo.cl\/portal\/wp-content\/uploads\/2016\/12\/hugo-olguin.jpg?resize=400%2C264&amp;ssl=1 400w\" sizes=\"auto, (max-width: 530px) 100vw, 530px\" \/><\/a><figcaption id=\"caption-attachment-75946\" class=\"wp-caption-text\">El conocido empresario Hugo Olgu\u00edn, de Helados Olgu\u00edn, recibi\u00f3 la visita de un equipo de Ahora Noticias de Mega para una nota informativa por las altas temperaturas registradas en la zona.<\/figcaption><\/figure>\n<figure id=\"attachment_75947\" aria-describedby=\"caption-attachment-75947\" style=\"width: 530px\" class=\"wp-caption alignleft\"><a href=\"http:\/\/www.eltrabajo.cl\/portal\/casi-cuarenta-grados-soporto-el-valle-en-el-dia-mas-caluroso-en-chile\/llayllay39grados\/\" rel=\"attachment wp-att-75947\"><img data-recalc-dims=\"1\" loading=\"lazy\" decoding=\"async\" class=\"size-full wp-image-75947\" src=\"https:\/\/i0.wp.com\/www.eltrabajo.cl\/portal\/wp-content\/uploads\/2016\/12\/llayllay39grados.jpg?resize=530%2C350\" alt=\"En Llay Llay, Oscar Meneses registr\u00f3 39 grados a las 12,59 minutos, cifra que se elevar\u00eda a 39,9\u00ba en horas de la tarde.\" width=\"530\" height=\"350\" srcset=\"https:\/\/i0.wp.com\/eltrabajo.cl\/portal\/wp-content\/uploads\/2016\/12\/llayllay39grados.jpg?w=530&amp;ssl=1 530w, https:\/\/i0.wp.com\/eltrabajo.cl\/portal\/wp-content\/uploads\/2016\/12\/llayllay39grados.jpg?resize=200%2C132&amp;ssl=1 200w, https:\/\/i0.wp.com\/eltrabajo.cl\/portal\/wp-content\/uploads\/2016\/12\/llayllay39grados.jpg?resize=300%2C198&amp;ssl=1 300w, https:\/\/i0.wp.com\/eltrabajo.cl\/portal\/wp-content\/uploads\/2016\/12\/llayllay39grados.jpg?resize=227%2C150&amp;ssl=1 227w, https:\/\/i0.wp.com\/eltrabajo.cl\/portal\/wp-content\/uploads\/2016\/12\/llayllay39grados.jpg?resize=400%2C264&amp;ssl=1 400w\" sizes=\"auto, (max-width: 530px) 100vw, 530px\" \/><\/a><figcaption id=\"caption-attachment-75947\" class=\"wp-caption-text\">En Llay Llay, Oscar Meneses registr\u00f3 39 grados a las 12,59 minutos, cifra que se elevar\u00eda a 39,9\u00ba en horas de la tarde.<\/figcaption><\/figure>\n<figure id=\"attachment_75948\" aria-describedby=\"caption-attachment-75948\" style=\"width: 530px\" class=\"wp-caption alignleft\"><a href=\"http:\/\/www.eltrabajo.cl\/portal\/casi-cuarenta-grados-soporto-el-valle-en-el-dia-mas-caluroso-en-chile\/ola-de-calor-2\/\" rel=\"attachment wp-att-75948\"><img data-recalc-dims=\"1\" loading=\"lazy\" decoding=\"async\" class=\"size-full wp-image-75948\" src=\"https:\/\/i0.wp.com\/www.eltrabajo.cl\/portal\/wp-content\/uploads\/2016\/12\/ola-de-calor.jpg?resize=530%2C349\" alt=\"INFIERNO EN LAS CALLES.- Casi cuarenta grados a la sombra se registraron ayer en el valle de Aconcagua, especialmente en Llay Llay donde la m\u00e1xima lleg\u00f3 a los 39.9 grados. En San Felipe fue 37.7 grados y hasta la Plaza de Armas llegaron muchos sanfelipe\u00f1os con bebidas o helados para capear el intenso calor.\" width=\"530\" height=\"349\" srcset=\"https:\/\/i0.wp.com\/eltrabajo.cl\/portal\/wp-content\/uploads\/2016\/12\/ola-de-calor.jpg?w=530&amp;ssl=1 530w, https:\/\/i0.wp.com\/eltrabajo.cl\/portal\/wp-content\/uploads\/2016\/12\/ola-de-calor.jpg?resize=200%2C132&amp;ssl=1 200w, https:\/\/i0.wp.com\/eltrabajo.cl\/portal\/wp-content\/uploads\/2016\/12\/ola-de-calor.jpg?resize=300%2C198&amp;ssl=1 300w, https:\/\/i0.wp.com\/eltrabajo.cl\/portal\/wp-content\/uploads\/2016\/12\/ola-de-calor.jpg?resize=228%2C150&amp;ssl=1 228w, https:\/\/i0.wp.com\/eltrabajo.cl\/portal\/wp-content\/uploads\/2016\/12\/ola-de-calor.jpg?resize=400%2C263&amp;ssl=1 400w\" sizes=\"auto, (max-width: 530px) 100vw, 530px\" \/><\/a><figcaption id=\"caption-attachment-75948\" class=\"wp-caption-text\">INFIERNO EN LAS CALLES.- Casi cuarenta grados a la sombra se registraron ayer en el valle de Aconcagua, especialmente en Llay Llay donde la m\u00e1xima lleg\u00f3 a los 39.9 grados. En San Felipe fue 37.7 grados y hasta la Plaza de Armas llegaron muchos sanfelipe\u00f1os con bebidas o helados para capear el intenso calor.<\/figcaption><\/figure>\n","protected":false},"excerpt":{"rendered":"<p>Casi cuarenta grados a la sombra se registraron ayer en el valle de Aconcagua, especialmente en Llay Llay donde la m\u00e1xima lleg\u00f3 a los 39.9 grados en horas de la tarde. En&#8230;<\/p>\n","protected":false},"author":1,"featured_media":75948,"comment_status":"open","ping_status":"open","sticky":false,"template":"","format":"standard","meta":{"advanced_seo_description":"","jetpack_seo_html_title":"","jetpack_seo_noindex":false,"_jetpack_memberships_contains_paid_content":false,"footnotes":""},"categories":[1],"tags":[],"class_list":["post-75945","post","type-post","status-publish","format-standard","has-post-thumbnail","hentry","category-cronica"],"jetpack_featured_media_url":"https:\/\/i0.wp.com\/eltrabajo.cl\/portal\/wp-content\/uploads\/2016\/12\/ola-de-calor.jpg?fit=530%2C349&ssl=1","jetpack_sharing_enabled":true,"jetpack_likes_enabled":true,"jetpack-related-posts":[],"_links":{"self":[{"href":"https:\/\/eltrabajo.cl\/portal\/wp-json\/wp\/v2\/posts\/75945","targetHints":{"allow":["GET"]}}],"collection":[{"href":"https:\/\/eltrabajo.cl\/portal\/wp-json\/wp\/v2\/posts"}],"about":[{"href":"https:\/\/eltrabajo.cl\/portal\/wp-json\/wp\/v2\/types\/post"}],"author":[{"embeddable":true,"href":"https:\/\/eltrabajo.cl\/portal\/wp-json\/wp\/v2\/users\/1"}],"replies":[{"embeddable":true,"href":"https:\/\/eltrabajo.cl\/portal\/wp-json\/wp\/v2\/comments?post=75945"}],"version-history":[{"count":0,"href":"https:\/\/eltrabajo.cl\/portal\/wp-json\/wp\/v2\/posts\/75945\/revisions"}],"wp:featuredmedia":[{"embeddable":true,"href":"https:\/\/eltrabajo.cl\/portal\/wp-json\/wp\/v2\/media\/75948"}],"wp:attachment":[{"href":"https:\/\/eltrabajo.cl\/portal\/wp-json\/wp\/v2\/media?parent=75945"}],"wp:term":[{"taxonomy":"category","embeddable":true,"href":"https:\/\/eltrabajo.cl\/portal\/wp-json\/wp\/v2\/categories?post=75945"},{"taxonomy":"post_tag","embeddable":true,"href":"https:\/\/eltrabajo.cl\/portal\/wp-json\/wp\/v2\/tags?post=75945"}],"curies":[{"name":"wp","href":"https:\/\/api.w.org\/{rel}","templated":true}]}}