{"id":75951,"date":"2016-12-16T08:50:30","date_gmt":"2016-12-16T11:50:30","guid":{"rendered":"http:\/\/www.eltrabajo.cl\/portal\/?p=75951"},"modified":"2016-12-16T08:50:30","modified_gmt":"2016-12-16T11:50:30","slug":"alumnos-del-greenland-se-adjudicaron-beca-para-pasantia-en-nueva-zelanda","status":"publish","type":"post","link":"https:\/\/eltrabajo.cl\/portal\/alumnos-del-greenland-se-adjudicaron-beca-para-pasantia-en-nueva-zelanda\/","title":{"rendered":"Alumnos del Greenland se adjudicaron beca para pasant\u00eda en Nueva Zelanda"},"content":{"rendered":"<ul>\n<li><strong><span style=\"color: #ff0000;\">Programa \u2018Ping\u00fcinos sin Fronteras\u2019 de Corfo:<\/span>\u00a0De los cerca de 50 j\u00f3venes que son escogidos a nivel nacional, s\u00f3lo 5 de ellos son de la Regi\u00f3n de Valpara\u00edso y 2 de San Felipe. Los muchachos estar\u00e1n cinco meses en Ocean\u00eda.<\/strong><\/li>\n<\/ul>\n<p>Francisco Arias y Javier Valenzuela -de 16 a\u00f1os- tendr\u00e1n una oportunidad que muchos alumnos de ense\u00f1anza media quisieran. Ambos estudiantes promovidos a tercer a\u00f1o medio del Colegio Greenland de San Felipe, viajar\u00e1n por 5 meses a Nueva Zelanda, luego de adjudicarse las becas que otorga el programa de la Corporaci\u00f3n de Fomento de la Producci\u00f3n, Corfo \u2018Ping\u00fcinos sin Fronteras\u2019.<br \/>\nEste concurso, selecciona a cinco estudiantes de cada regi\u00f3n, financiando pasant\u00edas escolares para alumnos de ense\u00f1anza media de colegios y liceos municipales, en administraci\u00f3n delegada y particulares subvencionados, a pa\u00edses de habla inglesa con econom\u00edas desarrolladas y altos \u00edndices de innovaci\u00f3n.<br \/>\nAlgunos de los objetivos delineados por Corfo, a trav\u00e9s de este proyecto, son que; los j\u00f3venes reciban una formaci\u00f3n integral e innovadora, que mejoren su dominio del idioma ingl\u00e9s, su capital socio-cultural y que adquieran una visi\u00f3n global que les permita luego, participar y contribuir exitosamente en su entorno, impulsando la competitividad por medio de la innovaci\u00f3n y el desarrollo social, econ\u00f3mico y cultural de sus regiones y del pa\u00eds.<br \/>\nPrecisamente, \u00e9sta es una de las metas que se ha trazado Francisco: \u201cconocer el estilo de vida de un pa\u00eds desarrollado, ver si podemos traer ideas y aplicarlas ac\u00e1 para lograr algunos cambios o d\u00e1rselas a conocer a la gente para hacer mejor la vida ac\u00e1\u201d, advirti\u00f3 el adolescente.<br \/>\nDe acuerdo a lo manifestado por Arias, el proceso de selecci\u00f3n comenz\u00f3 con la postulaci\u00f3n de 4 alumnos del mismo curso, para luego pasar a rendir pruebas psicol\u00f3gicas y del manejo del idioma ingl\u00e9s, espec\u00edficamente; comprensi\u00f3n lectora, auditiva y tambi\u00e9n Gram\u00e1tica.<br \/>\nEn el caso de Javier, el muchacho reconoci\u00f3 que \u201cfue una gran emoci\u00f3n para m\u00ed y mi familia, aunque ya quieren que me vaya\u201d, afirm\u00f3 en tono de humorada, para continuar diciendo que \u201cprimero sent\u00ed mucha emoci\u00f3n, pero luego nervios por saber qu\u00e9 pasar\u00e1 all\u00e1, c\u00f3mo ser\u00e1 mi familia y el colegio\u201d, puntualiz\u00f3 el adolescente, precisando que a\u00fan no conocen detalles de las personas que los acoger\u00e1n en Nueva Zelanda, y que, estar\u00edan partiendo el 31 de enero o el 1 de febrero.<br \/>\nEl gobernador de la Provincia de San Felipe, Eduardo Le\u00f3n, mostr\u00f3 plena satisfacci\u00f3n de poder contar con un establecimiento en la zona que les entregue las herramientas necesarias a sus estudiantes, para poder ser seleccionados dentro de un gran n\u00famero de postulantes a nivel nacional<br \/>\n\u201cEsta beca de Corfo que tiene a 2 representantes de Aconcagua, nos tiene muy contentos, es parte del impulso que est\u00e1 realizando el Gobierno para emparejar la cancha, nosotros creemos que en todas partes hay gente con talento y ellos ser\u00e1n nuestros embajadores\u201d, decret\u00f3 la m\u00e1xima autoridad provincial, destacando adem\u00e1s que este premio, debiera transformarse en un incentivo para el resto de establecimientos educacionales y alumnos de ense\u00f1anza media del Valle.<\/p>\n<figure id=\"attachment_75952\" aria-describedby=\"caption-attachment-75952\" style=\"width: 530px\" class=\"wp-caption alignleft\"><a href=\"http:\/\/www.eltrabajo.cl\/portal\/alumnos-del-greenland-se-adjudicaron-beca-para-pasantia-en-nueva-zelanda\/foto-1-gobernador-eduardo-leon\/\" rel=\"attachment wp-att-75952\"><img data-recalc-dims=\"1\" loading=\"lazy\" decoding=\"async\" class=\"size-full wp-image-75952\" src=\"https:\/\/i0.wp.com\/www.eltrabajo.cl\/portal\/wp-content\/uploads\/2016\/12\/Foto-1-Gobernador-Eduardo-Le%C3%B3n.jpg?resize=530%2C350\" alt=\"Gobernador de la Provincia de San Felipe, Eduardo Le\u00f3n, entreg\u00f3 reconocimientos a los dos j\u00f3venes -y sus respectivas familias- que se adjudicaron una pasant\u00eda en Nueva Zelanda.\" width=\"530\" height=\"350\" srcset=\"https:\/\/i0.wp.com\/eltrabajo.cl\/portal\/wp-content\/uploads\/2016\/12\/Foto-1-Gobernador-Eduardo-Le%C3%B3n.jpg?w=530&amp;ssl=1 530w, https:\/\/i0.wp.com\/eltrabajo.cl\/portal\/wp-content\/uploads\/2016\/12\/Foto-1-Gobernador-Eduardo-Le%C3%B3n.jpg?resize=200%2C132&amp;ssl=1 200w, https:\/\/i0.wp.com\/eltrabajo.cl\/portal\/wp-content\/uploads\/2016\/12\/Foto-1-Gobernador-Eduardo-Le%C3%B3n.jpg?resize=300%2C198&amp;ssl=1 300w, https:\/\/i0.wp.com\/eltrabajo.cl\/portal\/wp-content\/uploads\/2016\/12\/Foto-1-Gobernador-Eduardo-Le%C3%B3n.jpg?resize=227%2C150&amp;ssl=1 227w, https:\/\/i0.wp.com\/eltrabajo.cl\/portal\/wp-content\/uploads\/2016\/12\/Foto-1-Gobernador-Eduardo-Le%C3%B3n.jpg?resize=400%2C264&amp;ssl=1 400w\" sizes=\"auto, (max-width: 530px) 100vw, 530px\" \/><\/a><figcaption id=\"caption-attachment-75952\" class=\"wp-caption-text\">Gobernador de la Provincia de San Felipe, Eduardo Le\u00f3n, entreg\u00f3 reconocimientos a los dos j\u00f3venes -y sus respectivas familias- que se adjudicaron una pasant\u00eda en Nueva Zelanda.<\/figcaption><\/figure>\n<figure id=\"attachment_75953\" aria-describedby=\"caption-attachment-75953\" style=\"width: 530px\" class=\"wp-caption alignleft\"><a href=\"http:\/\/www.eltrabajo.cl\/portal\/alumnos-del-greenland-se-adjudicaron-beca-para-pasantia-en-nueva-zelanda\/foto-3-francisco-arias-y-javier-valenzuela\/\" rel=\"attachment wp-att-75953\"><img data-recalc-dims=\"1\" loading=\"lazy\" decoding=\"async\" class=\"size-full wp-image-75953\" src=\"https:\/\/i0.wp.com\/www.eltrabajo.cl\/portal\/wp-content\/uploads\/2016\/12\/Foto-3-Francisco-Arias-y-Javier-Valenzuela.jpg?resize=530%2C348\" alt=\"Francisco Arias (a la derecha) y Javier Valenzuela (a la izquierda), con s\u00f3lo 16 a\u00f1os tendr\u00e1n la posibilidad de estudiar 5 meses en uno de los pa\u00edses m\u00e1s desarrollados del mundo.\" width=\"530\" height=\"348\" srcset=\"https:\/\/i0.wp.com\/eltrabajo.cl\/portal\/wp-content\/uploads\/2016\/12\/Foto-3-Francisco-Arias-y-Javier-Valenzuela.jpg?w=530&amp;ssl=1 530w, https:\/\/i0.wp.com\/eltrabajo.cl\/portal\/wp-content\/uploads\/2016\/12\/Foto-3-Francisco-Arias-y-Javier-Valenzuela.jpg?resize=200%2C131&amp;ssl=1 200w, https:\/\/i0.wp.com\/eltrabajo.cl\/portal\/wp-content\/uploads\/2016\/12\/Foto-3-Francisco-Arias-y-Javier-Valenzuela.jpg?resize=300%2C197&amp;ssl=1 300w, https:\/\/i0.wp.com\/eltrabajo.cl\/portal\/wp-content\/uploads\/2016\/12\/Foto-3-Francisco-Arias-y-Javier-Valenzuela.jpg?resize=228%2C150&amp;ssl=1 228w, https:\/\/i0.wp.com\/eltrabajo.cl\/portal\/wp-content\/uploads\/2016\/12\/Foto-3-Francisco-Arias-y-Javier-Valenzuela.jpg?resize=400%2C263&amp;ssl=1 400w\" sizes=\"auto, (max-width: 530px) 100vw, 530px\" \/><\/a><figcaption id=\"caption-attachment-75953\" class=\"wp-caption-text\">Francisco Arias (a la derecha) y Javier Valenzuela (a la izquierda), con s\u00f3lo 16 a\u00f1os tendr\u00e1n la posibilidad de estudiar 5 meses en uno de los pa\u00edses m\u00e1s desarrollados del mundo.<\/figcaption><\/figure>\n","protected":false},"excerpt":{"rendered":"<p>Programa \u2018Ping\u00fcinos sin Fronteras\u2019 de Corfo:\u00a0De los cerca de 50 j\u00f3venes que son escogidos a nivel nacional, s\u00f3lo 5 de ellos son de la Regi\u00f3n de Valpara\u00edso y 2 de San Felipe&#8230;.<\/p>\n","protected":false},"author":1,"featured_media":75953,"comment_status":"open","ping_status":"open","sticky":false,"template":"","format":"standard","meta":{"advanced_seo_description":"","jetpack_seo_html_title":"","jetpack_seo_noindex":false,"_jetpack_memberships_contains_paid_content":false,"footnotes":""},"categories":[1],"tags":[],"class_list":["post-75951","post","type-post","status-publish","format-standard","has-post-thumbnail","hentry","category-cronica"],"jetpack_featured_media_url":"https:\/\/i0.wp.com\/eltrabajo.cl\/portal\/wp-content\/uploads\/2016\/12\/Foto-3-Francisco-Arias-y-Javier-Valenzuela.jpg?fit=530%2C348&ssl=1","jetpack_sharing_enabled":true,"jetpack_likes_enabled":true,"jetpack-related-posts":[],"_links":{"self":[{"href":"https:\/\/eltrabajo.cl\/portal\/wp-json\/wp\/v2\/posts\/75951","targetHints":{"allow":["GET"]}}],"collection":[{"href":"https:\/\/eltrabajo.cl\/portal\/wp-json\/wp\/v2\/posts"}],"about":[{"href":"https:\/\/eltrabajo.cl\/portal\/wp-json\/wp\/v2\/types\/post"}],"author":[{"embeddable":true,"href":"https:\/\/eltrabajo.cl\/portal\/wp-json\/wp\/v2\/users\/1"}],"replies":[{"embeddable":true,"href":"https:\/\/eltrabajo.cl\/portal\/wp-json\/wp\/v2\/comments?post=75951"}],"version-history":[{"count":0,"href":"https:\/\/eltrabajo.cl\/portal\/wp-json\/wp\/v2\/posts\/75951\/revisions"}],"wp:featuredmedia":[{"embeddable":true,"href":"https:\/\/eltrabajo.cl\/portal\/wp-json\/wp\/v2\/media\/75953"}],"wp:attachment":[{"href":"https:\/\/eltrabajo.cl\/portal\/wp-json\/wp\/v2\/media?parent=75951"}],"wp:term":[{"taxonomy":"category","embeddable":true,"href":"https:\/\/eltrabajo.cl\/portal\/wp-json\/wp\/v2\/categories?post=75951"},{"taxonomy":"post_tag","embeddable":true,"href":"https:\/\/eltrabajo.cl\/portal\/wp-json\/wp\/v2\/tags?post=75951"}],"curies":[{"name":"wp","href":"https:\/\/api.w.org\/{rel}","templated":true}]}}