{"id":75956,"date":"2016-12-16T08:57:31","date_gmt":"2016-12-16T11:57:31","guid":{"rendered":"http:\/\/www.eltrabajo.cl\/portal\/?p=75956"},"modified":"2016-12-16T08:57:31","modified_gmt":"2016-12-16T11:57:31","slug":"el-infierno-esta-en-las-arenas-contaminadas","status":"publish","type":"post","link":"https:\/\/eltrabajo.cl\/portal\/el-infierno-esta-en-las-arenas-contaminadas\/","title":{"rendered":"El infierno est\u00e1 en las arenas contaminadas"},"content":{"rendered":"<h3>\u00abDe las peores amenazas que vemos a diario, la del poder del dinero unido a la absoluta falta de sentido moral, es siempre la de m\u00e1s funestas consecuencias\u00bb.<\/h3>\n<p>No, no son las altas temperaturas ni el cambio clim\u00e1tico el m\u00e1s grave de los riesgos que aqueja a nuestra provincia, a la ciudad de San Felipe. Es una vez m\u00e1s, la estupidez humana\u2026 la avidez en una de sus m\u00e1s viles formas, la que oscurece nuestro cielo y sobrevuela como ave nocturna buscando su presa. De las peores amenazas que vemos a diario, la del poder del dinero unido a la absoluta falta de sentido moral, es siempre la de m\u00e1s funestas consecuencias. Porque llamar \u00abdesarrollo econ\u00f3mico\u00bb al proyecto, a la acci\u00f3n delictual de traer 600 toneladas de tierra contaminada a San Felipe, excede los l\u00edmites de lo permisible, sano y honesto. Ninguna ciudad resistir\u00eda el embate de 45 camiones diarios, durante 8 a\u00f1os, atravesando nuestro valle. La poluci\u00f3n que eso significa acabar\u00eda con la salud de la poblaci\u00f3n. Y esto unido a otros factores como el calor, el fr\u00edo, la sequ\u00eda. \u00a1Para qu\u00e9 seguir hablando de reformas educacionales, de salud, de cultura, si todo est\u00e1 supeditado al desarrollo econ\u00f3mico, a los intereses de los grupos de poder que arrasan con los sue\u00f1os y las esperanzas de los pueblos. Sabemos que el benceno, uno de los productos derivados del petr\u00f3leo, al ser removido contamina el aire. Eso ocurrir\u00eda en los 115 Km. que distan de Vi\u00f1a del Mar a San Felipe- Durante m\u00e1s de 100 a\u00f1os destruyeron en nombre del progreso, la ciudad , la tierra de Vi\u00f1a del Mar, considerada una de las ciudades mejores del mundo para vivir. Ahora pretenden hacer lo mismo en nuestra f\u00e9rtil provincia. Las declaraciones del intendente y sus Seremis, lo dejan en evidencia. Una visi\u00f3n de mundo invadida por la tecnocracia, y donde prima lo econ\u00f3mico por sobre la vida humana, es de la que tenemos que defendernos. La defensa de la tierra y de la vida, sobre, y bajo ella. Porque ya la historia nos ha reconocido como la ciudad tres veces heroica, ahora lo seremos por una cuarta. No permitiremos que los agiotistas triunfen por sobre el bien com\u00fan y provoquen una cat\u00e1strofe ecol\u00f3gica y humana de impredecibles alcances y consecuencias.<\/p>\n<p><strong>Por Olga Lolas Nazrala<\/strong><\/p>\n<figure id=\"attachment_75957\" aria-describedby=\"caption-attachment-75957\" style=\"width: 530px\" class=\"wp-caption alignleft\"><a href=\"http:\/\/www.eltrabajo.cl\/portal\/el-infierno-esta-en-las-arenas-contaminadas\/protesta-arenas-con-cancer\/\" rel=\"attachment wp-att-75957\"><img data-recalc-dims=\"1\" loading=\"lazy\" decoding=\"async\" class=\"size-full wp-image-75957\" src=\"https:\/\/i0.wp.com\/www.eltrabajo.cl\/portal\/wp-content\/uploads\/2016\/12\/protesta-arenas-con-cancer.jpg?resize=530%2C349\" alt=\"Los vecinos de Algarobal y Hacienda de Quilpu\u00e9 fueron los primeros en movilizarse, aunque este es un problema que afecta a todo el Valle de Aconcagua.\" width=\"530\" height=\"349\" srcset=\"https:\/\/i0.wp.com\/eltrabajo.cl\/portal\/wp-content\/uploads\/2016\/12\/protesta-arenas-con-cancer.jpg?w=530&amp;ssl=1 530w, https:\/\/i0.wp.com\/eltrabajo.cl\/portal\/wp-content\/uploads\/2016\/12\/protesta-arenas-con-cancer.jpg?resize=200%2C132&amp;ssl=1 200w, https:\/\/i0.wp.com\/eltrabajo.cl\/portal\/wp-content\/uploads\/2016\/12\/protesta-arenas-con-cancer.jpg?resize=300%2C198&amp;ssl=1 300w, https:\/\/i0.wp.com\/eltrabajo.cl\/portal\/wp-content\/uploads\/2016\/12\/protesta-arenas-con-cancer.jpg?resize=228%2C150&amp;ssl=1 228w, https:\/\/i0.wp.com\/eltrabajo.cl\/portal\/wp-content\/uploads\/2016\/12\/protesta-arenas-con-cancer.jpg?resize=400%2C263&amp;ssl=1 400w\" sizes=\"auto, (max-width: 530px) 100vw, 530px\" \/><\/a><figcaption id=\"caption-attachment-75957\" class=\"wp-caption-text\">Los vecinos de Algarobal y Hacienda de Quilpu\u00e9 fueron los primeros en movilizarse, aunque este es un problema que afecta a todo el Valle de Aconcagua.<\/figcaption><\/figure>\n","protected":false},"excerpt":{"rendered":"<p>\u00abDe las peores amenazas que vemos a diario, la del poder del dinero unido a la absoluta falta de sentido moral, es siempre la de m\u00e1s funestas consecuencias\u00bb. No, no son las&#8230;<\/p>\n","protected":false},"author":1,"featured_media":75957,"comment_status":"open","ping_status":"open","sticky":false,"template":"","format":"standard","meta":{"advanced_seo_description":"","jetpack_seo_html_title":"","jetpack_seo_noindex":false,"_jetpack_memberships_contains_paid_content":false,"footnotes":""},"categories":[32],"tags":[],"class_list":["post-75956","post","type-post","status-publish","format-standard","has-post-thumbnail","hentry","category-opinion"],"jetpack_featured_media_url":"https:\/\/i0.wp.com\/eltrabajo.cl\/portal\/wp-content\/uploads\/2016\/12\/protesta-arenas-con-cancer.jpg?fit=530%2C349&ssl=1","jetpack_sharing_enabled":true,"jetpack_likes_enabled":true,"jetpack-related-posts":[],"_links":{"self":[{"href":"https:\/\/eltrabajo.cl\/portal\/wp-json\/wp\/v2\/posts\/75956","targetHints":{"allow":["GET"]}}],"collection":[{"href":"https:\/\/eltrabajo.cl\/portal\/wp-json\/wp\/v2\/posts"}],"about":[{"href":"https:\/\/eltrabajo.cl\/portal\/wp-json\/wp\/v2\/types\/post"}],"author":[{"embeddable":true,"href":"https:\/\/eltrabajo.cl\/portal\/wp-json\/wp\/v2\/users\/1"}],"replies":[{"embeddable":true,"href":"https:\/\/eltrabajo.cl\/portal\/wp-json\/wp\/v2\/comments?post=75956"}],"version-history":[{"count":0,"href":"https:\/\/eltrabajo.cl\/portal\/wp-json\/wp\/v2\/posts\/75956\/revisions"}],"wp:featuredmedia":[{"embeddable":true,"href":"https:\/\/eltrabajo.cl\/portal\/wp-json\/wp\/v2\/media\/75957"}],"wp:attachment":[{"href":"https:\/\/eltrabajo.cl\/portal\/wp-json\/wp\/v2\/media?parent=75956"}],"wp:term":[{"taxonomy":"category","embeddable":true,"href":"https:\/\/eltrabajo.cl\/portal\/wp-json\/wp\/v2\/categories?post=75956"},{"taxonomy":"post_tag","embeddable":true,"href":"https:\/\/eltrabajo.cl\/portal\/wp-json\/wp\/v2\/tags?post=75956"}],"curies":[{"name":"wp","href":"https:\/\/api.w.org\/{rel}","templated":true}]}}